{"id":1192,"date":"2018-02-26T20:58:13","date_gmt":"2018-02-26T19:58:13","guid":{"rendered":"http:\/\/www.frohsinn-pudel.de\/?p=1192"},"modified":"2018-02-26T20:58:13","modified_gmt":"2018-02-26T19:58:13","slug":"carlo-1-berichtet","status":"publish","type":"post","link":"https:\/\/www.frohsinn-pudel.de\/?p=1192","title":{"rendered":"Carlo 1 berichtet"},"content":{"rendered":"<div>Hallo Elke,<\/div>\n<div><\/div>\n<div>Wir wollten uns noch mal melden und berichten wie es Carlo geht. <img decoding=\"async\" class=\"CToWUd\" src=\"https:\/\/mail.google.com\/mail\/e\/1f60a\" alt=\"\ud83d\ude0a\" data-goomoji=\"1f60a\" \/><\/div>\n<div>Er wiegt jetzt 9.700 gr und wir haben das Gef\u00fchl er k\u00f6nnte immer essen. Hilfe!! Die Welpenschule ist jetzt vorbei und wir warten auf eine\u00a0 Junghundekurs, Carlo hat viel Spass mit seinen Hundefreunden!<\/div>\n<div>Wir waren mit ihm \u00fcber Karneval im Saarland, es hat alles prima geklappt, er zeigt sich immer von der Besten Seite. <img decoding=\"async\" class=\"CToWUd\" src=\"https:\/\/mail.google.com\/mail\/e\/1f601\" alt=\"\ud83d\ude01\" data-goomoji=\"1f601\" \/> Wir versuchen ihn \u00fcberallhin mitzunehmen, damit er vieles kennen lernt und keine Angst hat.<\/div>\n<div><a href=\"https:\/\/www.frohsinn-pudel.de\/wp-content\/uploads\/2018\/02\/20180210_133652.jpg\"><img loading=\"lazy\" decoding=\"async\" class=\"alignnone size-medium wp-image-1194\" src=\"https:\/\/www.frohsinn-pudel.de\/wp-content\/uploads\/2018\/02\/20180210_133652-225x300.jpg\" alt=\"\" width=\"225\" height=\"300\" srcset=\"https:\/\/www.frohsinn-pudel.de\/wp-content\/uploads\/2018\/02\/20180210_133652-225x300.jpg 225w, https:\/\/www.frohsinn-pudel.de\/wp-content\/uploads\/2018\/02\/20180210_133652.jpg 1440w\" sizes=\"auto, (max-width: 225px) 100vw, 225px\" \/><\/a><\/div>\n<div>Glaub jetzt fangen die Probleme mit den Z\u00e4hnen an, er hat beim Trockenfutter morgens schon mal Probleme, da kaut er sehr vorsichtig und das Zahnfleisch ist schon mal was ger\u00f6tet, der arme Kerl.<\/div>\n<div>Aber wir sind ganz happy mit Carlo und wenn wir mit ihm unterwegs sind, glaubt man uns nie, wenn wir sagen, er w\u00e4re ein Pudel.<\/div>\n<div><a href=\"https:\/\/www.frohsinn-pudel.de\/wp-content\/uploads\/2018\/02\/20180216_200016.jpg\"><img loading=\"lazy\" decoding=\"async\" class=\"alignnone size-medium wp-image-1195\" src=\"https:\/\/www.frohsinn-pudel.de\/wp-content\/uploads\/2018\/02\/20180216_200016-300x225.jpg\" alt=\"\" width=\"300\" height=\"225\" srcset=\"https:\/\/www.frohsinn-pudel.de\/wp-content\/uploads\/2018\/02\/20180216_200016-300x225.jpg 300w, https:\/\/www.frohsinn-pudel.de\/wp-content\/uploads\/2018\/02\/20180216_200016.jpg 1920w\" sizes=\"auto, (max-width: 300px) 100vw, 300px\" \/><\/a><\/div>\n<div>Wir hoffen bei Euch und Carlos Geschwistern ist auch alles gut.<\/div>\n<div>Bis bald und sch\u00f6ne Gr\u00fc\u00dfe an alle<\/div>\n<div>Nicole, Manfred und Louis mit Carlo<\/div>\n<div><a href=\"https:\/\/www.frohsinn-pudel.de\/wp-content\/uploads\/2018\/02\/20180220_103455.jpg\"><img loading=\"lazy\" decoding=\"async\" class=\"alignnone size-medium wp-image-1193\" src=\"https:\/\/www.frohsinn-pudel.de\/wp-content\/uploads\/2018\/02\/20180220_103455-181x300.jpg\" alt=\"\" width=\"181\" height=\"300\" srcset=\"https:\/\/www.frohsinn-pudel.de\/wp-content\/uploads\/2018\/02\/20180220_103455-181x300.jpg 181w, https:\/\/www.frohsinn-pudel.de\/wp-content\/uploads\/2018\/02\/20180220_103455.jpg 1157w\" sizes=\"auto, (max-width: 181px) 100vw, 181px\" \/><\/a><\/div>\n<div><\/div>\n","protected":false},"excerpt":{"rendered":"<p>Hallo Elke, Wir wollten uns noch mal melden und berichten wie es Carlo geht. Er wiegt jetzt 9.700 gr und [&hellip;]<\/p>\n","protected":false},"author":1,"featured_media":0,"comment_status":"closed","ping_status":"closed","sticky":false,"template":"","format":"standard","meta":{"footnotes":""},"categories":[1],"tags":[],"class_list":["post-1192","post","type-post","status-publish","format-standard","hentry","category-allgemein"],"_links":{"self":[{"href":"https:\/\/www.frohsinn-pudel.de\/index.php?rest_route=\/wp\/v2\/posts\/1192","targetHints":{"allow":["GET"]}}],"collection":[{"href":"https:\/\/www.frohsinn-pudel.de\/index.php?rest_route=\/wp\/v2\/posts"}],"about":[{"href":"https:\/\/www.frohsinn-pudel.de\/index.php?rest_route=\/wp\/v2\/types\/post"}],"author":[{"embeddable":true,"href":"https:\/\/www.frohsinn-pudel.de\/index.php?rest_route=\/wp\/v2\/users\/1"}],"replies":[{"embeddable":true,"href":"https:\/\/www.frohsinn-pudel.de\/index.php?rest_route=%2Fwp%2Fv2%2Fcomments&post=1192"}],"version-history":[{"count":1,"href":"https:\/\/www.frohsinn-pudel.de\/index.php?rest_route=\/wp\/v2\/posts\/1192\/revisions"}],"predecessor-version":[{"id":1197,"href":"https:\/\/www.frohsinn-pudel.de\/index.php?rest_route=\/wp\/v2\/posts\/1192\/revisions\/1197"}],"wp:attachment":[{"href":"https:\/\/www.frohsinn-pudel.de\/index.php?rest_route=%2Fwp%2Fv2%2Fmedia&parent=1192"}],"wp:term":[{"taxonomy":"category","embeddable":true,"href":"https:\/\/www.frohsinn-pudel.de\/index.php?rest_route=%2Fwp%2Fv2%2Fcategories&post=1192"},{"taxonomy":"post_tag","embeddable":true,"href":"https:\/\/www.frohsinn-pudel.de\/index.php?rest_route=%2Fwp%2Fv2%2Ftags&post=1192"}],"curies":[{"name":"wp","href":"https:\/\/api.w.org\/{rel}","templated":true}]}}