{"id":1580,"date":"2018-10-06T17:35:50","date_gmt":"2018-10-06T15:35:50","guid":{"rendered":"http:\/\/www.frohsinn-pudel.de\/?p=1580"},"modified":"2018-10-06T17:35:50","modified_gmt":"2018-10-06T15:35:50","slug":"maja-und-mira-haben-fotos-geschickt","status":"publish","type":"post","link":"https:\/\/www.frohsinn-pudel.de\/?p=1580","title":{"rendered":"Maja und Mira haben Fotos geschickt"},"content":{"rendered":"<p>Hier sind die aktuellen Bilder von Maja:<\/p>\n<p><a href=\"https:\/\/www.frohsinn-pudel.de\/wp-content\/uploads\/2018\/10\/IMG-20180927-WA0002.jpg\"><img loading=\"lazy\" decoding=\"async\" class=\"alignnone size-medium wp-image-1581\" src=\"https:\/\/www.frohsinn-pudel.de\/wp-content\/uploads\/2018\/10\/IMG-20180927-WA0002-300x225.jpg\" alt=\"\" width=\"300\" height=\"225\" srcset=\"https:\/\/www.frohsinn-pudel.de\/wp-content\/uploads\/2018\/10\/IMG-20180927-WA0002-300x225.jpg 300w, https:\/\/www.frohsinn-pudel.de\/wp-content\/uploads\/2018\/10\/IMG-20180927-WA0002.jpg 1600w\" sizes=\"auto, (max-width: 300px) 100vw, 300px\" \/><\/a> <a href=\"https:\/\/www.frohsinn-pudel.de\/wp-content\/uploads\/2018\/10\/IMG-20180927-WA0003.jpg\"><img loading=\"lazy\" decoding=\"async\" class=\"alignnone size-medium wp-image-1582\" src=\"https:\/\/www.frohsinn-pudel.de\/wp-content\/uploads\/2018\/10\/IMG-20180927-WA0003-225x300.jpg\" alt=\"\" width=\"225\" height=\"300\" srcset=\"https:\/\/www.frohsinn-pudel.de\/wp-content\/uploads\/2018\/10\/IMG-20180927-WA0003-225x300.jpg 225w, https:\/\/www.frohsinn-pudel.de\/wp-content\/uploads\/2018\/10\/IMG-20180927-WA0003.jpg 1200w\" sizes=\"auto, (max-width: 225px) 100vw, 225px\" \/><\/a> <a href=\"https:\/\/www.frohsinn-pudel.de\/wp-content\/uploads\/2018\/10\/IMG-20180927-WA0004.jpg\"><img loading=\"lazy\" decoding=\"async\" class=\"alignnone size-medium wp-image-1583\" src=\"https:\/\/www.frohsinn-pudel.de\/wp-content\/uploads\/2018\/10\/IMG-20180927-WA0004-225x300.jpg\" alt=\"\" width=\"225\" height=\"300\" srcset=\"https:\/\/www.frohsinn-pudel.de\/wp-content\/uploads\/2018\/10\/IMG-20180927-WA0004-225x300.jpg 225w, https:\/\/www.frohsinn-pudel.de\/wp-content\/uploads\/2018\/10\/IMG-20180927-WA0004.jpg 1200w\" sizes=\"auto, (max-width: 225px) 100vw, 225px\" \/><\/a> <a href=\"https:\/\/www.frohsinn-pudel.de\/wp-content\/uploads\/2018\/10\/IMG-20180927-WA0005.jpg\"><img loading=\"lazy\" decoding=\"async\" class=\"alignnone size-medium wp-image-1584\" src=\"https:\/\/www.frohsinn-pudel.de\/wp-content\/uploads\/2018\/10\/IMG-20180927-WA0005-300x225.jpg\" alt=\"\" width=\"300\" height=\"225\" srcset=\"https:\/\/www.frohsinn-pudel.de\/wp-content\/uploads\/2018\/10\/IMG-20180927-WA0005-300x225.jpg 300w, https:\/\/www.frohsinn-pudel.de\/wp-content\/uploads\/2018\/10\/IMG-20180927-WA0005.jpg 1600w\" sizes=\"auto, (max-width: 300px) 100vw, 300px\" \/><\/a><\/p>\n<p>Das Verstecken im K\u00f6rbchen hat sie sich bestimmt von ihrer gro\u00dfen Halbschwester Camilla abgeguckt.<\/p>\n<p>Und noch ein Bericht von Mira:<\/p>\n<div>Hallo liebe Elke,<\/div>\n<div>\nMira geht es sehr gut und wir haben eine tolle Zeit alle zusammen! Schon l\u00e4ngst kann ich mir einen Alltag ohne die kleine Maus nicht mehr vorstellen. Sie bringt uns einfach so viel Freude ins Leben! In den letzten Wochen hat sie schon ordentlich an H\u00f6he gewonnen und wird so langsam etwas erwachsener. \ud83d\ude42 Mira ist noch immer eine ganz, ganz liebe und sehr kluge Maus! Auch wenn die t\u00e4glichen f\u00fcnf Minuten inzwischen schon auch mal etwas l\u00e4nger gehen k\u00f6nnen. Wir nehmen es mit Humor \ud83d\ude00<\/div>\n<div>Ganz liebe Gr\u00fc\u00dfe aus dem Schwarzwald<\/div>\n<div><a href=\"https:\/\/www.frohsinn-pudel.de\/wp-content\/uploads\/2018\/10\/DSC02663.jpg\"><img loading=\"lazy\" decoding=\"async\" class=\"alignnone size-medium wp-image-1585\" src=\"https:\/\/www.frohsinn-pudel.de\/wp-content\/uploads\/2018\/10\/DSC02663-300x199.jpg\" alt=\"\" width=\"300\" height=\"199\" srcset=\"https:\/\/www.frohsinn-pudel.de\/wp-content\/uploads\/2018\/10\/DSC02663-300x199.jpg 300w, https:\/\/www.frohsinn-pudel.de\/wp-content\/uploads\/2018\/10\/DSC02663.jpg 1920w\" sizes=\"auto, (max-width: 300px) 100vw, 300px\" \/><\/a> <a href=\"https:\/\/www.frohsinn-pudel.de\/wp-content\/uploads\/2018\/10\/DSC02579.jpg\"><img loading=\"lazy\" decoding=\"async\" class=\"alignnone size-medium wp-image-1586\" src=\"https:\/\/www.frohsinn-pudel.de\/wp-content\/uploads\/2018\/10\/DSC02579-300x199.jpg\" alt=\"\" width=\"300\" height=\"199\" srcset=\"https:\/\/www.frohsinn-pudel.de\/wp-content\/uploads\/2018\/10\/DSC02579-300x199.jpg 300w, https:\/\/www.frohsinn-pudel.de\/wp-content\/uploads\/2018\/10\/DSC02579.jpg 1920w\" sizes=\"auto, (max-width: 300px) 100vw, 300px\" \/><\/a> <a href=\"https:\/\/www.frohsinn-pudel.de\/wp-content\/uploads\/2018\/10\/DSC02573.jpg\"><img loading=\"lazy\" decoding=\"async\" class=\"alignnone size-medium wp-image-1587\" src=\"https:\/\/www.frohsinn-pudel.de\/wp-content\/uploads\/2018\/10\/DSC02573-300x199.jpg\" alt=\"\" width=\"300\" height=\"199\" srcset=\"https:\/\/www.frohsinn-pudel.de\/wp-content\/uploads\/2018\/10\/DSC02573-300x199.jpg 300w, https:\/\/www.frohsinn-pudel.de\/wp-content\/uploads\/2018\/10\/DSC02573.jpg 1920w\" sizes=\"auto, (max-width: 300px) 100vw, 300px\" \/><\/a> <a href=\"https:\/\/www.frohsinn-pudel.de\/wp-content\/uploads\/2018\/10\/20181005_114013.jpg\"><img loading=\"lazy\" decoding=\"async\" class=\"alignnone size-medium wp-image-1588\" src=\"https:\/\/www.frohsinn-pudel.de\/wp-content\/uploads\/2018\/10\/20181005_114013-225x300.jpg\" alt=\"\" width=\"225\" height=\"300\" srcset=\"https:\/\/www.frohsinn-pudel.de\/wp-content\/uploads\/2018\/10\/20181005_114013-225x300.jpg 225w, https:\/\/www.frohsinn-pudel.de\/wp-content\/uploads\/2018\/10\/20181005_114013.jpg 1440w\" sizes=\"auto, (max-width: 225px) 100vw, 225px\" \/><\/a> <a href=\"https:\/\/www.frohsinn-pudel.de\/wp-content\/uploads\/2018\/10\/20180909_122126.jpg\"><img loading=\"lazy\" decoding=\"async\" class=\"alignnone size-medium wp-image-1589\" src=\"https:\/\/www.frohsinn-pudel.de\/wp-content\/uploads\/2018\/10\/20180909_122126-254x300.jpg\" alt=\"\" width=\"254\" height=\"300\" srcset=\"https:\/\/www.frohsinn-pudel.de\/wp-content\/uploads\/2018\/10\/20180909_122126-254x300.jpg 254w, https:\/\/www.frohsinn-pudel.de\/wp-content\/uploads\/2018\/10\/20180909_122126.jpg 1628w\" sizes=\"auto, (max-width: 254px) 100vw, 254px\" \/><\/a><\/div>\n<div>Vielen Dank f\u00fcr die sch\u00f6nen Bilder und Berichte.<\/div>\n","protected":false},"excerpt":{"rendered":"<p>Hier sind die aktuellen Bilder von Maja: Das Verstecken im K\u00f6rbchen hat sie sich bestimmt von ihrer gro\u00dfen Halbschwester Camilla [&hellip;]<\/p>\n","protected":false},"author":1,"featured_media":0,"comment_status":"closed","ping_status":"closed","sticky":false,"template":"","format":"standard","meta":{"footnotes":""},"categories":[1],"tags":[],"class_list":["post-1580","post","type-post","status-publish","format-standard","hentry","category-allgemein"],"_links":{"self":[{"href":"https:\/\/www.frohsinn-pudel.de\/index.php?rest_route=\/wp\/v2\/posts\/1580","targetHints":{"allow":["GET"]}}],"collection":[{"href":"https:\/\/www.frohsinn-pudel.de\/index.php?rest_route=\/wp\/v2\/posts"}],"about":[{"href":"https:\/\/www.frohsinn-pudel.de\/index.php?rest_route=\/wp\/v2\/types\/post"}],"author":[{"embeddable":true,"href":"https:\/\/www.frohsinn-pudel.de\/index.php?rest_route=\/wp\/v2\/users\/1"}],"replies":[{"embeddable":true,"href":"https:\/\/www.frohsinn-pudel.de\/index.php?rest_route=%2Fwp%2Fv2%2Fcomments&post=1580"}],"version-history":[{"count":1,"href":"https:\/\/www.frohsinn-pudel.de\/index.php?rest_route=\/wp\/v2\/posts\/1580\/revisions"}],"predecessor-version":[{"id":1590,"href":"https:\/\/www.frohsinn-pudel.de\/index.php?rest_route=\/wp\/v2\/posts\/1580\/revisions\/1590"}],"wp:attachment":[{"href":"https:\/\/www.frohsinn-pudel.de\/index.php?rest_route=%2Fwp%2Fv2%2Fmedia&parent=1580"}],"wp:term":[{"taxonomy":"category","embeddable":true,"href":"https:\/\/www.frohsinn-pudel.de\/index.php?rest_route=%2Fwp%2Fv2%2Fcategories&post=1580"},{"taxonomy":"post_tag","embeddable":true,"href":"https:\/\/www.frohsinn-pudel.de\/index.php?rest_route=%2Fwp%2Fv2%2Ftags&post=1580"}],"curies":[{"name":"wp","href":"https:\/\/api.w.org\/{rel}","templated":true}]}}