{"id":1604,"date":"2018-10-15T20:20:25","date_gmt":"2018-10-15T18:20:25","guid":{"rendered":"http:\/\/www.frohsinn-pudel.de\/?p=1604"},"modified":"2018-10-15T20:20:25","modified_gmt":"2018-10-15T18:20:25","slug":"neues-von-d-mkindern","status":"publish","type":"post","link":"https:\/\/www.frohsinn-pudel.de\/?p=1604","title":{"rendered":"Neues von D (M)Kindern"},"content":{"rendered":"<p>Ich habe sch\u00f6ne Bilder und Berichte von den J\u00fcngsten bekommen:<\/p>\n<p><a href=\"https:\/\/www.frohsinn-pudel.de\/wp-content\/uploads\/2018\/10\/IMG_4677.jpg\"><img loading=\"lazy\" decoding=\"async\" class=\"alignnone size-medium wp-image-1605\" src=\"https:\/\/www.frohsinn-pudel.de\/wp-content\/uploads\/2018\/10\/IMG_4677-200x300.jpg\" alt=\"\" width=\"200\" height=\"300\" srcset=\"https:\/\/www.frohsinn-pudel.de\/wp-content\/uploads\/2018\/10\/IMG_4677-200x300.jpg 200w, https:\/\/www.frohsinn-pudel.de\/wp-content\/uploads\/2018\/10\/IMG_4677.jpg 1280w\" sizes=\"auto, (max-width: 200px) 100vw, 200px\" \/><\/a><\/p>\n<p>Liebe Frau F\u00fcnfsinn<\/p>\n<div>Milla entwickelt sich pr\u00e4chtig &#8211; sie ist sehr aufgeweckt und quirlig, lernt sehr schnell und wir haben alle gro\u00dfe Freude an diesem Energieb\u00fcndel!<\/div>\n<div>Mittlerweile gehen wir auch in die Welpenschule, da macht sie gut mit und es tut ihr sehr gut, den Kontakt zu anderen Welpen zu haben.<\/div>\n<div>Unser Rhythmus ist nat\u00fcrlich sehr auf Milla eingestellt. Wenn ich in die Klinik muss klingelt mein Wecker jetzt um 5.30 Uhr, damit alle gut auf den Weg gebracht werden, aber es macht uns Freude und das ein oder andere Opfer bringt man ja auch gerne&#8230;<\/div>\n<div><\/div>\n<div>Die Katzen werden zunehmend entspannter. Sie schlafen jetzt auch unten im Wohnbereich, in Millas Anwesenheit. Nur Morle beschwert sich manchmal bei uns&#8230; Wir sind dabei Milla das Katzen-Nachlaufen abzugew\u00f6hnen, auch das hat sie schnell begriffen und klappt schon ganz gut.<\/div>\n<div>Bei meinem Mann in der Schule ist Milla der absolute Star und sie ist Schulgespr\u00e4ch wenn sie da ist. Mein Mann dosiert die Kontakte mit Kindern und Kollegen, damit es nicht zu viel wird, und Milla macht das alles sehr toll dort. Wenn er Gespr\u00e4che in seinem B\u00fcro f\u00fchrt, legt sie sich wohl ganz lieb auf die Decke und wartet ab. Kleine Spazierg\u00e4nge zwischendurch lassen beide die Zeit sehr gut \u00fcberstehen. J\u00fcrgen liebt dieses H\u00fcndchen jetzt schon hei\u00df und innig!<\/div>\n<div><\/div>\n<div>Wir senden in der n\u00e4chsten Zeit auch nochmal Fotos. Milla ist gro\u00df geworden!<\/div>\n<div>Herzliche Gr\u00fc\u00dfe<\/div>\n<div><\/div>\n<div><\/div>\n<div><\/div>\n<div><\/div>\n<div><strong>Auch von Maja gibt es Neuigkeiten:<\/strong><\/div>\n<div>Hallo Frau F\u00fcnfsinn,<\/div>\n<div>jetzt haben Sie ja schon lange nichts mehr von uns geh\u00f6rt, aber hier ist alles bestens. Kurze Eckdaten: aktuell ist Maja 35 cm hoch und hat 5,7 kg. Sie ist gesund und munter, liebt K\u00e4lberblasen-Sticks, Hasenohren und als Leckerchen kleine Br\u00f6ckelchen Rinderlunge. Gestern waren wir mal bei einem Friseur (nur zum\u00a0 Kennenlernen, einmal geknuddelt und die Augen frei geschnitten), Fellpflege zu Hause klappt prima!<\/div>\n<div>Maja ist \u00fcberall immer direkt beliebt und sie hat schon super Hundefreunde gefunden. Nur wenn sie spielt m\u00fcssen wir hellwach sein, wo die das tut&#8230; wir hatten jetzt schon mehrere Vorf\u00e4lle mit einem Klettenstrauch &#8211; das Zeug klebt im Pudelfell wie die Pest&#8230;<\/div>\n<div>In der Welpenstunde hat sich Maja mit einem Border Collie zusammen getan. Die beiden Streber sitzen ganz vorne und lassen niemanden abgucken.<\/div>\n<div>Maja bleibt super auch mal einen Moment alleine, meist schl\u00e4ft sie dann oder r\u00e4umt etwas um (ohne wirklich etwas kaputt zu machen). Meine Tochter und Maja sind mittlerweile ganz dicke Freunde ganz dicke Freunde geworden, ich glaube,\u00a0 gerade zwischen den beiden ist etwas ganz besonderes. Maja liebt aber auch alle anderen Kinder.<\/div>\n<div>Jetzt noch ein paar Bilder:<\/div>\n<div><\/div>\n<div><a href=\"https:\/\/www.frohsinn-pudel.de\/wp-content\/uploads\/2018\/10\/IMG-20181011-WA0002.jpg\"><img loading=\"lazy\" decoding=\"async\" class=\"alignnone size-medium wp-image-1607\" src=\"https:\/\/www.frohsinn-pudel.de\/wp-content\/uploads\/2018\/10\/IMG-20181011-WA0002-225x300.jpg\" alt=\"\" width=\"225\" height=\"300\" srcset=\"https:\/\/www.frohsinn-pudel.de\/wp-content\/uploads\/2018\/10\/IMG-20181011-WA0002-225x300.jpg 225w, https:\/\/www.frohsinn-pudel.de\/wp-content\/uploads\/2018\/10\/IMG-20181011-WA0002.jpg 1200w\" sizes=\"auto, (max-width: 225px) 100vw, 225px\" \/><\/a><\/div>\n<div><u><span style=\"background-color: #bfe6ff; color: #000120;\">Maja f\u00e4hrt prima Auto. Das ist ihr Notfallplatz im kleinen Auto. Findet sie auch gut.\u00a0<\/span><\/u><\/div>\n<div><\/div>\n<div><a href=\"https:\/\/www.frohsinn-pudel.de\/wp-content\/uploads\/2018\/10\/IMG-20181011-WA0005.jpg\"><img loading=\"lazy\" decoding=\"async\" class=\"alignnone size-medium wp-image-1609\" src=\"https:\/\/www.frohsinn-pudel.de\/wp-content\/uploads\/2018\/10\/IMG-20181011-WA0005-225x300.jpg\" alt=\"\" width=\"225\" height=\"300\" srcset=\"https:\/\/www.frohsinn-pudel.de\/wp-content\/uploads\/2018\/10\/IMG-20181011-WA0005-225x300.jpg 225w, https:\/\/www.frohsinn-pudel.de\/wp-content\/uploads\/2018\/10\/IMG-20181011-WA0005.jpg 1200w\" sizes=\"auto, (max-width: 225px) 100vw, 225px\" \/><\/a><\/div>\n<div>Auf ihrem neuen Kissen, mir war kalt &#8211; da habe ich sie halt auch mal zugedeckt.<\/div>\n<div><a href=\"https:\/\/www.frohsinn-pudel.de\/wp-content\/uploads\/2018\/10\/IMG-20181011-WA0006.jpg\"><img loading=\"lazy\" decoding=\"async\" class=\"alignnone size-medium wp-image-1610\" src=\"https:\/\/www.frohsinn-pudel.de\/wp-content\/uploads\/2018\/10\/IMG-20181011-WA0006-225x300.jpg\" alt=\"\" width=\"225\" height=\"300\" srcset=\"https:\/\/www.frohsinn-pudel.de\/wp-content\/uploads\/2018\/10\/IMG-20181011-WA0006-225x300.jpg 225w, https:\/\/www.frohsinn-pudel.de\/wp-content\/uploads\/2018\/10\/IMG-20181011-WA0006.jpg 1200w\" sizes=\"auto, (max-width: 225px) 100vw, 225px\" \/><\/a><\/div>\n<div>Sie ist so gro\u00df geworden.<\/div>\n<div><a href=\"https:\/\/www.frohsinn-pudel.de\/wp-content\/uploads\/2018\/10\/IMG-20181011-WA0004.jpg\"><img loading=\"lazy\" decoding=\"async\" class=\"alignnone size-medium wp-image-1608\" src=\"https:\/\/www.frohsinn-pudel.de\/wp-content\/uploads\/2018\/10\/IMG-20181011-WA0004-300x225.jpg\" alt=\"\" width=\"300\" height=\"225\" srcset=\"https:\/\/www.frohsinn-pudel.de\/wp-content\/uploads\/2018\/10\/IMG-20181011-WA0004-300x225.jpg 300w, https:\/\/www.frohsinn-pudel.de\/wp-content\/uploads\/2018\/10\/IMG-20181011-WA0004.jpg 1600w\" sizes=\"auto, (max-width: 300px) 100vw, 300px\" \/><\/a><\/div>\n<div>Hier waren wir beim Grenzgang dabei, da sie ja noch nicht so weit laufen soll hatten wir den Bollerwagen dabei.<\/div>\n<div>Liebe Gr\u00fc\u00dfe&#8230;<\/div>\n<div><\/div>\n<div><strong>Vielen Dank f\u00fcr die Berichte und Bilder. Es ist total sch\u00f6n, dass es den kleinen (und nat\u00fcrlich auch ihren Familien) so gut geht.<\/strong><\/div>\n","protected":false},"excerpt":{"rendered":"<p>Ich habe sch\u00f6ne Bilder und Berichte von den J\u00fcngsten bekommen: Liebe Frau F\u00fcnfsinn Milla entwickelt sich pr\u00e4chtig &#8211; sie ist [&hellip;]<\/p>\n","protected":false},"author":1,"featured_media":1607,"comment_status":"closed","ping_status":"closed","sticky":false,"template":"","format":"standard","meta":{"footnotes":""},"categories":[1],"tags":[],"class_list":["post-1604","post","type-post","status-publish","format-standard","has-post-thumbnail","hentry","category-allgemein"],"_links":{"self":[{"href":"https:\/\/www.frohsinn-pudel.de\/index.php?rest_route=\/wp\/v2\/posts\/1604","targetHints":{"allow":["GET"]}}],"collection":[{"href":"https:\/\/www.frohsinn-pudel.de\/index.php?rest_route=\/wp\/v2\/posts"}],"about":[{"href":"https:\/\/www.frohsinn-pudel.de\/index.php?rest_route=\/wp\/v2\/types\/post"}],"author":[{"embeddable":true,"href":"https:\/\/www.frohsinn-pudel.de\/index.php?rest_route=\/wp\/v2\/users\/1"}],"replies":[{"embeddable":true,"href":"https:\/\/www.frohsinn-pudel.de\/index.php?rest_route=%2Fwp%2Fv2%2Fcomments&post=1604"}],"version-history":[{"count":3,"href":"https:\/\/www.frohsinn-pudel.de\/index.php?rest_route=\/wp\/v2\/posts\/1604\/revisions"}],"predecessor-version":[{"id":1614,"href":"https:\/\/www.frohsinn-pudel.de\/index.php?rest_route=\/wp\/v2\/posts\/1604\/revisions\/1614"}],"wp:featuredmedia":[{"embeddable":true,"href":"https:\/\/www.frohsinn-pudel.de\/index.php?rest_route=\/wp\/v2\/media\/1607"}],"wp:attachment":[{"href":"https:\/\/www.frohsinn-pudel.de\/index.php?rest_route=%2Fwp%2Fv2%2Fmedia&parent=1604"}],"wp:term":[{"taxonomy":"category","embeddable":true,"href":"https:\/\/www.frohsinn-pudel.de\/index.php?rest_route=%2Fwp%2Fv2%2Fcategories&post=1604"},{"taxonomy":"post_tag","embeddable":true,"href":"https:\/\/www.frohsinn-pudel.de\/index.php?rest_route=%2Fwp%2Fv2%2Ftags&post=1604"}],"curies":[{"name":"wp","href":"https:\/\/api.w.org\/{rel}","templated":true}]}}