{"id":1615,"date":"2018-10-15T21:31:26","date_gmt":"2018-10-15T19:31:26","guid":{"rendered":"http:\/\/www.frohsinn-pudel.de\/?p=1615"},"modified":"2018-10-15T21:31:26","modified_gmt":"2018-10-15T19:31:26","slug":"nachtrag-geburtstag","status":"publish","type":"post","link":"https:\/\/www.frohsinn-pudel.de\/?p=1615","title":{"rendered":"Nachtrag Geburtstag"},"content":{"rendered":"<p>Da wir das ganze Wochenende unterwegs waren, gibt es heute nun weitere Berichte zum Geburtstag.<\/p>\n<p>P\u00fcnktlich am 13. Oktober hat Camillas erste L\u00e4ufigkeit begonnen. Das ist schade, da wir am kommenden Samstag Geburtstag feiern und alle C-Kinder eingeladen haben. Es freut uns auch sehr, dass alle zugesagt haben. Wir m\u00fcssen mal schauen, wie weit Camilla mitfeiern kann, da sie wahrscheinlich ihren Br\u00fcdern den Kopf verdreht. Sonst muss sie eben zu unseren Freunden gehen.<\/p>\n<p>In den Sommerferien kamen schon einige Bilder und Urlaubsberichte. Hier nun recht aktuelle Bilder:<\/p>\n<p>Carlo 2 macht h\u00e4ufig Urlaub in der Schweiz. In dieser Woche ist er noch beim Almabtrieb und kommt auf der R\u00fcckfahrt zur Geburtstagsfeier.<\/p>\n<p><a href=\"https:\/\/www.frohsinn-pudel.de\/wp-content\/uploads\/2018\/10\/IMG_20181006_115846.jpg\"><img loading=\"lazy\" decoding=\"async\" class=\"alignnone size-medium wp-image-1616\" src=\"https:\/\/www.frohsinn-pudel.de\/wp-content\/uploads\/2018\/10\/IMG_20181006_115846-225x300.jpg\" alt=\"\" width=\"225\" height=\"300\" srcset=\"https:\/\/www.frohsinn-pudel.de\/wp-content\/uploads\/2018\/10\/IMG_20181006_115846-225x300.jpg 225w, https:\/\/www.frohsinn-pudel.de\/wp-content\/uploads\/2018\/10\/IMG_20181006_115846.jpg 1440w\" sizes=\"auto, (max-width: 225px) 100vw, 225px\" \/><\/a><\/p>\n<p>Carlo 1 war auch im Urlaub und schickt Gr\u00fc\u00dfe vom Wilden Kaiser:<\/p>\n<p><a href=\"https:\/\/www.frohsinn-pudel.de\/wp-content\/uploads\/2018\/10\/20180815_151514.jpg\"><img loading=\"lazy\" decoding=\"async\" class=\"alignnone size-medium wp-image-1617\" src=\"https:\/\/www.frohsinn-pudel.de\/wp-content\/uploads\/2018\/10\/20180815_151514-266x300.jpg\" alt=\"\" width=\"266\" height=\"300\" srcset=\"https:\/\/www.frohsinn-pudel.de\/wp-content\/uploads\/2018\/10\/20180815_151514-266x300.jpg 266w, https:\/\/www.frohsinn-pudel.de\/wp-content\/uploads\/2018\/10\/20180815_151514.jpg 1704w\" sizes=\"auto, (max-width: 266px) 100vw, 266px\" \/><\/a><a href=\"https:\/\/www.frohsinn-pudel.de\/wp-content\/uploads\/2018\/10\/20180816_125706.jpg\"><img loading=\"lazy\" decoding=\"async\" class=\"alignnone size-medium wp-image-1618\" src=\"https:\/\/www.frohsinn-pudel.de\/wp-content\/uploads\/2018\/10\/20180816_125706-300x146.jpg\" alt=\"\" width=\"300\" height=\"146\" srcset=\"https:\/\/www.frohsinn-pudel.de\/wp-content\/uploads\/2018\/10\/20180816_125706-300x146.jpg 300w, https:\/\/www.frohsinn-pudel.de\/wp-content\/uploads\/2018\/10\/20180816_125706.jpg 1920w\" sizes=\"auto, (max-width: 300px) 100vw, 300px\" \/><\/a><\/p>\n<p>&nbsp;<\/p>\n<p>&nbsp;<\/p>\n<p>Jelle schickte auch Urlaubsgr\u00fc\u00dfe:<\/p>\n<p>Guten Morgen Frau F\u00fcnfsinn,<\/p>\n<p>wir schicken Gr\u00fc\u00dfe von Texel, gestern sind wir auf der Hinfahrt noch bei Freunden auf einem Boot gewesen, dann hat Jelle die Autofahrt bis nach Texel geschafft. Au\u00dferdem ist er F\u00e4hre gefahren und hat die erste Nacht mit uns im Wohnwagen verbracht. Er hat viel Spa\u00df und beobachtet alles um sich herum, wir haben immer sehr viel Spa\u00df mit ihm, und gestern hat Jelle das erste mal das Meer gesehen.<\/p>\n<p>Insgesamt ist Jelle sehr entspannt und das Autofahren \u00fcberlebt er leider immer noch mit Sabbern. Aber sehr tapfer.<\/p>\n<p>Der zweite Hund ist \u00fcbrigens Bento, Jelles Kumpel. Wir sind einfach happy mit Jelle.<\/p>\n<p>Liebe Gr\u00fc\u00dfe<\/p>\n<p><a href=\"https:\/\/www.frohsinn-pudel.de\/wp-content\/uploads\/2018\/10\/IMG-20180805-WA0003.jpg\"><img loading=\"lazy\" decoding=\"async\" class=\"alignnone size-medium wp-image-1619\" src=\"https:\/\/www.frohsinn-pudel.de\/wp-content\/uploads\/2018\/10\/IMG-20180805-WA0003-225x300.jpg\" alt=\"\" width=\"225\" height=\"300\" srcset=\"https:\/\/www.frohsinn-pudel.de\/wp-content\/uploads\/2018\/10\/IMG-20180805-WA0003-225x300.jpg 225w, https:\/\/www.frohsinn-pudel.de\/wp-content\/uploads\/2018\/10\/IMG-20180805-WA0003.jpg 960w\" sizes=\"auto, (max-width: 225px) 100vw, 225px\" \/><\/a><a href=\"https:\/\/www.frohsinn-pudel.de\/wp-content\/uploads\/2018\/10\/IMG-20180805-WA0002-1.jpg\"><img loading=\"lazy\" decoding=\"async\" class=\"alignnone size-medium wp-image-1620\" src=\"https:\/\/www.frohsinn-pudel.de\/wp-content\/uploads\/2018\/10\/IMG-20180805-WA0002-1-300x169.jpg\" alt=\"\" width=\"300\" height=\"169\" srcset=\"https:\/\/www.frohsinn-pudel.de\/wp-content\/uploads\/2018\/10\/IMG-20180805-WA0002-1-300x169.jpg 300w, https:\/\/www.frohsinn-pudel.de\/wp-content\/uploads\/2018\/10\/IMG-20180805-WA0002-1.jpg 1280w\" sizes=\"auto, (max-width: 300px) 100vw, 300px\" \/><\/a><\/p>\n<p>&nbsp;<\/p>\n<p>Fanta stellt ihre Erlebnisse regelm\u00e4\u00dfig bei Facebook ein &#8211; das erst Mal schwimmen, Urlaub am Meer,&#8230; hier habe ich nun die aktuellen Bilder herausgesucht:<\/p>\n<p><a href=\"https:\/\/www.frohsinn-pudel.de\/wp-content\/uploads\/2018\/10\/FB_IMG_1539630608243.jpg\"><img loading=\"lazy\" decoding=\"async\" class=\"alignnone size-medium wp-image-1621\" src=\"https:\/\/www.frohsinn-pudel.de\/wp-content\/uploads\/2018\/10\/FB_IMG_1539630608243-224x300.jpg\" alt=\"\" width=\"224\" height=\"300\" srcset=\"https:\/\/www.frohsinn-pudel.de\/wp-content\/uploads\/2018\/10\/FB_IMG_1539630608243-224x300.jpg 224w, https:\/\/www.frohsinn-pudel.de\/wp-content\/uploads\/2018\/10\/FB_IMG_1539630608243.jpg 718w\" sizes=\"auto, (max-width: 224px) 100vw, 224px\" \/><\/a><\/p>\n<p>Mit diesem Foto gr\u00fc\u00dft Fanta zum Geburtstag &#8211; ich bin gespannt, ob sich Fanta und Camilla sehr \u00e4hnlich sehen. Auf den Fotos sieht man es nicht so gut.<\/p>\n<p><a href=\"https:\/\/www.frohsinn-pudel.de\/wp-content\/uploads\/2018\/10\/FB_IMG_1539630827272.jpg\"><img loading=\"lazy\" decoding=\"async\" class=\"alignnone size-medium wp-image-1622\" src=\"https:\/\/www.frohsinn-pudel.de\/wp-content\/uploads\/2018\/10\/FB_IMG_1539630827272-300x300.jpg\" alt=\"\" width=\"300\" height=\"300\" srcset=\"https:\/\/www.frohsinn-pudel.de\/wp-content\/uploads\/2018\/10\/FB_IMG_1539630827272-300x300.jpg 300w, https:\/\/www.frohsinn-pudel.de\/wp-content\/uploads\/2018\/10\/FB_IMG_1539630827272.jpg 960w\" sizes=\"auto, (max-width: 300px) 100vw, 300px\" \/><\/a><\/p>\n<p>Hier hat Fanta ein neues Kissen auf der Arbeit bekommen und probiert es aus.<\/p>\n<p>&nbsp;<\/p>\n<p>Und hier kommen noch Bilder von Clair:<\/p>\n<p><a href=\"https:\/\/www.frohsinn-pudel.de\/wp-content\/uploads\/2018\/10\/IMG_0170.jpeg\"><img loading=\"lazy\" decoding=\"async\" class=\"alignnone size-medium wp-image-1623\" src=\"https:\/\/www.frohsinn-pudel.de\/wp-content\/uploads\/2018\/10\/IMG_0170-300x225.jpeg\" alt=\"\" width=\"300\" height=\"225\" srcset=\"https:\/\/www.frohsinn-pudel.de\/wp-content\/uploads\/2018\/10\/IMG_0170-300x225.jpeg 300w, https:\/\/www.frohsinn-pudel.de\/wp-content\/uploads\/2018\/10\/IMG_0170.jpeg 640w\" sizes=\"auto, (max-width: 300px) 100vw, 300px\" \/><\/a> <a href=\"https:\/\/www.frohsinn-pudel.de\/wp-content\/uploads\/2018\/10\/IMG_1741.jpg\"><img loading=\"lazy\" decoding=\"async\" class=\"alignnone size-medium wp-image-1624\" src=\"https:\/\/www.frohsinn-pudel.de\/wp-content\/uploads\/2018\/10\/IMG_1741-225x300.jpg\" alt=\"\" width=\"225\" height=\"300\" srcset=\"https:\/\/www.frohsinn-pudel.de\/wp-content\/uploads\/2018\/10\/IMG_1741-225x300.jpg 225w, https:\/\/www.frohsinn-pudel.de\/wp-content\/uploads\/2018\/10\/IMG_1741.jpg 480w\" sizes=\"auto, (max-width: 225px) 100vw, 225px\" \/><\/a><\/p>\n<p>Ich bin gespannt, wie gro\u00df sie ist. Sie war ja die zierlichste von allen.<\/p>\n<p>Und nat\u00fcrlich darf auch das Bild von Camilla nicht fehlen:<\/p>\n<p><a href=\"https:\/\/www.frohsinn-pudel.de\/wp-content\/uploads\/2018\/10\/IMG-20180825-WA0032.jpg\"><img loading=\"lazy\" decoding=\"async\" class=\"alignnone size-medium wp-image-1625\" src=\"https:\/\/www.frohsinn-pudel.de\/wp-content\/uploads\/2018\/10\/IMG-20180825-WA0032-200x300.jpg\" alt=\"\" width=\"200\" height=\"300\" srcset=\"https:\/\/www.frohsinn-pudel.de\/wp-content\/uploads\/2018\/10\/IMG-20180825-WA0032-200x300.jpg 200w, https:\/\/www.frohsinn-pudel.de\/wp-content\/uploads\/2018\/10\/IMG-20180825-WA0032.jpg 1068w\" sizes=\"auto, (max-width: 200px) 100vw, 200px\" \/><\/a><\/p>\n<p>Vielen Dank f\u00fcr die Fotos und Berichte. Ich freue mich schon sehr auf die Geburtstagsparty und werde anschlie\u00dfend berichten.<\/p>\n<p>&nbsp;<\/p>\n<p>&nbsp;<\/p>\n<p>&nbsp;<\/p>\n","protected":false},"excerpt":{"rendered":"<p>Da wir das ganze Wochenende unterwegs waren, gibt es heute nun weitere Berichte zum Geburtstag. P\u00fcnktlich am 13. Oktober hat [&hellip;]<\/p>\n","protected":false},"author":1,"featured_media":0,"comment_status":"closed","ping_status":"closed","sticky":false,"template":"","format":"standard","meta":{"footnotes":""},"categories":[1],"tags":[],"class_list":["post-1615","post","type-post","status-publish","format-standard","hentry","category-allgemein"],"_links":{"self":[{"href":"https:\/\/www.frohsinn-pudel.de\/index.php?rest_route=\/wp\/v2\/posts\/1615","targetHints":{"allow":["GET"]}}],"collection":[{"href":"https:\/\/www.frohsinn-pudel.de\/index.php?rest_route=\/wp\/v2\/posts"}],"about":[{"href":"https:\/\/www.frohsinn-pudel.de\/index.php?rest_route=\/wp\/v2\/types\/post"}],"author":[{"embeddable":true,"href":"https:\/\/www.frohsinn-pudel.de\/index.php?rest_route=\/wp\/v2\/users\/1"}],"replies":[{"embeddable":true,"href":"https:\/\/www.frohsinn-pudel.de\/index.php?rest_route=%2Fwp%2Fv2%2Fcomments&post=1615"}],"version-history":[{"count":1,"href":"https:\/\/www.frohsinn-pudel.de\/index.php?rest_route=\/wp\/v2\/posts\/1615\/revisions"}],"predecessor-version":[{"id":1626,"href":"https:\/\/www.frohsinn-pudel.de\/index.php?rest_route=\/wp\/v2\/posts\/1615\/revisions\/1626"}],"wp:attachment":[{"href":"https:\/\/www.frohsinn-pudel.de\/index.php?rest_route=%2Fwp%2Fv2%2Fmedia&parent=1615"}],"wp:term":[{"taxonomy":"category","embeddable":true,"href":"https:\/\/www.frohsinn-pudel.de\/index.php?rest_route=%2Fwp%2Fv2%2Fcategories&post=1615"},{"taxonomy":"post_tag","embeddable":true,"href":"https:\/\/www.frohsinn-pudel.de\/index.php?rest_route=%2Fwp%2Fv2%2Ftags&post=1615"}],"curies":[{"name":"wp","href":"https:\/\/api.w.org\/{rel}","templated":true}]}}