{"id":1660,"date":"2018-11-06T19:54:30","date_gmt":"2018-11-06T18:54:30","guid":{"rendered":"http:\/\/www.frohsinn-pudel.de\/?p=1660"},"modified":"2018-11-06T19:54:30","modified_gmt":"2018-11-06T18:54:30","slug":"schneereiche-gruesse-von-mira-aus-bayern","status":"publish","type":"post","link":"https:\/\/www.frohsinn-pudel.de\/?p=1660","title":{"rendered":"Schneereiche Gr\u00fc\u00dfe von Mira aus Bayern"},"content":{"rendered":"<p>Hallo liebe Elke!<br \/>\nNun ist es h\u00f6chste Zeit mal wieder von uns h\u00f6ren zu lassen! Wir haben die letzten Wochen unserer Ferien sehr genossen. Nun beginnt aber bald wieder der Ernst des Lebens f\u00fcr uns und wir sind gespannt wie Mira die neue Situation meistern wird. Wir sind ganz guter Dinge, da sie bisher alles super toll macht! In neuen Situationen orientiert sie sich sch\u00f6n an uns und ist stets offen und neugierig! Wir haben viel ge\u00fcbt, so dass sie nun schon etwas vorbereitet ist auf die vielen Menschen in der Hochschule. Wir werden euch berichten wie die erste Zeit f\u00fcr sie war! \ud83d\ude42 Ansonsten gibt es noch zu berichten, dass Mira im Moment anf\u00e4ngt ihre Babyz\u00e4hne zu verlieren. Wir bieten ihr viele Dinge an zum Kauen und hoffen, dass es ihr hilft.<br \/>\nIn Igelsloch hatten wir auch schon einen kleinen Vorgeschmack auf den Winter. Mira fand den Schnee echt super, obwohl sie hier und da etwas irritiert wirkte \u00fcber das wei\u00dfe Etwas von oben! \ud83d\ude42<br \/>\nIch habe einen kurzen <a href=\"https:\/\/youtu.be\/3Yo1NmnBDAs\">Film<\/a> zusammengestellt mit aktuellen Videos von Mira. Dort sieht man sie auch mit dem lieben Eric, der uns im Moment \u00f6fter mal besucht. \ud83d\ude42<\/p>\n<p>Und im Anhang nat\u00fcrlich noch ein paar Bilder! \ud83d\ude42 Mira w\u00e4hlt oft komische Positionen und Orte f\u00fcr ein Schl\u00e4fchen \ud83d\ude42<\/p>\n<p><a href=\"https:\/\/www.frohsinn-pudel.de\/wp-content\/uploads\/2018\/11\/20181012_135056.jpg\"><img loading=\"lazy\" decoding=\"async\" class=\"alignnone size-medium wp-image-1662\" src=\"https:\/\/www.frohsinn-pudel.de\/wp-content\/uploads\/2018\/11\/20181012_135056-225x300.jpg\" alt=\"\" width=\"225\" height=\"300\" srcset=\"https:\/\/www.frohsinn-pudel.de\/wp-content\/uploads\/2018\/11\/20181012_135056-225x300.jpg 225w, https:\/\/www.frohsinn-pudel.de\/wp-content\/uploads\/2018\/11\/20181012_135056-768x1024.jpg 768w, https:\/\/www.frohsinn-pudel.de\/wp-content\/uploads\/2018\/11\/20181012_135056.jpg 1440w\" sizes=\"auto, (max-width: 225px) 100vw, 225px\" \/><\/a><br \/>\nIch hoffe euch geht es allen gut und ihr kommt gut durch den Winter!<\/p>\n<p>Ganz liebe Gr\u00fc\u00dfe aus Bayern!<\/p>\n<p><a href=\"https:\/\/www.frohsinn-pudel.de\/wp-content\/uploads\/2018\/11\/20181017_160933.jpg\"><img loading=\"lazy\" decoding=\"async\" class=\"alignnone size-medium wp-image-1663\" src=\"https:\/\/www.frohsinn-pudel.de\/wp-content\/uploads\/2018\/11\/20181017_160933-225x300.jpg\" alt=\"\" width=\"225\" height=\"300\" srcset=\"https:\/\/www.frohsinn-pudel.de\/wp-content\/uploads\/2018\/11\/20181017_160933-225x300.jpg 225w, https:\/\/www.frohsinn-pudel.de\/wp-content\/uploads\/2018\/11\/20181017_160933-768x1024.jpg 768w, https:\/\/www.frohsinn-pudel.de\/wp-content\/uploads\/2018\/11\/20181017_160933.jpg 1440w\" sizes=\"auto, (max-width: 225px) 100vw, 225px\" \/><\/a><\/p>\n","protected":false},"excerpt":{"rendered":"<p>Hallo liebe Elke! Nun ist es h\u00f6chste Zeit mal wieder von uns h\u00f6ren zu lassen! Wir haben die letzten Wochen [&hellip;]<\/p>\n","protected":false},"author":1,"featured_media":1661,"comment_status":"closed","ping_status":"closed","sticky":false,"template":"","format":"standard","meta":{"footnotes":""},"categories":[1],"tags":[],"class_list":["post-1660","post","type-post","status-publish","format-standard","has-post-thumbnail","hentry","category-allgemein"],"_links":{"self":[{"href":"https:\/\/www.frohsinn-pudel.de\/index.php?rest_route=\/wp\/v2\/posts\/1660","targetHints":{"allow":["GET"]}}],"collection":[{"href":"https:\/\/www.frohsinn-pudel.de\/index.php?rest_route=\/wp\/v2\/posts"}],"about":[{"href":"https:\/\/www.frohsinn-pudel.de\/index.php?rest_route=\/wp\/v2\/types\/post"}],"author":[{"embeddable":true,"href":"https:\/\/www.frohsinn-pudel.de\/index.php?rest_route=\/wp\/v2\/users\/1"}],"replies":[{"embeddable":true,"href":"https:\/\/www.frohsinn-pudel.de\/index.php?rest_route=%2Fwp%2Fv2%2Fcomments&post=1660"}],"version-history":[{"count":1,"href":"https:\/\/www.frohsinn-pudel.de\/index.php?rest_route=\/wp\/v2\/posts\/1660\/revisions"}],"predecessor-version":[{"id":1664,"href":"https:\/\/www.frohsinn-pudel.de\/index.php?rest_route=\/wp\/v2\/posts\/1660\/revisions\/1664"}],"wp:featuredmedia":[{"embeddable":true,"href":"https:\/\/www.frohsinn-pudel.de\/index.php?rest_route=\/wp\/v2\/media\/1661"}],"wp:attachment":[{"href":"https:\/\/www.frohsinn-pudel.de\/index.php?rest_route=%2Fwp%2Fv2%2Fmedia&parent=1660"}],"wp:term":[{"taxonomy":"category","embeddable":true,"href":"https:\/\/www.frohsinn-pudel.de\/index.php?rest_route=%2Fwp%2Fv2%2Fcategories&post=1660"},{"taxonomy":"post_tag","embeddable":true,"href":"https:\/\/www.frohsinn-pudel.de\/index.php?rest_route=%2Fwp%2Fv2%2Ftags&post=1660"}],"curies":[{"name":"wp","href":"https:\/\/api.w.org\/{rel}","templated":true}]}}