{"id":1665,"date":"2018-11-08T19:16:37","date_gmt":"2018-11-08T18:16:37","guid":{"rendered":"http:\/\/www.frohsinn-pudel.de\/?p=1665"},"modified":"2018-11-08T19:16:37","modified_gmt":"2018-11-08T18:16:37","slug":"gruesse-von-maja-mit-bildern-aus-der-hundeschule","status":"publish","type":"post","link":"https:\/\/www.frohsinn-pudel.de\/?p=1665","title":{"rendered":"Gr\u00fc\u00dfe von Maja mit Bildern aus der Hundeschule"},"content":{"rendered":"<p>Maja ist jetzt schon zwischen 38 und 40 cm gro\u00df und arbeitet schon flei\u00dfig in der Hundeschule. Sie und ein Bordercollie sind die Streber (sagt ihre Menschenmama). Sie &#8217;sitzen in der ersten Reihe und lassen keinen abgucken&#8216;. Das kann ich mir richtig gut vorstellen :).<\/p>\n<p>Hier sind ein paar sch\u00f6ne Fotos auf denen Maja in Aktion ist.<\/p>\n<p><a href=\"https:\/\/www.frohsinn-pudel.de\/wp-content\/uploads\/2018\/11\/IMG-20181106-WA0005.jpg\"><img loading=\"lazy\" decoding=\"async\" class=\"alignnone size-medium wp-image-1667\" src=\"https:\/\/www.frohsinn-pudel.de\/wp-content\/uploads\/2018\/11\/IMG-20181106-WA0005-300x200.jpg\" alt=\"\" width=\"300\" height=\"200\" srcset=\"https:\/\/www.frohsinn-pudel.de\/wp-content\/uploads\/2018\/11\/IMG-20181106-WA0005-300x200.jpg 300w, https:\/\/www.frohsinn-pudel.de\/wp-content\/uploads\/2018\/11\/IMG-20181106-WA0005.jpg 1600w\" sizes=\"auto, (max-width: 300px) 100vw, 300px\" \/><\/a> <a href=\"https:\/\/www.frohsinn-pudel.de\/wp-content\/uploads\/2018\/11\/IMG-20181106-WA0007.jpg\"><img loading=\"lazy\" decoding=\"async\" class=\"alignnone size-medium wp-image-1668\" src=\"https:\/\/www.frohsinn-pudel.de\/wp-content\/uploads\/2018\/11\/IMG-20181106-WA0007-300x154.jpg\" alt=\"\" width=\"300\" height=\"154\" srcset=\"https:\/\/www.frohsinn-pudel.de\/wp-content\/uploads\/2018\/11\/IMG-20181106-WA0007-300x154.jpg 300w, https:\/\/www.frohsinn-pudel.de\/wp-content\/uploads\/2018\/11\/IMG-20181106-WA0007.jpg 1600w\" sizes=\"auto, (max-width: 300px) 100vw, 300px\" \/><\/a> <a href=\"https:\/\/www.frohsinn-pudel.de\/wp-content\/uploads\/2018\/11\/IMG-20181106-WA0009.jpg\"><img loading=\"lazy\" decoding=\"async\" class=\"alignnone size-medium wp-image-1669\" src=\"https:\/\/www.frohsinn-pudel.de\/wp-content\/uploads\/2018\/11\/IMG-20181106-WA0009-300x200.jpg\" alt=\"\" width=\"300\" height=\"200\" srcset=\"https:\/\/www.frohsinn-pudel.de\/wp-content\/uploads\/2018\/11\/IMG-20181106-WA0009-300x200.jpg 300w, https:\/\/www.frohsinn-pudel.de\/wp-content\/uploads\/2018\/11\/IMG-20181106-WA0009.jpg 1600w\" sizes=\"auto, (max-width: 300px) 100vw, 300px\" \/><\/a><\/p>\n<p>Vielen Dank f\u00fcr die sch\u00f6nen Bilder und den Bericht.<\/p>\n","protected":false},"excerpt":{"rendered":"<p>Maja ist jetzt schon zwischen 38 und 40 cm gro\u00df und arbeitet schon flei\u00dfig in der Hundeschule. Sie und ein [&hellip;]<\/p>\n","protected":false},"author":1,"featured_media":0,"comment_status":"closed","ping_status":"closed","sticky":false,"template":"","format":"standard","meta":{"footnotes":""},"categories":[1],"tags":[],"class_list":["post-1665","post","type-post","status-publish","format-standard","hentry","category-allgemein"],"_links":{"self":[{"href":"https:\/\/www.frohsinn-pudel.de\/index.php?rest_route=\/wp\/v2\/posts\/1665","targetHints":{"allow":["GET"]}}],"collection":[{"href":"https:\/\/www.frohsinn-pudel.de\/index.php?rest_route=\/wp\/v2\/posts"}],"about":[{"href":"https:\/\/www.frohsinn-pudel.de\/index.php?rest_route=\/wp\/v2\/types\/post"}],"author":[{"embeddable":true,"href":"https:\/\/www.frohsinn-pudel.de\/index.php?rest_route=\/wp\/v2\/users\/1"}],"replies":[{"embeddable":true,"href":"https:\/\/www.frohsinn-pudel.de\/index.php?rest_route=%2Fwp%2Fv2%2Fcomments&post=1665"}],"version-history":[{"count":1,"href":"https:\/\/www.frohsinn-pudel.de\/index.php?rest_route=\/wp\/v2\/posts\/1665\/revisions"}],"predecessor-version":[{"id":1670,"href":"https:\/\/www.frohsinn-pudel.de\/index.php?rest_route=\/wp\/v2\/posts\/1665\/revisions\/1670"}],"wp:attachment":[{"href":"https:\/\/www.frohsinn-pudel.de\/index.php?rest_route=%2Fwp%2Fv2%2Fmedia&parent=1665"}],"wp:term":[{"taxonomy":"category","embeddable":true,"href":"https:\/\/www.frohsinn-pudel.de\/index.php?rest_route=%2Fwp%2Fv2%2Fcategories&post=1665"},{"taxonomy":"post_tag","embeddable":true,"href":"https:\/\/www.frohsinn-pudel.de\/index.php?rest_route=%2Fwp%2Fv2%2Ftags&post=1665"}],"curies":[{"name":"wp","href":"https:\/\/api.w.org\/{rel}","templated":true}]}}