{"id":1672,"date":"2018-12-05T20:32:22","date_gmt":"2018-12-05T19:32:22","guid":{"rendered":"http:\/\/www.frohsinn-pudel.de\/?p=1672"},"modified":"2018-12-05T20:32:22","modified_gmt":"2018-12-05T19:32:22","slug":"neues-von-mira-milla-und-maja","status":"publish","type":"post","link":"https:\/\/www.frohsinn-pudel.de\/?p=1672","title":{"rendered":"Neues von Mira, Milla und Maja"},"content":{"rendered":"<p>Gr\u00fc\u00dfe von Mira:<\/p>\n<p>Hallo nochmal liebe Elke!<\/p>\n<p>Inzwischen liegen die ersten zwei Wochen des neuen Semesters hinter uns. Wir sind wirklich begeistert was f\u00fcr eine liebe Maus unsere Mira ist! Wir sind sehr stolz wie toll sie das alles meistert! Sie ist super leise und ganz ruhig in der Vorlesungen, obwohl wir zum Teil wirklich lange Tage hatten. Sie scheint zufrieden zu sein, dass sie bei uns sein darf. \ud83d\ude42 Auch die Anderen loben sie sehr und sind verwundert, dass sie so brav ist in ihrem Alter. Manchmal jammert oder bellt hier und da doch mal ein Hund im Saal und auch das k\u00fcmmert sie wenig. Sie kaut oft zufrieden auf ihrem Seil oder der Wurzel herum und schl\u00e4ft dann bald friedlich unter unserem Tisch. Auch den Affen haben wir oft mit dabei. Den findet sie noch immer ganz toll! \ud83d\ude42 Wenn sie zwischen durch doch mal dringende Bed\u00fcrfnisse hat meldet sie sich bei uns indem sie auf den Scho\u00df m\u00f6chte und wir k\u00f6nnen leise und unauff\u00e4llig raus mit ihr.<br \/>\nMira hat nat\u00fcrlich auch viele neue Freunde kennen gelernt, mit denen sie sich sehr gut versteht!<br \/>\nWir sind sehr froh, dass sie das alles so toll mit uns mitmacht! \ud83d\ude42<br \/>\nIch w\u00fcnschen euch eine gute Zeit und hoffe es geht euch gut?!<\/p>\n<p>Ganz liebe Gr\u00fc\u00dfe<\/p>\n<p><a href=\"https:\/\/www.frohsinn-pudel.de\/wp-content\/uploads\/2018\/12\/20181109_095839.jpg\"><img loading=\"lazy\" decoding=\"async\" class=\"alignnone size-medium wp-image-1673\" src=\"https:\/\/www.frohsinn-pudel.de\/wp-content\/uploads\/2018\/12\/20181109_095839-225x300.jpg\" alt=\"\" width=\"225\" height=\"300\" srcset=\"https:\/\/www.frohsinn-pudel.de\/wp-content\/uploads\/2018\/12\/20181109_095839-225x300.jpg 225w, https:\/\/www.frohsinn-pudel.de\/wp-content\/uploads\/2018\/12\/20181109_095839.jpg 1440w\" sizes=\"auto, (max-width: 225px) 100vw, 225px\" \/><\/a> <a href=\"https:\/\/www.frohsinn-pudel.de\/wp-content\/uploads\/2018\/12\/20181116_150545.jpg\"><img loading=\"lazy\" decoding=\"async\" class=\"alignnone size-medium wp-image-1674\" src=\"https:\/\/www.frohsinn-pudel.de\/wp-content\/uploads\/2018\/12\/20181116_150545-213x300.jpg\" alt=\"\" width=\"213\" height=\"300\" srcset=\"https:\/\/www.frohsinn-pudel.de\/wp-content\/uploads\/2018\/12\/20181116_150545-213x300.jpg 213w, https:\/\/www.frohsinn-pudel.de\/wp-content\/uploads\/2018\/12\/20181116_150545.jpg 983w\" sizes=\"auto, (max-width: 213px) 100vw, 213px\" \/><\/a><\/p>\n<p>Gr\u00fc\u00dfe von Milla<\/p>\n<div>Liebe Frau F\u00fcnfsinn,<\/div>\n<div><\/div>\n<div>schon lange haben wir uns vorgenommen mal wieder zu schreiben wie es hier so l\u00e4uft, aber Sie kennen das sicher auch &#8211; irgendwas ist immer&#8230;<\/div>\n<div><\/div>\n<div>Milla ist ein toller Hund und alle schlie\u00dfen sie sofort ins Herz &#8211; sie hat ein so liebes und fr\u00f6hliches Wesen! Alle Menschen werden schwanzwedelnd und freudig begr\u00fc\u00dft, aber sie wei\u00df auch schon wann sie mal Ruhe geben muss und legt sich dann ganz brav hin und wartet ab.<\/div>\n<div>Drau\u00dfen ist sie ein rechter Springinsfeld, sehr aktiv und aufmerksam, mit viel Bewegungsdrang und auch einem nicht zu untersch\u00e4tzenden Jagdtrieb. Vor kurzem hat sie auf einem Spaziergang einen Fasan entdeckt, da war ich sehr froh sie an der Leine zu haben! Andernfalls w\u00e4re sie h\u00f6chstwahrscheinlich nicht mehr aufzuhalten gewesen&#8230; Wir haben jetzt eine 5 Meter lange Schleppleine &#8211; so kann sie uns nicht entwischen und ger\u00e4t nicht so leicht in Gefahr, aber sie kann sich dennoch etwas austoben.<\/div>\n<div><\/div>\n<div>In der Hundeschule arbeitet sie toll mit, sie versteht die \u00dcbungen sehr schnell und wird auch immer mutiger. Greta ist mit ihr in der Welpenstunde auf dem Platz und die beiden sind ein klasse Team! Seit einer Woche darf Milla nun bei Greta \u00fcbernachten (bisher war sie noch bei uns im Schlafzimmer, direkt neben mir) und beide sind ganz selig! Raten Sie mal wo genau Milla schl\u00e4ft&#8230; <img decoding=\"async\" class=\"m_385349025148696798smiley CToWUd\" src=\"https:\/\/ci4.googleusercontent.com\/proxy\/fZMkTrAihxNd6qvV3eytqLupj42tEUXU7AtYPDSgY6pCFV66pR3QWIKpNPok8pkkM_tmWS0tE9kHJwJtLwWk3NHK-kdlQAXukynfYEj8AizmLm8ixGAJWE8HreISuMuP0kpHeh39Ef3_F8wS9KjM-xwe721aJw=s0-d-e1-ft#https:\/\/cdn.webde.de\/cdn\/mail\/client\/wicket\/resource\/static-res\/---\/mc\/img\/smileys\/default\/s_02.gif\" alt=\"\" \/><img decoding=\"async\" class=\"m_385349025148696798smiley CToWUd\" src=\"https:\/\/ci6.googleusercontent.com\/proxy\/Iwc1YJGc4MOhpvh1pw5K5d9Htbs-7HuRETNQBbJT16ySo8GvJhy6hsMIYCGa9aB-lcmj01JrNIWXIIwxBLjk7SOjuG9MCBuxM8cy-YSaewkdXqCK8qKHojqiTMXmnnnvK_HvE9RpzAeTvVfPvKVsb7gzqHBs8g=s0-d-e1-ft#https:\/\/cdn.webde.de\/cdn\/mail\/client\/wicket\/resource\/static-res\/---\/mc\/img\/smileys\/default\/s_35.gif\" alt=\"\" \/><\/div>\n<div><\/div>\n<div>Milla ist mitten im Zahnwechsel und hat vor kurzem fast zeitgleich beide Rei\u00dfz\u00e4hne unten verloren, was dazu gef\u00fchrt hat, dass sie zwei, drei Tage lang noch schlechter gegessen hat als sonst. &#8211; Sie ist einfach keine gute Esserin, Obst und Gem\u00fcse mag sie nicht besonders und nur in ganz kleinen Mengen, wenn etwas zu viel unters Futter gemischt ist l\u00e4sst sie einfach alles stehen. Wahrscheinlich aus dem gleichen Grund frisst sie auch das Fertig-BARF gar nicht mehr (da ist ja schon recht viel Gem\u00fcse drin). Das Premium-Trockenfutter geht dagegen immer.<\/div>\n<div><\/div>\n<div>Wir hoffen Ihnen und Ihrem Mann sowie den 16 Pfoten geht es gut und alle sind gesund und munter.<\/div>\n<div><\/div>\n<div><\/div>\n<div>Herzliche Gr\u00fc\u00dfe,<\/div>\n<div><a href=\"https:\/\/www.frohsinn-pudel.de\/wp-content\/uploads\/2018\/12\/IMG_00151.jpg\"><img loading=\"lazy\" decoding=\"async\" class=\"alignnone size-medium wp-image-1675\" src=\"https:\/\/www.frohsinn-pudel.de\/wp-content\/uploads\/2018\/12\/IMG_00151-300x200.jpg\" alt=\"\" width=\"300\" height=\"200\" srcset=\"https:\/\/www.frohsinn-pudel.de\/wp-content\/uploads\/2018\/12\/IMG_00151-300x200.jpg 300w, https:\/\/www.frohsinn-pudel.de\/wp-content\/uploads\/2018\/12\/IMG_00151.jpg 1920w\" sizes=\"auto, (max-width: 300px) 100vw, 300px\" \/><\/a> <a href=\"https:\/\/www.frohsinn-pudel.de\/wp-content\/uploads\/2018\/12\/IMG_00191.jpg\"><img loading=\"lazy\" decoding=\"async\" class=\"alignnone size-medium wp-image-1676\" src=\"https:\/\/www.frohsinn-pudel.de\/wp-content\/uploads\/2018\/12\/IMG_00191-300x200.jpg\" alt=\"\" width=\"300\" height=\"200\" srcset=\"https:\/\/www.frohsinn-pudel.de\/wp-content\/uploads\/2018\/12\/IMG_00191-300x200.jpg 300w, https:\/\/www.frohsinn-pudel.de\/wp-content\/uploads\/2018\/12\/IMG_00191.jpg 1920w\" sizes=\"auto, (max-width: 300px) 100vw, 300px\" \/><\/a> <a href=\"https:\/\/www.frohsinn-pudel.de\/wp-content\/uploads\/2018\/12\/IMG_00111.jpg\"><img loading=\"lazy\" decoding=\"async\" class=\"alignnone size-medium wp-image-1677\" src=\"https:\/\/www.frohsinn-pudel.de\/wp-content\/uploads\/2018\/12\/IMG_00111-200x300.jpg\" alt=\"\" width=\"200\" height=\"300\" srcset=\"https:\/\/www.frohsinn-pudel.de\/wp-content\/uploads\/2018\/12\/IMG_00111-200x300.jpg 200w, https:\/\/www.frohsinn-pudel.de\/wp-content\/uploads\/2018\/12\/IMG_00111.jpg 1279w\" sizes=\"auto, (max-width: 200px) 100vw, 200px\" \/><\/a><\/div>\n<div><\/div>\n<div>Gr\u00fc\u00dfe von Maja<\/div>\n<div><\/div>\n<div>Maja ist voll im Zahnwechsel (und ich glaube auch schon in der Pubert\u00e4t :). Sie ist stubenrein, au\u00dfer bei den Badteppichen. Wenn sie die erwischt&#8230; dass scheint die beste Wiese schlechthin zu sein. Wir sind jetzt auch beide beim DRK (ich war ja schon und Maja ist jetzt quasi auch &#8218;Mitglied&#8216;). Wenn sie alt genug ist machen wir die THT Ausbildung (Therapie Hunde Team). Wir gehen dann in soziale Einrichtungen als Besuchsteam. Aber das hat noch Zeit. Maja darf erst mit 1,5 Jahren beginnen.<\/div>\n<div>Momentan darf sie nat\u00fcrlich ganz entspannt alles kennenlernen, was sp\u00e4ter wichtig f\u00fcr sie ist. Sonts ist weiter alles gut.<\/div>\n<div><\/div>\n<div>Eine sch\u00f6ne Vorweihnachtszeit und ganz liebe Gr\u00fc\u00dfe,<\/div>\n<div><a href=\"https:\/\/www.frohsinn-pudel.de\/wp-content\/uploads\/2018\/12\/IMG-20181128-WA0004.jpg\"><img loading=\"lazy\" decoding=\"async\" class=\"alignnone size-medium wp-image-1678\" src=\"https:\/\/www.frohsinn-pudel.de\/wp-content\/uploads\/2018\/12\/IMG-20181128-WA0004-225x300.jpg\" alt=\"\" width=\"225\" height=\"300\" srcset=\"https:\/\/www.frohsinn-pudel.de\/wp-content\/uploads\/2018\/12\/IMG-20181128-WA0004-225x300.jpg 225w, https:\/\/www.frohsinn-pudel.de\/wp-content\/uploads\/2018\/12\/IMG-20181128-WA0004.jpg 1200w\" sizes=\"auto, (max-width: 225px) 100vw, 225px\" \/><\/a> <a href=\"https:\/\/www.frohsinn-pudel.de\/wp-content\/uploads\/2018\/12\/IMG-20181128-WA0008.jpg\"><img loading=\"lazy\" decoding=\"async\" class=\"alignnone size-medium wp-image-1680\" src=\"https:\/\/www.frohsinn-pudel.de\/wp-content\/uploads\/2018\/12\/IMG-20181128-WA0008-300x225.jpg\" alt=\"\" width=\"300\" height=\"225\" srcset=\"https:\/\/www.frohsinn-pudel.de\/wp-content\/uploads\/2018\/12\/IMG-20181128-WA0008-300x225.jpg 300w, https:\/\/www.frohsinn-pudel.de\/wp-content\/uploads\/2018\/12\/IMG-20181128-WA0008.jpg 1600w\" sizes=\"auto, (max-width: 300px) 100vw, 300px\" \/><\/a><\/div>\n<div><\/div>\n<div>Und f\u00fcr den ersten Dezember war auch hing auch schon was an der Wand \ud83d\ude42<\/div>\n<div><a href=\"https:\/\/www.frohsinn-pudel.de\/wp-content\/uploads\/2018\/12\/IMG-20181128-WA0006.jpg\"><img loading=\"lazy\" decoding=\"async\" class=\"alignnone size-medium wp-image-1679\" src=\"https:\/\/www.frohsinn-pudel.de\/wp-content\/uploads\/2018\/12\/IMG-20181128-WA0006-225x300.jpg\" alt=\"\" width=\"225\" height=\"300\" srcset=\"https:\/\/www.frohsinn-pudel.de\/wp-content\/uploads\/2018\/12\/IMG-20181128-WA0006-225x300.jpg 225w, https:\/\/www.frohsinn-pudel.de\/wp-content\/uploads\/2018\/12\/IMG-20181128-WA0006.jpg 1200w\" sizes=\"auto, (max-width: 225px) 100vw, 225px\" \/><\/a><\/div>\n<div><\/div>\n<div>Vielen lieben Dank f\u00fcr die Berichte und die sch\u00f6nen Bilder. Ich finde es faszinierend, wie aus den kleinen pummeligen Welpen langsam Junghunde werden.<\/div>\n<div><\/div>\n<div><\/div>\n<div><\/div>\n","protected":false},"excerpt":{"rendered":"<p>Gr\u00fc\u00dfe von Mira: Hallo nochmal liebe Elke! Inzwischen liegen die ersten zwei Wochen des neuen Semesters hinter uns. Wir sind [&hellip;]<\/p>\n","protected":false},"author":1,"featured_media":0,"comment_status":"closed","ping_status":"closed","sticky":false,"template":"","format":"standard","meta":{"footnotes":""},"categories":[1],"tags":[],"class_list":["post-1672","post","type-post","status-publish","format-standard","hentry","category-allgemein"],"_links":{"self":[{"href":"https:\/\/www.frohsinn-pudel.de\/index.php?rest_route=\/wp\/v2\/posts\/1672","targetHints":{"allow":["GET"]}}],"collection":[{"href":"https:\/\/www.frohsinn-pudel.de\/index.php?rest_route=\/wp\/v2\/posts"}],"about":[{"href":"https:\/\/www.frohsinn-pudel.de\/index.php?rest_route=\/wp\/v2\/types\/post"}],"author":[{"embeddable":true,"href":"https:\/\/www.frohsinn-pudel.de\/index.php?rest_route=\/wp\/v2\/users\/1"}],"replies":[{"embeddable":true,"href":"https:\/\/www.frohsinn-pudel.de\/index.php?rest_route=%2Fwp%2Fv2%2Fcomments&post=1672"}],"version-history":[{"count":1,"href":"https:\/\/www.frohsinn-pudel.de\/index.php?rest_route=\/wp\/v2\/posts\/1672\/revisions"}],"predecessor-version":[{"id":1681,"href":"https:\/\/www.frohsinn-pudel.de\/index.php?rest_route=\/wp\/v2\/posts\/1672\/revisions\/1681"}],"wp:attachment":[{"href":"https:\/\/www.frohsinn-pudel.de\/index.php?rest_route=%2Fwp%2Fv2%2Fmedia&parent=1672"}],"wp:term":[{"taxonomy":"category","embeddable":true,"href":"https:\/\/www.frohsinn-pudel.de\/index.php?rest_route=%2Fwp%2Fv2%2Fcategories&post=1672"},{"taxonomy":"post_tag","embeddable":true,"href":"https:\/\/www.frohsinn-pudel.de\/index.php?rest_route=%2Fwp%2Fv2%2Ftags&post=1672"}],"curies":[{"name":"wp","href":"https:\/\/api.w.org\/{rel}","templated":true}]}}