{"id":1768,"date":"2019-06-30T21:55:45","date_gmt":"2019-06-30T19:55:45","guid":{"rendered":"http:\/\/www.frohsinn-pudel.de\/?p=1768"},"modified":"2019-06-30T21:56:36","modified_gmt":"2019-06-30T19:56:36","slug":"julie-2","status":"publish","type":"post","link":"https:\/\/www.frohsinn-pudel.de\/?p=1768","title":{"rendered":"Julie"},"content":{"rendered":"<p>Es gibt nicht viel zu berichten. Julie ist in den letzten beiden Wochen sehr in die Breite gegangen. Ich habe ihr heute ein anderes Geschirr angezogen, weil man ihr Geschirr nicht mehr weiter stellen kann und es etwas eng sitzt. Sie ist schon sehr dick, aber es geht ihr zum Gl\u00fcck trotzdem richtig gut. Selbst bei der Hitze l\u00e4uft sie immer vorne weg und der Hunger wird auch immer gr\u00f6\u00dfer. Ich gebe ihr jetzt 3 kleine Mahlzeiten, damit sie nicht so viel auf einmal fressen muss. Es sieht nicht so aus, als ob sie viel Platz im Bauch h\u00e4tte. Und sie hat noch 3 Wochen vor sich.<\/p>\n<p>Ich wollte ein sch\u00f6nes Portrait von ihr machen, aber sie hielt gar nichts davon. Sie hat sich sofort abgewendet und dann versteckt. Mein Mann meint, sie sch\u00e4mt sich, weil sie so dick ist :))).<\/p>\n<p>Hier jetzt die Versuche:<\/p>\n<p><a href=\"https:\/\/www.frohsinn-pudel.de\/wp-content\/uploads\/2019\/06\/20190630_212748.jpg\"><img loading=\"lazy\" decoding=\"async\" class=\"alignnone size-medium wp-image-1770\" src=\"https:\/\/www.frohsinn-pudel.de\/wp-content\/uploads\/2019\/06\/20190630_212748-300x300.jpg\" alt=\"\" width=\"300\" height=\"300\" srcset=\"https:\/\/www.frohsinn-pudel.de\/wp-content\/uploads\/2019\/06\/20190630_212748-300x300.jpg 300w, https:\/\/www.frohsinn-pudel.de\/wp-content\/uploads\/2019\/06\/20190630_212748.jpg 1920w\" sizes=\"auto, (max-width: 300px) 100vw, 300px\" \/><\/a><\/p>\n<p>Sie hat den Fotoapparat entdeckt.<\/p>\n<p><a href=\"https:\/\/www.frohsinn-pudel.de\/wp-content\/uploads\/2019\/06\/20190630_212757.jpg\"><img loading=\"lazy\" decoding=\"async\" class=\"alignnone size-medium wp-image-1771\" src=\"https:\/\/www.frohsinn-pudel.de\/wp-content\/uploads\/2019\/06\/20190630_212757-300x300.jpg\" alt=\"\" width=\"300\" height=\"300\" srcset=\"https:\/\/www.frohsinn-pudel.de\/wp-content\/uploads\/2019\/06\/20190630_212757-300x300.jpg 300w, https:\/\/www.frohsinn-pudel.de\/wp-content\/uploads\/2019\/06\/20190630_212757.jpg 1920w\" sizes=\"auto, (max-width: 300px) 100vw, 300px\" \/><\/a><\/p>\n<p>Dann ist sie unter die Tischdecke gefl\u00fcchtet. Baja hat sich daf\u00fcr vor die Kamera geschoben.<\/p>\n<p><a href=\"https:\/\/www.frohsinn-pudel.de\/wp-content\/uploads\/2019\/06\/20190630_212838.jpg\"><img loading=\"lazy\" decoding=\"async\" class=\"alignnone size-medium wp-image-1769\" src=\"https:\/\/www.frohsinn-pudel.de\/wp-content\/uploads\/2019\/06\/20190630_212838-300x300.jpg\" alt=\"\" width=\"300\" height=\"300\" srcset=\"https:\/\/www.frohsinn-pudel.de\/wp-content\/uploads\/2019\/06\/20190630_212838-300x300.jpg 300w, https:\/\/www.frohsinn-pudel.de\/wp-content\/uploads\/2019\/06\/20190630_212838.jpg 1920w\" sizes=\"auto, (max-width: 300px) 100vw, 300px\" \/><\/a><\/p>\n<p>Als sie dann lag und zu mir schaute kam ich mit der Kamera und sofort war der Kopf weg.<\/p>\n<p>Naja &#8211; dann gibt es eben keine ordentlichen Bilder von ihr.<\/p>\n<p>Daf\u00fcr haben sich Camilla und Baja ins Bild gesetzt.<\/p>\n<p><a href=\"https:\/\/www.frohsinn-pudel.de\/wp-content\/uploads\/2019\/06\/20190630_212807.jpg\"><img loading=\"lazy\" decoding=\"async\" class=\"alignnone size-medium wp-image-1772\" src=\"https:\/\/www.frohsinn-pudel.de\/wp-content\/uploads\/2019\/06\/20190630_212807-300x300.jpg\" alt=\"\" width=\"300\" height=\"300\" srcset=\"https:\/\/www.frohsinn-pudel.de\/wp-content\/uploads\/2019\/06\/20190630_212807-300x300.jpg 300w, https:\/\/www.frohsinn-pudel.de\/wp-content\/uploads\/2019\/06\/20190630_212807.jpg 1920w\" sizes=\"auto, (max-width: 300px) 100vw, 300px\" \/><\/a> <a href=\"https:\/\/www.frohsinn-pudel.de\/wp-content\/uploads\/2019\/06\/20190630_212811.jpg\"><img loading=\"lazy\" decoding=\"async\" class=\"alignnone size-medium wp-image-1773\" src=\"https:\/\/www.frohsinn-pudel.de\/wp-content\/uploads\/2019\/06\/20190630_212811-300x300.jpg\" alt=\"\" width=\"300\" height=\"300\" srcset=\"https:\/\/www.frohsinn-pudel.de\/wp-content\/uploads\/2019\/06\/20190630_212811-300x300.jpg 300w, https:\/\/www.frohsinn-pudel.de\/wp-content\/uploads\/2019\/06\/20190630_212811.jpg 1920w\" sizes=\"auto, (max-width: 300px) 100vw, 300px\" \/><\/a><\/p>\n<p>Die Welpen sind schon alle reserviert.<\/p>\n<p>&nbsp;<\/p>\n","protected":false},"excerpt":{"rendered":"<p>Es gibt nicht viel zu berichten. Julie ist in den letzten beiden Wochen sehr in die Breite gegangen. Ich habe [&hellip;]<\/p>\n","protected":false},"author":1,"featured_media":1769,"comment_status":"closed","ping_status":"closed","sticky":false,"template":"","format":"standard","meta":{"footnotes":""},"categories":[1],"tags":[],"class_list":["post-1768","post","type-post","status-publish","format-standard","has-post-thumbnail","hentry","category-allgemein"],"_links":{"self":[{"href":"https:\/\/www.frohsinn-pudel.de\/index.php?rest_route=\/wp\/v2\/posts\/1768","targetHints":{"allow":["GET"]}}],"collection":[{"href":"https:\/\/www.frohsinn-pudel.de\/index.php?rest_route=\/wp\/v2\/posts"}],"about":[{"href":"https:\/\/www.frohsinn-pudel.de\/index.php?rest_route=\/wp\/v2\/types\/post"}],"author":[{"embeddable":true,"href":"https:\/\/www.frohsinn-pudel.de\/index.php?rest_route=\/wp\/v2\/users\/1"}],"replies":[{"embeddable":true,"href":"https:\/\/www.frohsinn-pudel.de\/index.php?rest_route=%2Fwp%2Fv2%2Fcomments&post=1768"}],"version-history":[{"count":2,"href":"https:\/\/www.frohsinn-pudel.de\/index.php?rest_route=\/wp\/v2\/posts\/1768\/revisions"}],"predecessor-version":[{"id":1775,"href":"https:\/\/www.frohsinn-pudel.de\/index.php?rest_route=\/wp\/v2\/posts\/1768\/revisions\/1775"}],"wp:featuredmedia":[{"embeddable":true,"href":"https:\/\/www.frohsinn-pudel.de\/index.php?rest_route=\/wp\/v2\/media\/1769"}],"wp:attachment":[{"href":"https:\/\/www.frohsinn-pudel.de\/index.php?rest_route=%2Fwp%2Fv2%2Fmedia&parent=1768"}],"wp:term":[{"taxonomy":"category","embeddable":true,"href":"https:\/\/www.frohsinn-pudel.de\/index.php?rest_route=%2Fwp%2Fv2%2Fcategories&post=1768"},{"taxonomy":"post_tag","embeddable":true,"href":"https:\/\/www.frohsinn-pudel.de\/index.php?rest_route=%2Fwp%2Fv2%2Ftags&post=1768"}],"curies":[{"name":"wp","href":"https:\/\/api.w.org\/{rel}","templated":true}]}}