{"id":1776,"date":"2019-07-01T06:20:28","date_gmt":"2019-07-01T04:20:28","guid":{"rendered":"http:\/\/www.frohsinn-pudel.de\/?p=1776"},"modified":"2019-07-01T06:20:28","modified_gmt":"2019-07-01T04:20:28","slug":"herzlichen-glueckwunsch-2","status":"publish","type":"post","link":"https:\/\/www.frohsinn-pudel.de\/?p=1776","title":{"rendered":"Herzlichen Gl\u00fcckwunsch"},"content":{"rendered":"<p>Bajas erste Welpen sind jetzt schon 1 Jahr alt. Wir gratulieren ganz herzlich.<\/p>\n<p>Hier sind einige der letzten Fotos.<\/p>\n<p><a href=\"https:\/\/www.frohsinn-pudel.de\/wp-content\/uploads\/2019\/06\/IMG-20190509-WA0002.jpg\"><img loading=\"lazy\" decoding=\"async\" class=\"alignnone size-medium wp-image-1779\" src=\"https:\/\/www.frohsinn-pudel.de\/wp-content\/uploads\/2019\/06\/IMG-20190509-WA0002-300x250.jpg\" alt=\"\" width=\"300\" height=\"250\" srcset=\"https:\/\/www.frohsinn-pudel.de\/wp-content\/uploads\/2019\/06\/IMG-20190509-WA0002-300x250.jpg 300w, https:\/\/www.frohsinn-pudel.de\/wp-content\/uploads\/2019\/06\/IMG-20190509-WA0002.jpg 1024w\" sizes=\"auto, (max-width: 300px) 100vw, 300px\" \/><\/a><\/p>\n<p>Das ist Mila mit dem Enkelchen.<\/p>\n<p><a href=\"https:\/\/www.frohsinn-pudel.de\/wp-content\/uploads\/2019\/06\/IMG-20190605-WA0005.jpg\"><img loading=\"lazy\" decoding=\"async\" class=\"alignnone size-medium wp-image-1780\" src=\"https:\/\/www.frohsinn-pudel.de\/wp-content\/uploads\/2019\/06\/IMG-20190605-WA0005-169x300.jpg\" alt=\"\" width=\"169\" height=\"300\" srcset=\"https:\/\/www.frohsinn-pudel.de\/wp-content\/uploads\/2019\/06\/IMG-20190605-WA0005-169x300.jpg 169w, https:\/\/www.frohsinn-pudel.de\/wp-content\/uploads\/2019\/06\/IMG-20190605-WA0005.jpg 900w\" sizes=\"auto, (max-width: 169px) 100vw, 169px\" \/><\/a><a href=\"https:\/\/www.frohsinn-pudel.de\/wp-content\/uploads\/2019\/06\/IMG-20190605-WA0008.jpg\"><img loading=\"lazy\" decoding=\"async\" class=\"alignnone size-medium wp-image-1781\" src=\"https:\/\/www.frohsinn-pudel.de\/wp-content\/uploads\/2019\/06\/IMG-20190605-WA0008-300x169.jpg\" alt=\"\" width=\"300\" height=\"169\" srcset=\"https:\/\/www.frohsinn-pudel.de\/wp-content\/uploads\/2019\/06\/IMG-20190605-WA0008-300x169.jpg 300w, https:\/\/www.frohsinn-pudel.de\/wp-content\/uploads\/2019\/06\/IMG-20190605-WA0008-768x432.jpg 768w, https:\/\/www.frohsinn-pudel.de\/wp-content\/uploads\/2019\/06\/IMG-20190605-WA0008-1024x576.jpg 1024w, https:\/\/www.frohsinn-pudel.de\/wp-content\/uploads\/2019\/06\/IMG-20190605-WA0008.jpg 1600w\" sizes=\"auto, (max-width: 300px) 100vw, 300px\" \/><\/a><\/p>\n<p>Maja nach der Schur und nach einem langen Spaziergang.<\/p>\n<p><a href=\"https:\/\/www.frohsinn-pudel.de\/wp-content\/uploads\/2019\/06\/20190429_083823.jpg\"><img loading=\"lazy\" decoding=\"async\" class=\"alignnone size-medium wp-image-1782\" src=\"https:\/\/www.frohsinn-pudel.de\/wp-content\/uploads\/2019\/06\/20190429_083823-225x300.jpg\" alt=\"\" width=\"225\" height=\"300\" srcset=\"https:\/\/www.frohsinn-pudel.de\/wp-content\/uploads\/2019\/06\/20190429_083823-225x300.jpg 225w, https:\/\/www.frohsinn-pudel.de\/wp-content\/uploads\/2019\/06\/20190429_083823-768x1024.jpg 768w, https:\/\/www.frohsinn-pudel.de\/wp-content\/uploads\/2019\/06\/20190429_083823.jpg 1440w\" sizes=\"auto, (max-width: 225px) 100vw, 225px\" \/><\/a> <a href=\"https:\/\/www.frohsinn-pudel.de\/wp-content\/uploads\/2019\/06\/20190504_223606.jpg\"><img loading=\"lazy\" decoding=\"async\" class=\"alignnone size-medium wp-image-1783\" src=\"https:\/\/www.frohsinn-pudel.de\/wp-content\/uploads\/2019\/06\/20190504_223606-300x225.jpg\" alt=\"\" width=\"300\" height=\"225\" srcset=\"https:\/\/www.frohsinn-pudel.de\/wp-content\/uploads\/2019\/06\/20190504_223606-300x225.jpg 300w, https:\/\/www.frohsinn-pudel.de\/wp-content\/uploads\/2019\/06\/20190504_223606-768x576.jpg 768w, https:\/\/www.frohsinn-pudel.de\/wp-content\/uploads\/2019\/06\/20190504_223606-1024x768.jpg 1024w, https:\/\/www.frohsinn-pudel.de\/wp-content\/uploads\/2019\/06\/20190504_223606.jpg 1920w\" sizes=\"auto, (max-width: 300px) 100vw, 300px\" \/><\/a><\/p>\n<p>Mira ist auf dem ersten Bild mir ihrem Kumpel. Sie besuchen gemeinsam die Uni. Ansonsten hat sie anscheinend auch den sch\u00f6nsten Platz f\u00fcr sich beansprucht :).<\/p>\n<p>Wir h\u00e4tten gerne das Treffen zum Einj\u00e4hrigen in den Sommerferein gemacht, aber da Julie jetzt doch schon sehr tr\u00e4chtig ist, wollen wir ihr das nicht zumuten. Ein Geburtstagtreffen wird es auf jeden Fall geben. Es wird nur wahrscheinlich noch etwas dauern. Ich freue mich schon sehr darauf, die\u00a0 &#8218;Kleinen&#8216; alle noch einmal wiederzusehen und nat\u00fcrlich freue ich mich auch darauf, die Besitzer wieder zu treffen. Man hat ja doch eine ziemlich intensive Zeit miteinander gehabt.<\/p>\n","protected":false},"excerpt":{"rendered":"<p>Bajas erste Welpen sind jetzt schon 1 Jahr alt. Wir gratulieren ganz herzlich. Hier sind einige der letzten Fotos. Das [&hellip;]<\/p>\n","protected":false},"author":1,"featured_media":1780,"comment_status":"closed","ping_status":"closed","sticky":false,"template":"","format":"standard","meta":{"footnotes":""},"categories":[1],"tags":[],"class_list":["post-1776","post","type-post","status-publish","format-standard","has-post-thumbnail","hentry","category-allgemein"],"_links":{"self":[{"href":"https:\/\/www.frohsinn-pudel.de\/index.php?rest_route=\/wp\/v2\/posts\/1776","targetHints":{"allow":["GET"]}}],"collection":[{"href":"https:\/\/www.frohsinn-pudel.de\/index.php?rest_route=\/wp\/v2\/posts"}],"about":[{"href":"https:\/\/www.frohsinn-pudel.de\/index.php?rest_route=\/wp\/v2\/types\/post"}],"author":[{"embeddable":true,"href":"https:\/\/www.frohsinn-pudel.de\/index.php?rest_route=\/wp\/v2\/users\/1"}],"replies":[{"embeddable":true,"href":"https:\/\/www.frohsinn-pudel.de\/index.php?rest_route=%2Fwp%2Fv2%2Fcomments&post=1776"}],"version-history":[{"count":2,"href":"https:\/\/www.frohsinn-pudel.de\/index.php?rest_route=\/wp\/v2\/posts\/1776\/revisions"}],"predecessor-version":[{"id":1784,"href":"https:\/\/www.frohsinn-pudel.de\/index.php?rest_route=\/wp\/v2\/posts\/1776\/revisions\/1784"}],"wp:featuredmedia":[{"embeddable":true,"href":"https:\/\/www.frohsinn-pudel.de\/index.php?rest_route=\/wp\/v2\/media\/1780"}],"wp:attachment":[{"href":"https:\/\/www.frohsinn-pudel.de\/index.php?rest_route=%2Fwp%2Fv2%2Fmedia&parent=1776"}],"wp:term":[{"taxonomy":"category","embeddable":true,"href":"https:\/\/www.frohsinn-pudel.de\/index.php?rest_route=%2Fwp%2Fv2%2Fcategories&post=1776"},{"taxonomy":"post_tag","embeddable":true,"href":"https:\/\/www.frohsinn-pudel.de\/index.php?rest_route=%2Fwp%2Fv2%2Ftags&post=1776"}],"curies":[{"name":"wp","href":"https:\/\/api.w.org\/{rel}","templated":true}]}}