{"id":2516,"date":"2020-03-29T14:22:04","date_gmt":"2020-03-29T12:22:04","guid":{"rendered":"http:\/\/www.frohsinn-pudel.de\/?p=2516"},"modified":"2020-03-29T16:42:00","modified_gmt":"2020-03-29T14:42:00","slug":"neues-von-lilly","status":"publish","type":"post","link":"https:\/\/www.frohsinn-pudel.de\/?p=2516","title":{"rendered":"Neues von Lilly"},"content":{"rendered":"<div class=\"adn ads\" data-message-id=\"#msg-a:r-4646842689529242276\">\n<div class=\"gs\">\n<div class=\"\">\n<div id=\":w7\" class=\"ii gt\">\n<div id=\":w8\" class=\"a3s aXjCH \">\n<div class=\"HOEnZb adL\">\n<div class=\"im\">\n<div class=\"gmail_quote\">\n<blockquote class=\"gmail_quote\">\n<div dir=\"ltr\">\n<div><em>Hallo Elke,<\/em><\/div>\n<div><em>vielen Dank f\u00fcr die Zusendung der Kontakte! Ich m\u00f6chte dich wieder ein wenig \u00fcber Lilly auf dem Laufenden halten. Uns und Lilly geht es sehr gut. Nun habe ich das Gef\u00fchl dass sich Lilly gut eingelebt hat und auch wir haben uns schon gut auf die neue Situation eingestellt, es macht richtig viel Spa\u00df mit Lilly, sie passt sehr gut zu uns, vielen dank dass du sie so gut f\u00fcr uns ausgesucht hast. Auch die Kinder haben schnell den richtigen Umgang mit Lilly gelernt.\u00a0<\/em><\/div>\n<div><\/div>\n<div><em>Gestern haben wir mit Lilly den ersten Ausflug an den Flu\u00df Bregenzer Ach unternommen. Wo sie sonst eher z\u00f6gerlich ist bei neuen Umgebungen war hier gar nicht zu erkennen, es hat ihr richtig viel Spa\u00df gemacht \u00fcber die Steine zu klettern, im Sand zu buddeln und das Wasser kennenzulernen.\u00a0<\/em><\/div>\n<div><\/div>\n<div><em>Am Donnerstag haben wir uns auch beim Tierarzt vorgestellt, es ist alles gut verlaufen. Mitte April wird sie die n\u00e4chste Impfung bekommen. Ich stelle nun schrittweise auf Trockenfutter um.\u00a0<\/em><\/div>\n<div><\/div>\n<div><em>Der Welpenkurs findet derzeit \u00fcber Videotelefonie statt. Hier kann man Fragen stellen und der Hundetrainer informiert \u00fcber grunds\u00e4tzliche Dinge die zu beachten sind. Was meint Ihr, ist es ein Problem, wenn Lilly der Kontakt zu anderen Welpen fehlt?\u00a0<\/em><\/div>\n<div><\/div>\n<div><em>Anbei sende ich dir ein paar Fotos von Lilly, die viele Zeit zu Hause nutzen die Kinder viel f\u00fcr Basteln, so haben sie f\u00fcr Lilly einen kleinen Fleckerlteppich gewebt, was sogleich ihr Lieblingsspielzeug wurde.\u00a0<\/em><\/div>\n<div><\/div>\n<div><em>Ich hoffe euch geht es gut! LG aus Vorarlberg<\/em><\/div>\n<div><a href=\"https:\/\/www.frohsinn-pudel.de\/wp-content\/uploads\/2020\/03\/IMG_20200327_131422.jpg\"><img loading=\"lazy\" decoding=\"async\" class=\"alignnone size-medium wp-image-2517\" src=\"https:\/\/www.frohsinn-pudel.de\/wp-content\/uploads\/2020\/03\/IMG_20200327_131422-225x300.jpg\" alt=\"\" width=\"225\" height=\"300\" srcset=\"https:\/\/www.frohsinn-pudel.de\/wp-content\/uploads\/2020\/03\/IMG_20200327_131422-225x300.jpg 225w, https:\/\/www.frohsinn-pudel.de\/wp-content\/uploads\/2020\/03\/IMG_20200327_131422-768x1024.jpg 768w, https:\/\/www.frohsinn-pudel.de\/wp-content\/uploads\/2020\/03\/IMG_20200327_131422-1152x1536.jpg 1152w, https:\/\/www.frohsinn-pudel.de\/wp-content\/uploads\/2020\/03\/IMG_20200327_131422.jpg 1440w\" sizes=\"auto, (max-width: 225px) 100vw, 225px\" \/><\/a> <a href=\"https:\/\/www.frohsinn-pudel.de\/wp-content\/uploads\/2020\/03\/IMG_20200327_125229.jpg\"><img loading=\"lazy\" decoding=\"async\" class=\"alignnone size-medium wp-image-2518\" src=\"https:\/\/www.frohsinn-pudel.de\/wp-content\/uploads\/2020\/03\/IMG_20200327_125229-225x300.jpg\" alt=\"\" width=\"225\" height=\"300\" srcset=\"https:\/\/www.frohsinn-pudel.de\/wp-content\/uploads\/2020\/03\/IMG_20200327_125229-225x300.jpg 225w, https:\/\/www.frohsinn-pudel.de\/wp-content\/uploads\/2020\/03\/IMG_20200327_125229-768x1024.jpg 768w, https:\/\/www.frohsinn-pudel.de\/wp-content\/uploads\/2020\/03\/IMG_20200327_125229-1152x1536.jpg 1152w, https:\/\/www.frohsinn-pudel.de\/wp-content\/uploads\/2020\/03\/IMG_20200327_125229.jpg 1440w\" sizes=\"auto, (max-width: 225px) 100vw, 225px\" \/><\/a> <a href=\"https:\/\/www.frohsinn-pudel.de\/wp-content\/uploads\/2020\/03\/IMG_20200320_103251.jpg\"><img loading=\"lazy\" decoding=\"async\" class=\"alignnone size-medium wp-image-2519\" src=\"https:\/\/www.frohsinn-pudel.de\/wp-content\/uploads\/2020\/03\/IMG_20200320_103251-225x300.jpg\" alt=\"\" width=\"225\" height=\"300\" srcset=\"https:\/\/www.frohsinn-pudel.de\/wp-content\/uploads\/2020\/03\/IMG_20200320_103251-225x300.jpg 225w, https:\/\/www.frohsinn-pudel.de\/wp-content\/uploads\/2020\/03\/IMG_20200320_103251-768x1024.jpg 768w, https:\/\/www.frohsinn-pudel.de\/wp-content\/uploads\/2020\/03\/IMG_20200320_103251-1152x1536.jpg 1152w, https:\/\/www.frohsinn-pudel.de\/wp-content\/uploads\/2020\/03\/IMG_20200320_103251.jpg 1440w\" sizes=\"auto, (max-width: 225px) 100vw, 225px\" \/><\/a><\/div>\n<\/div>\n<div><\/div>\n<div dir=\"ltr\">\n<div><\/div>\n<div>Vielen Dank f\u00fcr den sch\u00f6nen Bericht.<\/div>\n<div>Wahrscheinlich werden sich viele Welpenbesitzer fragen, ob es dem Welpen schadet, wenn er keine anderen Welpenkontakte hat. Meine Erfahrungen sind, dass es kein Problem f\u00fcr den Welpen ist. Wichtig ist, dass er eine gute Bindung zu seinen Menschen bekommt, d.h. dass man schon an der Grundausbildung arbeitet &#8211; vielleicht ist arbeiten der falsche Begriff. Es sind eher kleine Spiele, bei denen der Hund lernt. Und wichtig finde ich, dass der Welpe auch schon ein wenig von der Welt kennenlernt. Wie oben im Bericht. In der Natur gibt es genug zu entdecken. Wenn die Hundeschule erst sp\u00e4ter anf\u00e4ngt, macht das gar nichts. Vielleicht ist vieles dann sogar leichter, weil das Hund-Mensch-Team schon eingespielt ist und man seinen Hund schon recht gut kennt.<\/div>\n<\/div>\n<\/blockquote>\n<div>___________________________________________________________________________<\/div>\n<div id=\":oi\">\n<div class=\"lQs8Hd\"><em>Hier kommt noch ein sch\u00f6ner Bericht von Elsa. Er ist schon etwas \u00e4lter, ich wollte ihn trotzdem noch auf die HP stellen. Jetzt haben wir nicht mehr so viele aktuelle Neuigkeiten und ich finde es immer interessant, was aus den `\u00e4lteren` Welpen geworden ist. Vielen Dank f\u00fcr den tollen Bericht und die sch\u00f6nen Fotos &#8211; schwarz ist wirklich nicht so leicht zu fotografieren \ud83d\ude42<\/em><\/div>\n<div class=\"btm\"><\/div>\n<div dir=\"auto\">Liebe Elke,<\/div>\n<div dir=\"auto\">hiermit senden wir euch &#8211; mitten ins Welpengewusel von Camillas Nachwuchs \ud83e\udd70 &#8211; Gl\u00fcckwunsch &#8211;<\/div>\n<div dir=\"auto\">herzliche Gr\u00fc\u00dfe von der Nordseeinsel Spiekeroog. Es ist Elsas erster Urlaub.<\/div>\n<div dir=\"auto\">Was wir schon lange wissen, hat sich einmal mehr best\u00e4tigt: Elsa ist ein Schatz. Sie ist so lieb, man kann sie \u00fcberall mit hin nehmen, ohne dass sie unangenehm oder \u00fcberhaupt auff\u00e4llt. Nur bei Ger\u00e4uschen in der FEWO \u00fcber uns, knurrt, wufft oder bellt sie mal. Den Strand findet sie cool, der st\u00fcrmische Wind macht ihr nix aus (sie sieht dabei so lustig aus) aber dem Meer kommt sie lieber nicht so nah. Wir sind aber auch erst einen Tag hier. Am Strand dreht sie so was von hoch. Ihr Schw\u00e4nzchen liegt vor Aufregung nicht mehr im Kringel, sondern platt auf dem R\u00fccken (oder ist das der Sturm?<img decoding=\"async\" class=\"CToWUd\" src=\"https:\/\/mail.google.com\/mail\/e\/1f914\" alt=\"\ud83e\udd14\" data-goomoji=\"1f914\" data-image-whitelisted=\"\" \/><img decoding=\"async\" class=\"CToWUd\" src=\"https:\/\/mail.google.com\/mail\/e\/1f62c\" alt=\"\ud83d\ude2c\" data-goomoji=\"1f62c\" data-image-whitelisted=\"\" \/>). Trotzdem reagiert sie auf den Pfiff und kommt zur\u00fcck gerast. Nur die K\u00f6nigsdisziplin funktioniert (auch Zuhause) Nullkommanull &#8211; der Abruf aus dem Spiel mit anderen Hunden. Aber wir haben ja Zeit&#8230;..<\/div>\n<div dir=\"auto\">Elsa ist &#8211; glaube ich &#8211; eher im Kleinpudel-Format. Sowohl Kopfform als auch Gr\u00f6\u00dfe lassen darauf schlie\u00dfen. Sie scheint \u00fcber die 42 cm nicht mehr hinaus wachsen zu wollen. Macht uns aber gar nix, es ist alles wunderbar so wie es ist. Elsa hat \u00fcbrigens seit kurzem einen offensichtlich dunkelbraunen Schnurrbart <img decoding=\"async\" class=\"CToWUd\" src=\"https:\/\/mail.google.com\/mail\/e\/1f60a\" alt=\"\ud83d\ude0a\" data-goomoji=\"1f60a\" data-image-whitelisted=\"\" \/><\/div>\n<div dir=\"auto\">&#8230;.soviel von der Insel.<\/div>\n<div dir=\"auto\">Viele nordische Gr\u00fc\u00dfe<\/div>\n<div dir=\"auto\"><a href=\"https:\/\/www.frohsinn-pudel.de\/wp-content\/uploads\/2020\/03\/IMG-20200201-WA0004.jpg\"><img loading=\"lazy\" decoding=\"async\" class=\"alignnone size-medium wp-image-2520\" src=\"https:\/\/www.frohsinn-pudel.de\/wp-content\/uploads\/2020\/03\/IMG-20200201-WA0004-300x200.jpg\" alt=\"\" width=\"300\" height=\"200\" srcset=\"https:\/\/www.frohsinn-pudel.de\/wp-content\/uploads\/2020\/03\/IMG-20200201-WA0004-300x200.jpg 300w, https:\/\/www.frohsinn-pudel.de\/wp-content\/uploads\/2020\/03\/IMG-20200201-WA0004-1024x682.jpg 1024w, https:\/\/www.frohsinn-pudel.de\/wp-content\/uploads\/2020\/03\/IMG-20200201-WA0004-768x512.jpg 768w, https:\/\/www.frohsinn-pudel.de\/wp-content\/uploads\/2020\/03\/IMG-20200201-WA0004-1536x1023.jpg 1536w, https:\/\/www.frohsinn-pudel.de\/wp-content\/uploads\/2020\/03\/IMG-20200201-WA0004.jpg 1600w\" sizes=\"auto, (max-width: 300px) 100vw, 300px\" \/><\/a> <a href=\"https:\/\/www.frohsinn-pudel.de\/wp-content\/uploads\/2020\/03\/IMG-20200201-WA0002.jpg\"><img loading=\"lazy\" decoding=\"async\" class=\"alignnone size-medium wp-image-2521\" src=\"https:\/\/www.frohsinn-pudel.de\/wp-content\/uploads\/2020\/03\/IMG-20200201-WA0002-300x200.jpg\" alt=\"\" width=\"300\" height=\"200\" srcset=\"https:\/\/www.frohsinn-pudel.de\/wp-content\/uploads\/2020\/03\/IMG-20200201-WA0002-300x200.jpg 300w, https:\/\/www.frohsinn-pudel.de\/wp-content\/uploads\/2020\/03\/IMG-20200201-WA0002-1024x682.jpg 1024w, https:\/\/www.frohsinn-pudel.de\/wp-content\/uploads\/2020\/03\/IMG-20200201-WA0002-768x512.jpg 768w, https:\/\/www.frohsinn-pudel.de\/wp-content\/uploads\/2020\/03\/IMG-20200201-WA0002-1536x1023.jpg 1536w, https:\/\/www.frohsinn-pudel.de\/wp-content\/uploads\/2020\/03\/IMG-20200201-WA0002.jpg 1600w\" sizes=\"auto, (max-width: 300px) 100vw, 300px\" \/><\/a><\/div>\n<\/div>\n<\/div>\n<\/div>\n<\/div>\n<\/div>\n<\/div>\n<\/div>\n<\/div>\n<\/div>\n<div class=\"nH nn\">\n<div class=\"dJ\"><\/div>\n<\/div>\n<div class=\"nH bAw nn it\">\n<div class=\"brC-dA-I-Jw brC-dA-I-Jw-qk\" role=\"navigation\" aria-label=\"Seitenleiste ein-\/ausblenden\"><\/div>\n<\/div>\n","protected":false},"excerpt":{"rendered":"<p>Hallo Elke, vielen Dank f\u00fcr die Zusendung der Kontakte! Ich m\u00f6chte dich wieder ein wenig \u00fcber Lilly auf dem Laufenden [&hellip;]<\/p>\n","protected":false},"author":1,"featured_media":0,"comment_status":"closed","ping_status":"closed","sticky":false,"template":"","format":"standard","meta":{"footnotes":""},"categories":[1],"tags":[],"class_list":["post-2516","post","type-post","status-publish","format-standard","hentry","category-allgemein"],"_links":{"self":[{"href":"https:\/\/www.frohsinn-pudel.de\/index.php?rest_route=\/wp\/v2\/posts\/2516","targetHints":{"allow":["GET"]}}],"collection":[{"href":"https:\/\/www.frohsinn-pudel.de\/index.php?rest_route=\/wp\/v2\/posts"}],"about":[{"href":"https:\/\/www.frohsinn-pudel.de\/index.php?rest_route=\/wp\/v2\/types\/post"}],"author":[{"embeddable":true,"href":"https:\/\/www.frohsinn-pudel.de\/index.php?rest_route=\/wp\/v2\/users\/1"}],"replies":[{"embeddable":true,"href":"https:\/\/www.frohsinn-pudel.de\/index.php?rest_route=%2Fwp%2Fv2%2Fcomments&post=2516"}],"version-history":[{"count":4,"href":"https:\/\/www.frohsinn-pudel.de\/index.php?rest_route=\/wp\/v2\/posts\/2516\/revisions"}],"predecessor-version":[{"id":2525,"href":"https:\/\/www.frohsinn-pudel.de\/index.php?rest_route=\/wp\/v2\/posts\/2516\/revisions\/2525"}],"wp:attachment":[{"href":"https:\/\/www.frohsinn-pudel.de\/index.php?rest_route=%2Fwp%2Fv2%2Fmedia&parent=2516"}],"wp:term":[{"taxonomy":"category","embeddable":true,"href":"https:\/\/www.frohsinn-pudel.de\/index.php?rest_route=%2Fwp%2Fv2%2Fcategories&post=2516"},{"taxonomy":"post_tag","embeddable":true,"href":"https:\/\/www.frohsinn-pudel.de\/index.php?rest_route=%2Fwp%2Fv2%2Ftags&post=2516"}],"curies":[{"name":"wp","href":"https:\/\/api.w.org\/{rel}","templated":true}]}}