{"id":2558,"date":"2020-05-11T10:20:45","date_gmt":"2020-05-11T08:20:45","guid":{"rendered":"http:\/\/www.frohsinn-pudel.de\/?p=2558"},"modified":"2020-05-11T10:20:45","modified_gmt":"2020-05-11T08:20:45","slug":"nachrichten-von-lilly","status":"publish","type":"post","link":"https:\/\/www.frohsinn-pudel.de\/?p=2558","title":{"rendered":"Nachrichten von Lilly"},"content":{"rendered":"<p>Hallo Elke,<br \/>\nHoffe es geht euch gut und ihr habt die Corona Zeit gut r\u00fcber gebracht. Gerne m\u00f6chten wir uns wieder mal bei euch melden und euch \u00fcber lilly am laufenden halten. Lilly geht es sehr gut und sie ist schon fest gewachsen. Wir sind als Familie schon richtig gut zusammengewachsen und lilly ist ein wichtiger Teil geworden. Sie ist super mit den M\u00e4dels, und macht gern alle Spiele mit, von Spielzeug verstecken, fangen spielen, Kommando trainieren klappt alles schon wunderbar! Viele Unsicherheiten hat sie schon abgelegt, trotzdem ist sie gegen\u00fcber fremden Menschen und Hunden noch sehr vorsichtig. Am Freitag hatten wir die erste Stunde in der hundeschule. Lilly kam mir vor wie ein kindergartenkind am ersten Tag wenn es keinen kennt, sie wollte am liebsten wieder umkehren, all die hunde waren ihr nicht geheuer:) es ist super wenn lilly nun vermehrt andere Hunde kennenlernt, dann wird sie auch sicher schnell die scheu verlieren. Bisher haben wir noch keine Ahnentafel erhalten, ist diese nicht angekommen oder weisst du hier etwas? Anbei sende ich euch noch ein paar Bilder aus unserem Alltag.<\/p>\n<p>Alles Liebe aus Vorarlberg<\/p>\n<p><a href=\"https:\/\/www.frohsinn-pudel.de\/wp-content\/uploads\/2020\/05\/IMG_20200505_163454.jpg\"><img loading=\"lazy\" decoding=\"async\" class=\"size-medium wp-image-2559\" src=\"https:\/\/www.frohsinn-pudel.de\/wp-content\/uploads\/2020\/05\/IMG_20200505_163454-225x300.jpg\" alt=\"\" width=\"225\" height=\"300\" srcset=\"https:\/\/www.frohsinn-pudel.de\/wp-content\/uploads\/2020\/05\/IMG_20200505_163454-225x300.jpg 225w, https:\/\/www.frohsinn-pudel.de\/wp-content\/uploads\/2020\/05\/IMG_20200505_163454-768x1024.jpg 768w, https:\/\/www.frohsinn-pudel.de\/wp-content\/uploads\/2020\/05\/IMG_20200505_163454-1152x1536.jpg 1152w, https:\/\/www.frohsinn-pudel.de\/wp-content\/uploads\/2020\/05\/IMG_20200505_163454.jpg 1440w\" sizes=\"auto, (max-width: 225px) 100vw, 225px\" \/><\/a><\/p>\n<p><a href=\"https:\/\/www.frohsinn-pudel.de\/wp-content\/uploads\/2020\/05\/IMG_20200510_152832.jpg\"><img loading=\"lazy\" decoding=\"async\" class=\"alignnone size-medium wp-image-2560\" src=\"https:\/\/www.frohsinn-pudel.de\/wp-content\/uploads\/2020\/05\/IMG_20200510_152832-225x300.jpg\" alt=\"\" width=\"225\" height=\"300\" srcset=\"https:\/\/www.frohsinn-pudel.de\/wp-content\/uploads\/2020\/05\/IMG_20200510_152832-225x300.jpg 225w, https:\/\/www.frohsinn-pudel.de\/wp-content\/uploads\/2020\/05\/IMG_20200510_152832-768x1024.jpg 768w, https:\/\/www.frohsinn-pudel.de\/wp-content\/uploads\/2020\/05\/IMG_20200510_152832-1152x1536.jpg 1152w, https:\/\/www.frohsinn-pudel.de\/wp-content\/uploads\/2020\/05\/IMG_20200510_152832.jpg 1440w\" sizes=\"auto, (max-width: 225px) 100vw, 225px\" \/><\/a><\/p>\n<p><em>Vielen Dank f\u00fcr den sch\u00f6nen Bericht und die s\u00fc\u00dfen Bilder. <\/em><\/p>\n<p><em>Die Ahnentafeln und Welpenbilder CD&#8217;s werden diese Woche noch verschickt. Durch verschiedene Umst\u00e4nde hat es dieses Mal etwas l\u00e4nger gedauert. <\/em><\/p>\n","protected":false},"excerpt":{"rendered":"<p>Hallo Elke, Hoffe es geht euch gut und ihr habt die Corona Zeit gut r\u00fcber gebracht. Gerne m\u00f6chten wir uns [&hellip;]<\/p>\n","protected":false},"author":1,"featured_media":0,"comment_status":"closed","ping_status":"closed","sticky":false,"template":"","format":"standard","meta":{"footnotes":""},"categories":[1],"tags":[],"class_list":["post-2558","post","type-post","status-publish","format-standard","hentry","category-allgemein"],"_links":{"self":[{"href":"https:\/\/www.frohsinn-pudel.de\/index.php?rest_route=\/wp\/v2\/posts\/2558","targetHints":{"allow":["GET"]}}],"collection":[{"href":"https:\/\/www.frohsinn-pudel.de\/index.php?rest_route=\/wp\/v2\/posts"}],"about":[{"href":"https:\/\/www.frohsinn-pudel.de\/index.php?rest_route=\/wp\/v2\/types\/post"}],"author":[{"embeddable":true,"href":"https:\/\/www.frohsinn-pudel.de\/index.php?rest_route=\/wp\/v2\/users\/1"}],"replies":[{"embeddable":true,"href":"https:\/\/www.frohsinn-pudel.de\/index.php?rest_route=%2Fwp%2Fv2%2Fcomments&post=2558"}],"version-history":[{"count":1,"href":"https:\/\/www.frohsinn-pudel.de\/index.php?rest_route=\/wp\/v2\/posts\/2558\/revisions"}],"predecessor-version":[{"id":2561,"href":"https:\/\/www.frohsinn-pudel.de\/index.php?rest_route=\/wp\/v2\/posts\/2558\/revisions\/2561"}],"wp:attachment":[{"href":"https:\/\/www.frohsinn-pudel.de\/index.php?rest_route=%2Fwp%2Fv2%2Fmedia&parent=2558"}],"wp:term":[{"taxonomy":"category","embeddable":true,"href":"https:\/\/www.frohsinn-pudel.de\/index.php?rest_route=%2Fwp%2Fv2%2Fcategories&post=2558"},{"taxonomy":"post_tag","embeddable":true,"href":"https:\/\/www.frohsinn-pudel.de\/index.php?rest_route=%2Fwp%2Fv2%2Ftags&post=2558"}],"curies":[{"name":"wp","href":"https:\/\/api.w.org\/{rel}","templated":true}]}}