{"id":2582,"date":"2020-07-18T22:28:00","date_gmt":"2020-07-18T20:28:00","guid":{"rendered":"http:\/\/www.frohsinn-pudel.de\/?p=2582"},"modified":"2020-07-18T22:28:00","modified_gmt":"2020-07-18T20:28:00","slug":"herzlichen-glueckwunsch-3","status":"publish","type":"post","link":"https:\/\/www.frohsinn-pudel.de\/?p=2582","title":{"rendered":"Herzlichen Gl\u00fcckwunsch"},"content":{"rendered":"<p>Heute feiern die E-Welpen ihren ersten Geburtstag. Ganz herzlichen Gl\u00fcckwunsch.<\/p>\n<p><a href=\"https:\/\/www.frohsinn-pudel.de\/wp-content\/uploads\/2020\/07\/IMG-20200718-WA0003.jpg\"><img loading=\"lazy\" decoding=\"async\" class=\"alignnone size-medium wp-image-2583\" src=\"https:\/\/www.frohsinn-pudel.de\/wp-content\/uploads\/2020\/07\/IMG-20200718-WA0003-225x300.jpg\" alt=\"\" width=\"225\" height=\"300\" srcset=\"https:\/\/www.frohsinn-pudel.de\/wp-content\/uploads\/2020\/07\/IMG-20200718-WA0003-225x300.jpg 225w, https:\/\/www.frohsinn-pudel.de\/wp-content\/uploads\/2020\/07\/IMG-20200718-WA0003.jpg 768w\" sizes=\"auto, (max-width: 225px) 100vw, 225px\" \/><\/a><\/p>\n<p>Fienchen w\u00fcnscht allen Geschwistern einen tollen ersten Geburtstag! \ud83e\udd73<img decoding=\"async\" class=\"CToWUd\" src=\"https:\/\/mail.google.com\/mail\/e\/1f340\" alt=\"\ud83c\udf40\" data-goomoji=\"1f340\" data-image-whitelisted=\"\" \/><\/p>\n<p>Vielen Dank f\u00fcr diesen tollen Hund, wir sind sehr stolz auf Fienchen! <img decoding=\"async\" class=\"CToWUd\" src=\"https:\/\/mail.google.com\/mail\/e\/1f60a\" alt=\"\ud83d\ude0a\" data-goomoji=\"1f60a\" data-image-whitelisted=\"\" \/> lieben Gr\u00fc\u00dfe<\/p>\n<p>&nbsp;<\/p>\n<p><a href=\"https:\/\/www.frohsinn-pudel.de\/wp-content\/uploads\/2020\/07\/IMG-20200718-WA0000.jpg\"><img loading=\"lazy\" decoding=\"async\" class=\"alignnone size-medium wp-image-2584\" src=\"https:\/\/www.frohsinn-pudel.de\/wp-content\/uploads\/2020\/07\/IMG-20200718-WA0000-225x300.jpg\" alt=\"\" width=\"225\" height=\"300\" srcset=\"https:\/\/www.frohsinn-pudel.de\/wp-content\/uploads\/2020\/07\/IMG-20200718-WA0000-225x300.jpg 225w, https:\/\/www.frohsinn-pudel.de\/wp-content\/uploads\/2020\/07\/IMG-20200718-WA0000-768x1024.jpg 768w, https:\/\/www.frohsinn-pudel.de\/wp-content\/uploads\/2020\/07\/IMG-20200718-WA0000-1152x1536.jpg 1152w, https:\/\/www.frohsinn-pudel.de\/wp-content\/uploads\/2020\/07\/IMG-20200718-WA0000.jpg 1200w\" sizes=\"auto, (max-width: 225px) 100vw, 225px\" \/><\/a><\/p>\n<p>Hallo Elke und Bernd!<\/p>\n<p>Lupo l\u00e4sst euch ganz liebe Gr\u00fc\u00dfe ausrichten!die erste Party ist bereits gefeiert und nachher gehts mit ihrer Freundin Mayla weiter.<img decoding=\"async\" class=\"CToWUd\" src=\"https:\/\/mail.google.com\/mail\/e\/1f605\" alt=\"\ud83d\ude05\" data-goomoji=\"1f605\" data-image-whitelisted=\"\" \/>einen sch\u00f6nen Tag euch und ein ausf\u00fchrlicherer Bericht \u00fcber die letzten Wochen und Monate folgt die Tage.lg<\/p>\n<p><em>Wir w\u00fcnschen allen Geburtstagskindern und Familien alles Gute f\u00fcr das kommende Lebensjahr. <\/em><\/p>\n<p><em>Die D-Kinder hatten auch Geburtstag &#8211; da waren wir aber im Urlaub. Auch ihnen noch nachtr\u00e4glich herzlichen Gl\u00fcckwunsch. <\/em><\/p>\n","protected":false},"excerpt":{"rendered":"<p>Heute feiern die E-Welpen ihren ersten Geburtstag. Ganz herzlichen Gl\u00fcckwunsch. Fienchen w\u00fcnscht allen Geschwistern einen tollen ersten Geburtstag! \ud83e\udd73 Vielen [&hellip;]<\/p>\n","protected":false},"author":1,"featured_media":0,"comment_status":"closed","ping_status":"closed","sticky":false,"template":"","format":"standard","meta":{"footnotes":""},"categories":[1],"tags":[],"class_list":["post-2582","post","type-post","status-publish","format-standard","hentry","category-allgemein"],"_links":{"self":[{"href":"https:\/\/www.frohsinn-pudel.de\/index.php?rest_route=\/wp\/v2\/posts\/2582","targetHints":{"allow":["GET"]}}],"collection":[{"href":"https:\/\/www.frohsinn-pudel.de\/index.php?rest_route=\/wp\/v2\/posts"}],"about":[{"href":"https:\/\/www.frohsinn-pudel.de\/index.php?rest_route=\/wp\/v2\/types\/post"}],"author":[{"embeddable":true,"href":"https:\/\/www.frohsinn-pudel.de\/index.php?rest_route=\/wp\/v2\/users\/1"}],"replies":[{"embeddable":true,"href":"https:\/\/www.frohsinn-pudel.de\/index.php?rest_route=%2Fwp%2Fv2%2Fcomments&post=2582"}],"version-history":[{"count":1,"href":"https:\/\/www.frohsinn-pudel.de\/index.php?rest_route=\/wp\/v2\/posts\/2582\/revisions"}],"predecessor-version":[{"id":2585,"href":"https:\/\/www.frohsinn-pudel.de\/index.php?rest_route=\/wp\/v2\/posts\/2582\/revisions\/2585"}],"wp:attachment":[{"href":"https:\/\/www.frohsinn-pudel.de\/index.php?rest_route=%2Fwp%2Fv2%2Fmedia&parent=2582"}],"wp:term":[{"taxonomy":"category","embeddable":true,"href":"https:\/\/www.frohsinn-pudel.de\/index.php?rest_route=%2Fwp%2Fv2%2Fcategories&post=2582"},{"taxonomy":"post_tag","embeddable":true,"href":"https:\/\/www.frohsinn-pudel.de\/index.php?rest_route=%2Fwp%2Fv2%2Ftags&post=2582"}],"curies":[{"name":"wp","href":"https:\/\/api.w.org\/{rel}","templated":true}]}}