{"id":2605,"date":"2020-09-11T13:05:39","date_gmt":"2020-09-11T11:05:39","guid":{"rendered":"http:\/\/www.frohsinn-pudel.de\/?p=2605"},"modified":"2020-09-11T13:05:39","modified_gmt":"2020-09-11T11:05:39","slug":"familiennachrichten","status":"publish","type":"post","link":"https:\/\/www.frohsinn-pudel.de\/?p=2605","title":{"rendered":"Familiennachrichten"},"content":{"rendered":"<p>Wir haben Gr\u00fc\u00dfe von Lilly, einer Schwester der drei Jungs von Camilla bekommen.<\/p>\n<p>Hallo Elke,<\/p>\n<div>\n<p>Ich habe die sch\u00f6nen Berichte von lillys Br\u00fcder gelesen und m\u014dchte dir auch gerne von lilly ein paar Neuigkeiten zukommen lassen. Lilly passt f\u00fcr uns perfekt in unsere Familie, vielen Dank dass du sie so toll f\u00fcr uns ausgesucht hast. F\u00fcr uns alle, aber speziell f\u00fcr unsere M\u00e4dels ist lilly nicht mehr aus unserem Leben wegzudenken . Sie ist toll mit den Kindern, unglaublich lieb, ein ruhiger, ausgeglichener Hund der im Alltag\u00a0 alles souver\u00e4n mit macht! Wir bekommen auch sehr<\/p>\n<div id=\"m_69832680129937911771a6644a3-9caa-c778-9cfb-978bd7114ac1\">viele Komplimente, wenn wir mit lilly unterwegs sind, was f\u00fcr eine h\u00fcbsche H\u00fcndin sie ist! Wir lieben sie sehr und erfreuen uns jeden Tag, dass sie bei uns ist!<br \/>\nAlles Liebe aus Vorarlberg!<a href=\"https:\/\/www.frohsinn-pudel.de\/wp-content\/uploads\/2020\/09\/IMG_20200807_091240_resized_20200909_081413583.jpg\"><img loading=\"lazy\" decoding=\"async\" class=\"alignnone size-medium wp-image-2606\" src=\"https:\/\/www.frohsinn-pudel.de\/wp-content\/uploads\/2020\/09\/IMG_20200807_091240_resized_20200909_081413583-225x300.jpg\" alt=\"\" width=\"225\" height=\"300\" srcset=\"https:\/\/www.frohsinn-pudel.de\/wp-content\/uploads\/2020\/09\/IMG_20200807_091240_resized_20200909_081413583-225x300.jpg 225w, https:\/\/www.frohsinn-pudel.de\/wp-content\/uploads\/2020\/09\/IMG_20200807_091240_resized_20200909_081413583-768x1024.jpg 768w, https:\/\/www.frohsinn-pudel.de\/wp-content\/uploads\/2020\/09\/IMG_20200807_091240_resized_20200909_081413583-1152x1536.jpg 1152w, https:\/\/www.frohsinn-pudel.de\/wp-content\/uploads\/2020\/09\/IMG_20200807_091240_resized_20200909_081413583.jpg 1440w\" sizes=\"auto, (max-width: 225px) 100vw, 225px\" \/><\/a> <a href=\"https:\/\/www.frohsinn-pudel.de\/wp-content\/uploads\/2020\/09\/IMG_20200729_143022_resized_20200909_081413131.jpg\"><img loading=\"lazy\" decoding=\"async\" class=\"alignnone size-medium wp-image-2607\" src=\"https:\/\/www.frohsinn-pudel.de\/wp-content\/uploads\/2020\/09\/IMG_20200729_143022_resized_20200909_081413131-225x300.jpg\" alt=\"\" width=\"225\" height=\"300\" srcset=\"https:\/\/www.frohsinn-pudel.de\/wp-content\/uploads\/2020\/09\/IMG_20200729_143022_resized_20200909_081413131-225x300.jpg 225w, https:\/\/www.frohsinn-pudel.de\/wp-content\/uploads\/2020\/09\/IMG_20200729_143022_resized_20200909_081413131-768x1024.jpg 768w, https:\/\/www.frohsinn-pudel.de\/wp-content\/uploads\/2020\/09\/IMG_20200729_143022_resized_20200909_081413131-1152x1536.jpg 1152w, https:\/\/www.frohsinn-pudel.de\/wp-content\/uploads\/2020\/09\/IMG_20200729_143022_resized_20200909_081413131.jpg 1440w\" sizes=\"auto, (max-width: 225px) 100vw, 225px\" \/><\/a><\/p>\n<p>Mira &#8211; eine Tochter von Baja &#8211; l\u00e4sst auch lieb Gr\u00fc\u00dfen:<\/p>\n<p>Hallo liebe Elke,<\/p>\n<p>ich hoffe sehr es geht Euch allen gut und Ihr seid bisher auch gesund durch die schwierige Corona-Zeit gekommen!<\/p>\n<p>Uns geht es zum Gl\u00fcck gut! Wir haben mit Mira inzwischen viel Neues erlebt. Sie macht alles ganz toll mit und ist fast \u00fcberall dabei!<\/p>\n<p>Letztes Jahr waren wir zum ersten Mal mit Mira am Meer und das fand sie super! Auch wenn das Schwimmen bisher nicht ihre Leidenschaft ist. Wir waren mit den Hunden meiner Mutter und Schwester zusammen dort. Die sind beide etwas schwierig mit anderen Hunden, aber Mira finden die Jungs beide toll! \ud83d\ude42 Sie hat eben ihren Charm!<\/p>\n<p>Unser letztes Abenteuer war das Praxissemester in diesem Jahr. Dort durfte Mira zum ersten Mal Arbeitsluft schnuppern und hat sich gut geschlagen! Auch die Stiutation mit so vielen verschiedenen Leuten und Wohungen (das Praktikum war im\u00a0sch\u00f6nen Pf\u00e4lzerwald) hat sie super gemeistert!\u00a0Es hat ihr sehr viel Freude bereitet mit ihrem neuen Hundefreund Willi den ganzen Tag durch den Wald zu toben und neue\u00a0Dinge zu sehen. Und ich war auch sehr froh nicht ganz alleine bei\u00a0der\u00a0neuen Arbeitsstelle\u00a0zu starten! \ud83d\ude42<\/p>\n<p>Nun liegt der letzte Abschnitt des Studium vor uns und wir werden hoffentlich n\u00e4chstes Jahr schon fertig sein! Dann geht es f\u00fcr uns wieder zur\u00fcck nach BaW\u00fc! \ud83d\ude42<\/p>\n<p>Ich bin wirklich forh, dass wir Mira bei uns haben! Sie ist einfach super! \ud83d\ude42<\/p>\n<p>Ich hoffe sehr, dass es Euch allen gut geht! Ihr hattet bestimmt\u00a0auch eine anstrengende Zeit!<\/p>\n<p>Ganz liebe Gr\u00fc\u00dfe aus dem Schwarzwald<\/p>\n<p><a href=\"https:\/\/www.frohsinn-pudel.de\/wp-content\/uploads\/2020\/09\/Kopie-von-20190604_095300.jpg\"><img loading=\"lazy\" decoding=\"async\" class=\"alignnone size-medium wp-image-2608\" src=\"https:\/\/www.frohsinn-pudel.de\/wp-content\/uploads\/2020\/09\/Kopie-von-20190604_095300-225x300.jpg\" alt=\"\" width=\"225\" height=\"300\" srcset=\"https:\/\/www.frohsinn-pudel.de\/wp-content\/uploads\/2020\/09\/Kopie-von-20190604_095300-225x300.jpg 225w, https:\/\/www.frohsinn-pudel.de\/wp-content\/uploads\/2020\/09\/Kopie-von-20190604_095300-768x1024.jpg 768w, https:\/\/www.frohsinn-pudel.de\/wp-content\/uploads\/2020\/09\/Kopie-von-20190604_095300-1152x1536.jpg 1152w, https:\/\/www.frohsinn-pudel.de\/wp-content\/uploads\/2020\/09\/Kopie-von-20190604_095300.jpg 1440w\" sizes=\"auto, (max-width: 225px) 100vw, 225px\" \/><\/a> <a href=\"https:\/\/www.frohsinn-pudel.de\/wp-content\/uploads\/2020\/09\/Kopie-von-20190828_114131.jpg\"><img loading=\"lazy\" decoding=\"async\" class=\"alignnone size-medium wp-image-2609\" src=\"https:\/\/www.frohsinn-pudel.de\/wp-content\/uploads\/2020\/09\/Kopie-von-20190828_114131-225x300.jpg\" alt=\"\" width=\"225\" height=\"300\" srcset=\"https:\/\/www.frohsinn-pudel.de\/wp-content\/uploads\/2020\/09\/Kopie-von-20190828_114131-225x300.jpg 225w, https:\/\/www.frohsinn-pudel.de\/wp-content\/uploads\/2020\/09\/Kopie-von-20190828_114131-768x1024.jpg 768w, https:\/\/www.frohsinn-pudel.de\/wp-content\/uploads\/2020\/09\/Kopie-von-20190828_114131-1152x1536.jpg 1152w, https:\/\/www.frohsinn-pudel.de\/wp-content\/uploads\/2020\/09\/Kopie-von-20190828_114131.jpg 1440w\" sizes=\"auto, (max-width: 225px) 100vw, 225px\" \/><\/a> <a href=\"https:\/\/www.frohsinn-pudel.de\/wp-content\/uploads\/2020\/09\/Kopie-von-IMG-20200904-WA0008.jpeg\"><img loading=\"lazy\" decoding=\"async\" class=\"alignnone size-medium wp-image-2610\" src=\"https:\/\/www.frohsinn-pudel.de\/wp-content\/uploads\/2020\/09\/Kopie-von-IMG-20200904-WA0008-169x300.jpeg\" alt=\"\" width=\"169\" height=\"300\" srcset=\"https:\/\/www.frohsinn-pudel.de\/wp-content\/uploads\/2020\/09\/Kopie-von-IMG-20200904-WA0008-169x300.jpeg 169w, https:\/\/www.frohsinn-pudel.de\/wp-content\/uploads\/2020\/09\/Kopie-von-IMG-20200904-WA0008-576x1024.jpeg 576w, https:\/\/www.frohsinn-pudel.de\/wp-content\/uploads\/2020\/09\/Kopie-von-IMG-20200904-WA0008-768x1365.jpeg 768w, https:\/\/www.frohsinn-pudel.de\/wp-content\/uploads\/2020\/09\/Kopie-von-IMG-20200904-WA0008-864x1536.jpeg 864w, https:\/\/www.frohsinn-pudel.de\/wp-content\/uploads\/2020\/09\/Kopie-von-IMG-20200904-WA0008.jpeg 1080w\" sizes=\"auto, (max-width: 169px) 100vw, 169px\" \/><\/a><\/p>\n<\/div>\n<p>Und von Molly:<\/p>\n<p>Liebe Frau F\u00fcnfsinn,<br \/>\naus der kleinen Molly ist ein ganz toller Hund geworden, der uns sehr viel Freude bereitet. Sie ist zwar nur 46 cm hoch, daf\u00fcr aber ein ganz gro\u00dfer Charakter: sportlich, aber ganz dolle verschmust. Wir lieben sie sehr. Gerade ist sie sehr scheinschwanger und gar nicht gl\u00fccklich. Sie jammert, kratzt wild in ihrem Korb und bemuttert ihre Spielzeuge. Kann man ihr da irgendwie helfen? Sie tut mir leid. Oder sollen wir einfach nur abwarten? Vielleicht haben Sie ja einen guten Rat.<br \/>\nLiebe Gr\u00fc\u00dfe aus Hofheim<\/p>\n<p><a href=\"https:\/\/www.frohsinn-pudel.de\/wp-content\/uploads\/2020\/09\/image21.jpeg\"><img loading=\"lazy\" decoding=\"async\" class=\"alignnone size-medium wp-image-2611\" src=\"https:\/\/www.frohsinn-pudel.de\/wp-content\/uploads\/2020\/09\/image21-277x300.jpeg\" alt=\"\" width=\"277\" height=\"300\" srcset=\"https:\/\/www.frohsinn-pudel.de\/wp-content\/uploads\/2020\/09\/image21-277x300.jpeg 277w, https:\/\/www.frohsinn-pudel.de\/wp-content\/uploads\/2020\/09\/image21.jpeg 591w\" sizes=\"auto, (max-width: 277px) 100vw, 277px\" \/><\/a> <a href=\"https:\/\/www.frohsinn-pudel.de\/wp-content\/uploads\/2020\/09\/image4.jpeg\"><img loading=\"lazy\" decoding=\"async\" class=\"alignnone size-medium wp-image-2612\" src=\"https:\/\/www.frohsinn-pudel.de\/wp-content\/uploads\/2020\/09\/image4-300x255.jpeg\" alt=\"\" width=\"300\" height=\"255\" srcset=\"https:\/\/www.frohsinn-pudel.de\/wp-content\/uploads\/2020\/09\/image4-300x255.jpeg 300w, https:\/\/www.frohsinn-pudel.de\/wp-content\/uploads\/2020\/09\/image4-1024x872.jpeg 1024w, https:\/\/www.frohsinn-pudel.de\/wp-content\/uploads\/2020\/09\/image4-768x654.jpeg 768w, https:\/\/www.frohsinn-pudel.de\/wp-content\/uploads\/2020\/09\/image4.jpeg 1355w\" sizes=\"auto, (max-width: 300px) 100vw, 300px\" \/><\/a><\/p>\n<div id=\"m_69832680129937911771a6644a3-9caa-c778-9cfb-978bd7114ac1\">\n<p><em>Vielen Dank f\u00fcr die sch\u00f6nen Berichte und die Fotos. Ich freue mich immer, von unseren Pudelkindern zu h\u00f6ren. Besonders nat\u00fcrlich, wenn es ihnen so gut geht. <\/em><\/p>\n<p><em>Da es etwas ganz nat\u00fcrliches ist, dass H\u00fcndinnen scheintr\u00e4chtig werden, habe ich die Anfrage mit auf die Homepage getan. Man kann der H\u00fcndin helfen, indem man alle Spielzeuge verstaut und auch die Decken weg legt, so dass sie sich nicht mehr so viel mit dem Nestbau besch\u00e4ftigen kann. Daf\u00fcr sollte man den Hund auf andere Weise besch\u00e4ftigen: Nasenarbeit, lange Spazierg\u00e4nge u.\u00e4.<br \/>\n<\/em><\/p>\n<p><em>Man kann auch die Futtermenge etwas reduzieren.<\/em><\/p>\n<p><em>W<\/em><em>enn der Hund Fieber bekommt oder sich die Zitzen entz\u00fcnden, muss man den Arzt aufsuchen.<br \/>\n<\/em><\/p>\n<\/div>\n<\/div>\n","protected":false},"excerpt":{"rendered":"<p>Wir haben Gr\u00fc\u00dfe von Lilly, einer Schwester der drei Jungs von Camilla bekommen. Hallo Elke, Ich habe die sch\u00f6nen Berichte [&hellip;]<\/p>\n","protected":false},"author":1,"featured_media":0,"comment_status":"closed","ping_status":"closed","sticky":false,"template":"","format":"standard","meta":{"footnotes":""},"categories":[1],"tags":[],"class_list":["post-2605","post","type-post","status-publish","format-standard","hentry","category-allgemein"],"_links":{"self":[{"href":"https:\/\/www.frohsinn-pudel.de\/index.php?rest_route=\/wp\/v2\/posts\/2605","targetHints":{"allow":["GET"]}}],"collection":[{"href":"https:\/\/www.frohsinn-pudel.de\/index.php?rest_route=\/wp\/v2\/posts"}],"about":[{"href":"https:\/\/www.frohsinn-pudel.de\/index.php?rest_route=\/wp\/v2\/types\/post"}],"author":[{"embeddable":true,"href":"https:\/\/www.frohsinn-pudel.de\/index.php?rest_route=\/wp\/v2\/users\/1"}],"replies":[{"embeddable":true,"href":"https:\/\/www.frohsinn-pudel.de\/index.php?rest_route=%2Fwp%2Fv2%2Fcomments&post=2605"}],"version-history":[{"count":2,"href":"https:\/\/www.frohsinn-pudel.de\/index.php?rest_route=\/wp\/v2\/posts\/2605\/revisions"}],"predecessor-version":[{"id":2614,"href":"https:\/\/www.frohsinn-pudel.de\/index.php?rest_route=\/wp\/v2\/posts\/2605\/revisions\/2614"}],"wp:attachment":[{"href":"https:\/\/www.frohsinn-pudel.de\/index.php?rest_route=%2Fwp%2Fv2%2Fmedia&parent=2605"}],"wp:term":[{"taxonomy":"category","embeddable":true,"href":"https:\/\/www.frohsinn-pudel.de\/index.php?rest_route=%2Fwp%2Fv2%2Fcategories&post=2605"},{"taxonomy":"post_tag","embeddable":true,"href":"https:\/\/www.frohsinn-pudel.de\/index.php?rest_route=%2Fwp%2Fv2%2Ftags&post=2605"}],"curies":[{"name":"wp","href":"https:\/\/api.w.org\/{rel}","templated":true}]}}