{"id":2635,"date":"2020-10-13T20:06:14","date_gmt":"2020-10-13T18:06:14","guid":{"rendered":"http:\/\/www.frohsinn-pudel.de\/?p=2635"},"modified":"2020-10-13T20:06:14","modified_gmt":"2020-10-13T18:06:14","slug":"camilla-gruesst-ihre-geschwister-zum-3-geburtstag","status":"publish","type":"post","link":"https:\/\/www.frohsinn-pudel.de\/?p=2635","title":{"rendered":"Camilla gr\u00fc\u00dft ihre Geschwister zum 3. Geburtstag"},"content":{"rendered":"<p>Jetzt sind die C-Welpen schon 3 Jahre alt und wir haben heute einen Doppelgeburtstag. Pinot wird heute 2 Jahre alt.<\/p>\n<p>Ganz herzlichen Gl\u00fcckwunsch auch an alle Naturpudelgeschwister.<\/p>\n<p><a href=\"https:\/\/www.frohsinn-pudel.de\/wp-content\/uploads\/2020\/10\/20200520_200736.jpg\"><img loading=\"lazy\" decoding=\"async\" class=\"alignnone size-medium wp-image-2636\" src=\"https:\/\/www.frohsinn-pudel.de\/wp-content\/uploads\/2020\/10\/20200520_200736-300x169.jpg\" alt=\"\" width=\"300\" height=\"169\" srcset=\"https:\/\/www.frohsinn-pudel.de\/wp-content\/uploads\/2020\/10\/20200520_200736-300x169.jpg 300w, https:\/\/www.frohsinn-pudel.de\/wp-content\/uploads\/2020\/10\/20200520_200736-1024x576.jpg 1024w, https:\/\/www.frohsinn-pudel.de\/wp-content\/uploads\/2020\/10\/20200520_200736-768x432.jpg 768w, https:\/\/www.frohsinn-pudel.de\/wp-content\/uploads\/2020\/10\/20200520_200736-1536x864.jpg 1536w, https:\/\/www.frohsinn-pudel.de\/wp-content\/uploads\/2020\/10\/20200520_200736.jpg 1920w\" sizes=\"auto, (max-width: 300px) 100vw, 300px\" \/><\/a><a href=\"https:\/\/www.frohsinn-pudel.de\/wp-content\/uploads\/2020\/10\/20180523_200826.jpg\"><img loading=\"lazy\" decoding=\"async\" class=\"alignnone size-medium wp-image-2637\" src=\"https:\/\/www.frohsinn-pudel.de\/wp-content\/uploads\/2020\/10\/20180523_200826-225x300.jpg\" alt=\"\" width=\"225\" height=\"300\" srcset=\"https:\/\/www.frohsinn-pudel.de\/wp-content\/uploads\/2020\/10\/20180523_200826-225x300.jpg 225w, https:\/\/www.frohsinn-pudel.de\/wp-content\/uploads\/2020\/10\/20180523_200826-768x1024.jpg 768w, https:\/\/www.frohsinn-pudel.de\/wp-content\/uploads\/2020\/10\/20180523_200826-1152x1536.jpg 1152w, https:\/\/www.frohsinn-pudel.de\/wp-content\/uploads\/2020\/10\/20180523_200826.jpg 1440w\" sizes=\"auto, (max-width: 225px) 100vw, 225px\" \/><\/a> <a href=\"https:\/\/www.frohsinn-pudel.de\/wp-content\/uploads\/2020\/10\/20191124_151027.jpg\"><img loading=\"lazy\" decoding=\"async\" class=\"alignnone size-medium wp-image-2638\" src=\"https:\/\/www.frohsinn-pudel.de\/wp-content\/uploads\/2020\/10\/20191124_151027-300x300.jpg\" alt=\"\" width=\"300\" height=\"300\" srcset=\"https:\/\/www.frohsinn-pudel.de\/wp-content\/uploads\/2020\/10\/20191124_151027-300x300.jpg 300w, https:\/\/www.frohsinn-pudel.de\/wp-content\/uploads\/2020\/10\/20191124_151027-1024x1024.jpg 1024w, https:\/\/www.frohsinn-pudel.de\/wp-content\/uploads\/2020\/10\/20191124_151027-150x150.jpg 150w, https:\/\/www.frohsinn-pudel.de\/wp-content\/uploads\/2020\/10\/20191124_151027-768x768.jpg 768w, https:\/\/www.frohsinn-pudel.de\/wp-content\/uploads\/2020\/10\/20191124_151027-1536x1536.jpg 1536w, https:\/\/www.frohsinn-pudel.de\/wp-content\/uploads\/2020\/10\/20191124_151027.jpg 1920w\" sizes=\"auto, (max-width: 300px) 100vw, 300px\" \/><\/a> <a href=\"https:\/\/www.frohsinn-pudel.de\/wp-content\/uploads\/2020\/10\/20200511_203854.jpg\"><img loading=\"lazy\" decoding=\"async\" class=\"alignnone size-medium wp-image-2639\" src=\"https:\/\/www.frohsinn-pudel.de\/wp-content\/uploads\/2020\/10\/20200511_203854-169x300.jpg\" alt=\"\" width=\"169\" height=\"300\" srcset=\"https:\/\/www.frohsinn-pudel.de\/wp-content\/uploads\/2020\/10\/20200511_203854-169x300.jpg 169w, https:\/\/www.frohsinn-pudel.de\/wp-content\/uploads\/2020\/10\/20200511_203854-576x1024.jpg 576w, https:\/\/www.frohsinn-pudel.de\/wp-content\/uploads\/2020\/10\/20200511_203854-768x1365.jpg 768w, https:\/\/www.frohsinn-pudel.de\/wp-content\/uploads\/2020\/10\/20200511_203854-864x1536.jpg 864w, https:\/\/www.frohsinn-pudel.de\/wp-content\/uploads\/2020\/10\/20200511_203854.jpg 1080w\" sizes=\"auto, (max-width: 169px) 100vw, 169px\" \/><\/a> <a href=\"https:\/\/www.frohsinn-pudel.de\/wp-content\/uploads\/2020\/10\/20200531_182505.jpg\"><img loading=\"lazy\" decoding=\"async\" class=\"alignnone size-medium wp-image-2640\" src=\"https:\/\/www.frohsinn-pudel.de\/wp-content\/uploads\/2020\/10\/20200531_182505-218x300.jpg\" alt=\"\" width=\"218\" height=\"300\" srcset=\"https:\/\/www.frohsinn-pudel.de\/wp-content\/uploads\/2020\/10\/20200531_182505-218x300.jpg 218w, https:\/\/www.frohsinn-pudel.de\/wp-content\/uploads\/2020\/10\/20200531_182505-746x1024.jpg 746w, https:\/\/www.frohsinn-pudel.de\/wp-content\/uploads\/2020\/10\/20200531_182505-768x1055.jpg 768w, https:\/\/www.frohsinn-pudel.de\/wp-content\/uploads\/2020\/10\/20200531_182505-1118x1536.jpg 1118w, https:\/\/www.frohsinn-pudel.de\/wp-content\/uploads\/2020\/10\/20200531_182505.jpg 1398w\" sizes=\"auto, (max-width: 218px) 100vw, 218px\" \/><\/a><\/p>\n<p>Camilla und Pinot sind ein Herz und eine Seele. Sie spielen jeden Tag zusammen und wenn wir gemeinsam auf den Wiesen sind, toben sie ohne Unterlass.<\/p>\n<hr \/>\n<div class=\"\">\n<div id=\":p0\" class=\"ii gt\">\n<div id=\":oz\" class=\"a3s aXjCH \">\n<div class=\"gmail_quote\">\n<div dir=\"ltr\">\n<div>Liebe Elke, lieber Bernd,<\/div>\n<div>ich nehme Carlos dritten Geburtstag zum Anlass, mich wieder einmal zu melden.<\/div>\n<div>Neues gibt es nicht:\u00a0 wir sind immer noch &#8211; immer mehr! &#8211; sehr gl\u00fccklich mit unserem Frohsinnpudel!\u00a0 (Keine Ahnung, wie wir eigentlich unseren Alltag verbracht haben, bevor er zur Familie geh\u00f6rte; es muss aber todlangweilig gewesen sein&#8230;)<\/div>\n<div><\/div>\n<div>Was ich besonders sch\u00f6n finde, ist, wie Carlo sich in diesen drei Jahren entwickelt hat:\u00a0 Er beobachtet uns und die Welt immer genauer, und er zieht seine meist sehr zutreffenden Schl\u00fcsse aus allen Details:\u00a0 Wenn ich am Morgen im Bett nur schon blinzle, f\u00e4ngt er an zu wedeln.\u00a0 Wenn Gerolf oder ich die Schuhe anziehen, schaut er gespannt zu, wenn wir aber dann nicht zur Leine, sondern zu Tasche oder Rucksack greifen, legt er sich entt\u00e4uscht auf seine Matte.\u00a0 Wenn ich am Esstisch ein hartes Ei sch\u00e4le, interessiert er sich nicht daf\u00fcr, aber wenn ich das gleiche in der K\u00fcche tue, kommt er mit hoffnungsvoller Miene und setzt sich schon mal vor sein Sch\u00fcsselchen.<\/div>\n<div>Er kann im Wohnzimmer liegen und schlafen, w\u00e4hrend wir uns unterhalten &#8211; aber sobald wir &#8222;so!&#8220; oder &#8222;also!&#8220; oder &#8222;okay!&#8220; sagen, interpretiert er das als Auftakt f\u00fcr einen Kurzspaziergang oder sonst etwas Interessantes und steht bereit.\u00a0 Er versteht nicht nur seinen Namen, wenn der im Gespr\u00e4ch f\u00e4llt, sondern er horcht auch bei Synonymen auf:\u00a0 &#8222;Der Kleine&#8220;, &#8222;der Hund&#8220;, &#8222;der Vierbeiner&#8220;, &#8222;der Dackel&#8220; &#8211; wir m\u00fcssen immer erfinderischer werden.<\/div>\n<div><\/div>\n<div>Er entwickelt auch seine speziellen Vorlieben, um nicht zu sagen Marotten:\u00a0 Diesen Sommer hat er seine Liebe zum Wasser, beziehungsweise zu den darin befindlichen Kleintierchen entdeckt.\u00a0 Resultat:\u00a0 Wir stehen ewig irgendwo dumm herum, w\u00e4hrend Carlo voll Begeisterung in einem Teich\/T\u00fcmpel\/Dreckbach\/<wbr \/>Schlammloch herumh\u00fcpft und Wasserfl\u00f6he verfolgt.\u00a0 Oder Libellen.\u00a0 Oder die kleinen Wellen, die er selber verursacht hat.<\/div>\n<div>Hauptsache, es macht Spass&#8230;<\/div>\n<div><\/div>\n<div>Was ihm \u00fcbrigens auch Spass macht:\u00a0 Er findet immer mal wieder auf einem Spaziergang einen Tennisball, den ein anderer Hund verloren hat.\u00a0 Den tr\u00e4gt er dann entschlossen nach Hause und vergr\u00f6ssert damit seine Sammlung.\u00a0 Das angeh\u00e4ngte Foto zeigt nur einen kleinen Ausschnitt seiner Sch\u00e4tze, aber Carlos Stolz ist offensichtlich, finde ich.<\/div>\n<div><\/div>\n<div>Ihr seht, ich verliere mich in Details.\u00a0 Dabei ist die grosse Linie ganz klar:\u00a0 Carlo ist jetzt drei Jahre alt, und wir freuen uns immer noch jeden Tag, dass wir ihn haben.\u00a0 Nochmals vielen herzlichen Dank!!<\/div>\n<div>Herzliche Geburtstagsgr\u00fcsse auch an Camilla, und an alle andern Wurfgeschwister, und nat\u00fcrlich Gr\u00fcsse auch an die ganze restliche Rasselbande.\u00a0 Und, last but not least, an euch!<\/div>\n<div>\n<figure id=\"attachment_2641\" aria-describedby=\"caption-attachment-2641\" style=\"width: 225px\" class=\"wp-caption alignnone\"><a href=\"https:\/\/www.frohsinn-pudel.de\/wp-content\/uploads\/2020\/10\/Dritter-Geburtstag-IMG_20201013_144704.jpg\"><img loading=\"lazy\" decoding=\"async\" class=\"size-medium wp-image-2641\" src=\"https:\/\/www.frohsinn-pudel.de\/wp-content\/uploads\/2020\/10\/Dritter-Geburtstag-IMG_20201013_144704-225x300.jpg\" alt=\"\" width=\"225\" height=\"300\" srcset=\"https:\/\/www.frohsinn-pudel.de\/wp-content\/uploads\/2020\/10\/Dritter-Geburtstag-IMG_20201013_144704-225x300.jpg 225w, https:\/\/www.frohsinn-pudel.de\/wp-content\/uploads\/2020\/10\/Dritter-Geburtstag-IMG_20201013_144704-768x1024.jpg 768w, https:\/\/www.frohsinn-pudel.de\/wp-content\/uploads\/2020\/10\/Dritter-Geburtstag-IMG_20201013_144704-1152x1536.jpg 1152w, https:\/\/www.frohsinn-pudel.de\/wp-content\/uploads\/2020\/10\/Dritter-Geburtstag-IMG_20201013_144704.jpg 1440w\" sizes=\"auto, (max-width: 225px) 100vw, 225px\" \/><\/a><figcaption id=\"caption-attachment-2641\" class=\"wp-caption-text\">\u00ee<\/figcaption><\/figure>\n<\/div>\n<div><\/div>\n<div><em>Vielen lieben Dank f\u00fcr den sch\u00f6nen Bericht von Carlo und die Gr\u00fc\u00dfe.<\/em><\/div>\n<\/div>\n<\/div>\n<\/div>\n<\/div>\n<\/div>\n<p>&nbsp;<\/p>\n<p>&nbsp;<\/p>\n","protected":false},"excerpt":{"rendered":"<p>Jetzt sind die C-Welpen schon 3 Jahre alt und wir haben heute einen Doppelgeburtstag. Pinot wird heute 2 Jahre alt. [&hellip;]<\/p>\n","protected":false},"author":1,"featured_media":0,"comment_status":"closed","ping_status":"closed","sticky":false,"template":"","format":"standard","meta":{"footnotes":""},"categories":[1],"tags":[],"class_list":["post-2635","post","type-post","status-publish","format-standard","hentry","category-allgemein"],"_links":{"self":[{"href":"https:\/\/www.frohsinn-pudel.de\/index.php?rest_route=\/wp\/v2\/posts\/2635","targetHints":{"allow":["GET"]}}],"collection":[{"href":"https:\/\/www.frohsinn-pudel.de\/index.php?rest_route=\/wp\/v2\/posts"}],"about":[{"href":"https:\/\/www.frohsinn-pudel.de\/index.php?rest_route=\/wp\/v2\/types\/post"}],"author":[{"embeddable":true,"href":"https:\/\/www.frohsinn-pudel.de\/index.php?rest_route=\/wp\/v2\/users\/1"}],"replies":[{"embeddable":true,"href":"https:\/\/www.frohsinn-pudel.de\/index.php?rest_route=%2Fwp%2Fv2%2Fcomments&post=2635"}],"version-history":[{"count":1,"href":"https:\/\/www.frohsinn-pudel.de\/index.php?rest_route=\/wp\/v2\/posts\/2635\/revisions"}],"predecessor-version":[{"id":2642,"href":"https:\/\/www.frohsinn-pudel.de\/index.php?rest_route=\/wp\/v2\/posts\/2635\/revisions\/2642"}],"wp:attachment":[{"href":"https:\/\/www.frohsinn-pudel.de\/index.php?rest_route=%2Fwp%2Fv2%2Fmedia&parent=2635"}],"wp:term":[{"taxonomy":"category","embeddable":true,"href":"https:\/\/www.frohsinn-pudel.de\/index.php?rest_route=%2Fwp%2Fv2%2Fcategories&post=2635"},{"taxonomy":"post_tag","embeddable":true,"href":"https:\/\/www.frohsinn-pudel.de\/index.php?rest_route=%2Fwp%2Fv2%2Ftags&post=2635"}],"curies":[{"name":"wp","href":"https:\/\/api.w.org\/{rel}","templated":true}]}}