{"id":2644,"date":"2020-11-09T11:51:22","date_gmt":"2020-11-09T10:51:22","guid":{"rendered":"http:\/\/www.frohsinn-pudel.de\/?p=2644"},"modified":"2020-11-09T11:51:22","modified_gmt":"2020-11-09T10:51:22","slug":"neues-von-elsa","status":"publish","type":"post","link":"https:\/\/www.frohsinn-pudel.de\/?p=2644","title":{"rendered":"Neues von Elsa"},"content":{"rendered":"<div><a href=\"https:\/\/www.frohsinn-pudel.de\/wp-content\/uploads\/2020\/11\/IMG_7002-27.09.20xxx2.jpg\"><img loading=\"lazy\" decoding=\"async\" class=\"alignnone size-medium wp-image-2646\" src=\"https:\/\/www.frohsinn-pudel.de\/wp-content\/uploads\/2020\/11\/IMG_7002-27.09.20xxx2-300x201.jpg\" alt=\"\" width=\"300\" height=\"201\" srcset=\"https:\/\/www.frohsinn-pudel.de\/wp-content\/uploads\/2020\/11\/IMG_7002-27.09.20xxx2-300x201.jpg 300w, https:\/\/www.frohsinn-pudel.de\/wp-content\/uploads\/2020\/11\/IMG_7002-27.09.20xxx2.jpg 429w\" sizes=\"auto, (max-width: 300px) 100vw, 300px\" \/><\/a> <a href=\"https:\/\/www.frohsinn-pudel.de\/wp-content\/uploads\/2020\/11\/IMG_6410-02.08.20xxx2.jpg\"><img loading=\"lazy\" decoding=\"async\" class=\"alignnone size-medium wp-image-2647\" src=\"https:\/\/www.frohsinn-pudel.de\/wp-content\/uploads\/2020\/11\/IMG_6410-02.08.20xxx2-201x300.jpg\" alt=\"\" width=\"201\" height=\"300\" srcset=\"https:\/\/www.frohsinn-pudel.de\/wp-content\/uploads\/2020\/11\/IMG_6410-02.08.20xxx2-201x300.jpg 201w, https:\/\/www.frohsinn-pudel.de\/wp-content\/uploads\/2020\/11\/IMG_6410-02.08.20xxx2.jpg 324w\" sizes=\"auto, (max-width: 201px) 100vw, 201px\" \/><\/a> <a href=\"https:\/\/www.frohsinn-pudel.de\/wp-content\/uploads\/2020\/11\/IMG_6409-02.08.20xxx2.jpg\"><img loading=\"lazy\" decoding=\"async\" class=\"alignnone size-medium wp-image-2648\" src=\"https:\/\/www.frohsinn-pudel.de\/wp-content\/uploads\/2020\/11\/IMG_6409-02.08.20xxx2-300x201.jpg\" alt=\"\" width=\"300\" height=\"201\" srcset=\"https:\/\/www.frohsinn-pudel.de\/wp-content\/uploads\/2020\/11\/IMG_6409-02.08.20xxx2-300x201.jpg 300w, https:\/\/www.frohsinn-pudel.de\/wp-content\/uploads\/2020\/11\/IMG_6409-02.08.20xxx2.jpg 429w\" sizes=\"auto, (max-width: 300px) 100vw, 300px\" \/><\/a><\/div>\n<div>Elsa liebt es, die Wassertropfen zu fangen und sie mag das Wasser von Monat zu Monat mehr :o)<\/div>\n<div><\/div>\n<div>Hallo Ihr Lieben,<\/div>\n<div><\/div>\n<div>ich hoffe, es geht euch gut und Ihr k\u00f6nnt entspannt und gesund den Herbst genie\u00dfen. Bei uns ist \u201cAlltag\u201d. Die Sache mit Elsas Knie scheint sich von allein gegeben zu haben \u2013 es gab noch ein\/zwei kurze Auff\u00e4lligkeiten und dann ist nichts mehr aufgetaucht \u2013 genau wie wir gehofft hatten. Vielleicht lag es tats\u00e4chlich an den weichen B\u00e4ndern und Gelenken um die erste L\u00e4ufigkeit herum.<\/div>\n<div><\/div>\n<div>Gestern haben Elsa und ich die praktische Pr\u00fcfung f\u00fcr den Hundef\u00fchrerschein bestanden. Das ist hier bei uns Pflicht. Elsa hat alles so toll gemeistert und genau als ich die Urkunde \u00fcberreicht bekomme, dreht sie auf, springt in die Leine und knurrt und bellt einen vorbeilaufenden Hund an&#8230;&#8230;*lach*<\/div>\n<div><\/div>\n<div>Ansonsten ist Elsa nach wie vor unser gro\u00dfes Lockengl\u00fcck. Ich glaube eure Mittelpudelzucht ist mittlerweile weit verbreitet und trotzdem scheint der Pudel die Menschen noch in Entz\u00fccken zu versetzen. Egal ob wir in der City von Bremen herumtingeln, irgendwo in der Natur spazieren gehen oder z.B. die Innenstadt von Osnabr\u00fcck unsicher machen, die Leute l\u00e4cheln Elsa an. Es wird leise getuschelt&#8230; da guck mal, ich glaube das ist ein echter Pudel. Und mehrfach wurden wir auch ganz direkt gefragt, ob das ein \u201cMittelpudel\u201d sei. Eine Frau in unserem W\u00e4ldchen sagte: \u201cDa ist doch ein Gro\u00dfpudel drin, oder? Sie hat so sch\u00f6ne Proportionen\u201d. Wir sind irgendwie stolz auf unseren Hund\u2013 nicht nur, weil Elsa so h\u00fcbsch, sondern weil sie auch so unfassbar lieb ist.<\/div>\n<div>Sie ist noch kein St\u00fcck ruhiger geworden. Das Temperament sprudelt ihr f\u00f6rmlich aus dem Hintern. Neben unserer Hundeschule ist ein Windhundeverein. Dort gibt es \u201cJederhund-Rennen\u201d. Das wollen wir mal ausprobieren, wenn Corona es wieder zul\u00e4sst.<\/div>\n<div><\/div>\n<div>Elsa ist ein feines Seelchen. Aktuell hat sie eine ganze Portion \u00c4ngstlichkeit gefr\u00fchst\u00fcckt. Insbesondere fremde M\u00e4nner oder zu schnell auf sie zukommende Personen bringen Sie zum Weichen oder zum Bellen. Pl\u00f6tzliche Ger\u00e4usche machen ihr wieder Bammel (obwohl sie die Pr\u00fcfung ja gestern u.a. im Stadtget\u00fcmmel prima gemeistert hat). Aber so weit ich wei\u00df, ist das eine normale Phase in diesem Alter. Wir versuchen das gemeinsam gechillt zu meistern.<\/div>\n<div><\/div>\n<div>Leider ist das Thema \u201cAggression\u201d in\u00a0 Elsas Leben eingezogen. Unser Nachbarshund \u2013 ein Jagd-Welsh-Terrier-Mix \u2013 und Elsa f\u00fchren am Gartenzaun mittlerweile heftige Hundegespr\u00e4che. Das hat sich \u00fcber das letzte Jahr hin vom Spiel zur Aggression entwickelt und unser neuer \u201cBlauerhund\u201d-Trainer (auch Verhaltensberater) wird uns da ab sofort unterst\u00fctzen. Mal abgesehen davon, dass das Verhalten zwar h\u00fcndisch, aber nicht akzeptabel ist, sorge ich mich, dass unser so lieber Hund f\u00fcr sich entdeckt, dass auch aggressives Verhalten eine Option ist&#8230;hm&#8230;.. ?<\/div>\n<div><\/div>\n<div>Ansonsten ist zu sagen, dass Elsa Kinder abg\u00f6ttisch liebt, jedes Federvieh auch (aber anders! :o)), dass sie extremst auf Bewegungsreize reagiert (manchmal aber nicht rafft, dass ein Reh oder Eichh\u00f6rnchen an uns vorbei gelaufen ist), dass sie ein unfassbares Repertoire an T\u00f6nen von sich geben kann und dass Sie so sehr gefallen m\u00f6chte, dass ich sie knutschen k\u00f6nnte. Sofa und andere Annehmlichkeiten hat sie sich damit mit Leichtigkeit erobert.<\/div>\n<div><\/div>\n<div>Aber ach herrjeh&#8230; ich habe schon wieder viel zu viel geschrieben&#8230;.<\/div>\n<div>und deshalb ende ich hiermit auch und sende euch ganz herzliche Gr\u00fc\u00dfe.<\/div>\n<div><\/div>\n<div>Passt auf euch auf und bleibt unbedingt\u00a0 gesund<\/div>\n<div><a href=\"https:\/\/www.frohsinn-pudel.de\/wp-content\/uploads\/2020\/11\/IMG_6466-07.08.20xxx2.jpg\"><img loading=\"lazy\" decoding=\"async\" class=\"alignnone size-medium wp-image-2650\" src=\"https:\/\/www.frohsinn-pudel.de\/wp-content\/uploads\/2020\/11\/IMG_6466-07.08.20xxx2-300x201.jpg\" alt=\"\" width=\"300\" height=\"201\" srcset=\"https:\/\/www.frohsinn-pudel.de\/wp-content\/uploads\/2020\/11\/IMG_6466-07.08.20xxx2-300x201.jpg 300w, https:\/\/www.frohsinn-pudel.de\/wp-content\/uploads\/2020\/11\/IMG_6466-07.08.20xxx2.jpg 429w\" sizes=\"auto, (max-width: 300px) 100vw, 300px\" \/><\/a><a href=\"https:\/\/www.frohsinn-pudel.de\/wp-content\/uploads\/2020\/11\/IMG_6812-12.09.20xxx2.jpg\"><img loading=\"lazy\" decoding=\"async\" class=\"alignnone size-medium wp-image-2651\" src=\"https:\/\/www.frohsinn-pudel.de\/wp-content\/uploads\/2020\/11\/IMG_6812-12.09.20xxx2-300x201.jpg\" alt=\"\" width=\"300\" height=\"201\" srcset=\"https:\/\/www.frohsinn-pudel.de\/wp-content\/uploads\/2020\/11\/IMG_6812-12.09.20xxx2-300x201.jpg 300w, https:\/\/www.frohsinn-pudel.de\/wp-content\/uploads\/2020\/11\/IMG_6812-12.09.20xxx2.jpg 429w\" sizes=\"auto, (max-width: 300px) 100vw, 300px\" \/><\/a><\/div>\n<div><\/div>\n","protected":false},"excerpt":{"rendered":"<p>Elsa liebt es, die Wassertropfen zu fangen und sie mag das Wasser von Monat zu Monat mehr :o) Hallo Ihr [&hellip;]<\/p>\n","protected":false},"author":1,"featured_media":0,"comment_status":"closed","ping_status":"closed","sticky":false,"template":"","format":"standard","meta":{"footnotes":""},"categories":[1],"tags":[],"class_list":["post-2644","post","type-post","status-publish","format-standard","hentry","category-allgemein"],"_links":{"self":[{"href":"https:\/\/www.frohsinn-pudel.de\/index.php?rest_route=\/wp\/v2\/posts\/2644","targetHints":{"allow":["GET"]}}],"collection":[{"href":"https:\/\/www.frohsinn-pudel.de\/index.php?rest_route=\/wp\/v2\/posts"}],"about":[{"href":"https:\/\/www.frohsinn-pudel.de\/index.php?rest_route=\/wp\/v2\/types\/post"}],"author":[{"embeddable":true,"href":"https:\/\/www.frohsinn-pudel.de\/index.php?rest_route=\/wp\/v2\/users\/1"}],"replies":[{"embeddable":true,"href":"https:\/\/www.frohsinn-pudel.de\/index.php?rest_route=%2Fwp%2Fv2%2Fcomments&post=2644"}],"version-history":[{"count":3,"href":"https:\/\/www.frohsinn-pudel.de\/index.php?rest_route=\/wp\/v2\/posts\/2644\/revisions"}],"predecessor-version":[{"id":2652,"href":"https:\/\/www.frohsinn-pudel.de\/index.php?rest_route=\/wp\/v2\/posts\/2644\/revisions\/2652"}],"wp:attachment":[{"href":"https:\/\/www.frohsinn-pudel.de\/index.php?rest_route=%2Fwp%2Fv2%2Fmedia&parent=2644"}],"wp:term":[{"taxonomy":"category","embeddable":true,"href":"https:\/\/www.frohsinn-pudel.de\/index.php?rest_route=%2Fwp%2Fv2%2Fcategories&post=2644"},{"taxonomy":"post_tag","embeddable":true,"href":"https:\/\/www.frohsinn-pudel.de\/index.php?rest_route=%2Fwp%2Fv2%2Ftags&post=2644"}],"curies":[{"name":"wp","href":"https:\/\/api.w.org\/{rel}","templated":true}]}}