{"id":2973,"date":"2021-03-19T21:26:41","date_gmt":"2021-03-19T20:26:41","guid":{"rendered":"http:\/\/www.frohsinn-pudel.de\/?p=2973"},"modified":"2021-04-02T13:44:11","modified_gmt":"2021-04-02T11:44:11","slug":"die-augen-oeffnen-sich","status":"publish","type":"post","link":"https:\/\/www.frohsinn-pudel.de\/?p=2973","title":{"rendered":"Die Augen \u00f6ffnen sich"},"content":{"rendered":"<p>Jetzt wird es spannend. Die Augen \u00f6ffnen sich schon bei allen Welpen. Allerdings k\u00f6nnen sie trotzdem erst wenig erkennen. Das orangfarbene M\u00e4dchen hat bei dem Gang zum &#8218;WC&#8216; seine Geschwister aus den Augen verloren und muss sich erst mal bemerkbar machen. Sie hat dann aber doch alleine zur\u00fcck gefunden.<\/p>\n<p>Die ersten Laufversuche sind immer noch sehr wackelig und meistens wird geschlafen. Bald werden sie etwas aktiver werden.<\/p>\n<p>Alle Welpen nehmen gut zu. Die ersten wiegen schon 1kg. Camilla geht es auch gut.<\/p>\n<p>Das Video ist wieder eher ruhig da die Welpen fast nur schlafen.<\/p>\n<p><iframe loading=\"lazy\" title=\"Schlafen\" width=\"780\" height=\"439\" src=\"https:\/\/www.youtube.com\/embed\/pyDhHIiF8Dc?feature=oembed\" frameborder=\"0\" allow=\"accelerometer; autoplay; clipboard-write; encrypted-media; gyroscope; picture-in-picture\" allowfullscreen><\/iframe><\/p>\n","protected":false},"excerpt":{"rendered":"<p>Jetzt wird es spannend. Die Augen \u00f6ffnen sich schon bei allen Welpen. Allerdings k\u00f6nnen sie trotzdem erst wenig erkennen. Das [&hellip;]<\/p>\n","protected":false},"author":1,"featured_media":2974,"comment_status":"closed","ping_status":"closed","sticky":false,"template":"","format":"standard","meta":{"footnotes":""},"categories":[18],"tags":[],"class_list":["post-2973","post","type-post","status-publish","format-standard","has-post-thumbnail","hentry","category-camillas-welpen"],"_links":{"self":[{"href":"https:\/\/www.frohsinn-pudel.de\/index.php?rest_route=\/wp\/v2\/posts\/2973","targetHints":{"allow":["GET"]}}],"collection":[{"href":"https:\/\/www.frohsinn-pudel.de\/index.php?rest_route=\/wp\/v2\/posts"}],"about":[{"href":"https:\/\/www.frohsinn-pudel.de\/index.php?rest_route=\/wp\/v2\/types\/post"}],"author":[{"embeddable":true,"href":"https:\/\/www.frohsinn-pudel.de\/index.php?rest_route=\/wp\/v2\/users\/1"}],"replies":[{"embeddable":true,"href":"https:\/\/www.frohsinn-pudel.de\/index.php?rest_route=%2Fwp%2Fv2%2Fcomments&post=2973"}],"version-history":[{"count":1,"href":"https:\/\/www.frohsinn-pudel.de\/index.php?rest_route=\/wp\/v2\/posts\/2973\/revisions"}],"predecessor-version":[{"id":2975,"href":"https:\/\/www.frohsinn-pudel.de\/index.php?rest_route=\/wp\/v2\/posts\/2973\/revisions\/2975"}],"wp:featuredmedia":[{"embeddable":true,"href":"https:\/\/www.frohsinn-pudel.de\/index.php?rest_route=\/wp\/v2\/media\/2974"}],"wp:attachment":[{"href":"https:\/\/www.frohsinn-pudel.de\/index.php?rest_route=%2Fwp%2Fv2%2Fmedia&parent=2973"}],"wp:term":[{"taxonomy":"category","embeddable":true,"href":"https:\/\/www.frohsinn-pudel.de\/index.php?rest_route=%2Fwp%2Fv2%2Fcategories&post=2973"},{"taxonomy":"post_tag","embeddable":true,"href":"https:\/\/www.frohsinn-pudel.de\/index.php?rest_route=%2Fwp%2Fv2%2Ftags&post=2973"}],"curies":[{"name":"wp","href":"https:\/\/api.w.org\/{rel}","templated":true}]}}