{"id":3131,"date":"2021-05-08T18:30:08","date_gmt":"2021-05-08T16:30:08","guid":{"rendered":"http:\/\/www.frohsinn-pudel.de\/?p=3131"},"modified":"2021-05-08T18:30:08","modified_gmt":"2021-05-08T16:30:08","slug":"jetzt-sind-sie-ausgeflogen","status":"publish","type":"post","link":"https:\/\/www.frohsinn-pudel.de\/?p=3131","title":{"rendered":"Jetzt sind sie ausgeflogen"},"content":{"rendered":"<p>Meistens verteilt sich der Abschied der Welpen auf mehrere Tage.\u00a0 Diese Mal hat es sich so ergeben, dass alle am Wochenende abgeholt wurden.<\/p>\n<p>Gestern ist Buddy (gr\u00fcn) in sein neues Zuhause gezogen.<\/p>\n<p>&nbsp;<\/p>\n<p><a href=\"https:\/\/www.frohsinn-pudel.de\/wp-content\/uploads\/2021\/05\/20210507_102528.jpg\"><img loading=\"lazy\" decoding=\"async\" class=\"alignnone size-medium wp-image-3132\" src=\"https:\/\/www.frohsinn-pudel.de\/wp-content\/uploads\/2021\/05\/20210507_102528-169x300.jpg\" alt=\"\" width=\"169\" height=\"300\" srcset=\"https:\/\/www.frohsinn-pudel.de\/wp-content\/uploads\/2021\/05\/20210507_102528-169x300.jpg 169w, https:\/\/www.frohsinn-pudel.de\/wp-content\/uploads\/2021\/05\/20210507_102528-576x1024.jpg 576w, https:\/\/www.frohsinn-pudel.de\/wp-content\/uploads\/2021\/05\/20210507_102528-768x1365.jpg 768w, https:\/\/www.frohsinn-pudel.de\/wp-content\/uploads\/2021\/05\/20210507_102528-864x1536.jpg 864w, https:\/\/www.frohsinn-pudel.de\/wp-content\/uploads\/2021\/05\/20210507_102528.jpg 1080w\" sizes=\"auto, (max-width: 169px) 100vw, 169px\" \/><\/a><\/p>\n<p>Buddy ist schon gut zuhause angekommen:<\/p>\n<p>Liebe Familie F\u00fcnfsinn,<\/p>\n<p>Buddy hat sich so tapfer geschlagen und hat nicht einmal w\u00e4hrend der Fahrt geweint!<br \/>\nEr hat direkt seinen Kopf unter meinen Arm versteckt und ist f\u00fcnf Minuten nachdem wir losgefahren sind eingeschlafen \ud83d\ude42<\/p>\n<p>Zuhause angekommen hat er alles vorsichtig beschnuppert und sich im Garten gel\u00f6st. Buddy hat so schnell Vertrauen gefasst und hat mit jeden Familienmitglied schwanzwedelnd gekuschelt bis er den Garten genauer entdeckt hat! Danach wollte er garnicht mehr herein und ist drau\u00dfen gl\u00fccklich herumgetollt.<br \/>\nEr hat gefressen und jetzt schl\u00e4ft er in seinem K\u00f6rbchen.<br \/>\nIch kann garnicht in Worte fassen wie \u00fcbergl\u00fccklich ich bin! Vielen vielen Dank, dass Sie diesen wunderbaren Hund in unsere Obhut gegeben haben. <img decoding=\"async\" class=\"CToWUd\" src=\"https:\/\/mail.google.com\/mail\/e\/2764\" alt=\"\u2764\" data-goomoji=\"2764\" data-image-whitelisted=\"\" \/>\ufe0f Wir sind so begeistert wie mutig und neugierig er alles erkundet und immer wieder etwas Neues zum Spielen und Herumtollen findet!<\/p>\n<p>Ganz liebe Gr\u00fc\u00dfe<\/p>\n<p><a href=\"https:\/\/www.frohsinn-pudel.de\/wp-content\/uploads\/2021\/05\/image1.jpeg\"><img loading=\"lazy\" decoding=\"async\" class=\"alignnone size-medium wp-image-3139\" src=\"https:\/\/www.frohsinn-pudel.de\/wp-content\/uploads\/2021\/05\/image1-225x300.jpeg\" alt=\"\" width=\"225\" height=\"300\" srcset=\"https:\/\/www.frohsinn-pudel.de\/wp-content\/uploads\/2021\/05\/image1-225x300.jpeg 225w, https:\/\/www.frohsinn-pudel.de\/wp-content\/uploads\/2021\/05\/image1.jpeg 768w\" sizes=\"auto, (max-width: 225px) 100vw, 225px\" \/><\/a><\/p>\n<p>Buddy im neuen Zuhause.<\/p>\n<p>&#8212;&#8212;&#8212;&#8212;&#8212;&#8212;&#8212;&#8212;&#8212;&#8212;&#8212;&#8212;&#8212;&#8212;&#8212;&#8212;&#8212;&#8212;&#8212;&#8212;&#8212;&#8212;&#8212;&#8212;&#8212;&#8212;&#8212;&#8212;&#8212;&#8212;&#8212;&#8212;&#8212;&#8212;&#8212;&#8212;-<\/p>\n<p>Heute durfte als erstes Nelly (lila) umziehen<\/p>\n<p><a href=\"https:\/\/www.frohsinn-pudel.de\/wp-content\/uploads\/2021\/05\/20210508_092230.jpg\"><img loading=\"lazy\" decoding=\"async\" class=\"alignnone size-medium wp-image-3133\" src=\"https:\/\/www.frohsinn-pudel.de\/wp-content\/uploads\/2021\/05\/20210508_092230-169x300.jpg\" alt=\"\" width=\"169\" height=\"300\" srcset=\"https:\/\/www.frohsinn-pudel.de\/wp-content\/uploads\/2021\/05\/20210508_092230-169x300.jpg 169w, https:\/\/www.frohsinn-pudel.de\/wp-content\/uploads\/2021\/05\/20210508_092230-576x1024.jpg 576w, https:\/\/www.frohsinn-pudel.de\/wp-content\/uploads\/2021\/05\/20210508_092230-768x1365.jpg 768w, https:\/\/www.frohsinn-pudel.de\/wp-content\/uploads\/2021\/05\/20210508_092230-864x1536.jpg 864w, https:\/\/www.frohsinn-pudel.de\/wp-content\/uploads\/2021\/05\/20210508_092230.jpg 1080w\" sizes=\"auto, (max-width: 169px) 100vw, 169px\" \/><\/a><\/p>\n<p>Sie ist in eine Familie mit Hund gezogen und wird bestimmt viel Freude mit ihrem neuen Hausgenossen haben. Aber auch die Kinder warten schon sehr auf das neue Familienmitglied.<\/p>\n<p><a href=\"https:\/\/www.frohsinn-pudel.de\/wp-content\/uploads\/2021\/05\/20210508_110656.jpg\"><img loading=\"lazy\" decoding=\"async\" class=\"alignnone size-medium wp-image-3134\" src=\"https:\/\/www.frohsinn-pudel.de\/wp-content\/uploads\/2021\/05\/20210508_110656-169x300.jpg\" alt=\"\" width=\"169\" height=\"300\" srcset=\"https:\/\/www.frohsinn-pudel.de\/wp-content\/uploads\/2021\/05\/20210508_110656-169x300.jpg 169w, https:\/\/www.frohsinn-pudel.de\/wp-content\/uploads\/2021\/05\/20210508_110656-576x1024.jpg 576w, https:\/\/www.frohsinn-pudel.de\/wp-content\/uploads\/2021\/05\/20210508_110656-768x1365.jpg 768w, https:\/\/www.frohsinn-pudel.de\/wp-content\/uploads\/2021\/05\/20210508_110656-864x1536.jpg 864w, https:\/\/www.frohsinn-pudel.de\/wp-content\/uploads\/2021\/05\/20210508_110656.jpg 1080w\" sizes=\"auto, (max-width: 169px) 100vw, 169px\" \/><\/a><\/p>\n<p>Nala (blau) durfte als n\u00e4chst ausziehen. Sie war schon sehr neugierig, was da auf sie zukommt.<\/p>\n<p>Sie ist auch schon Zuhause angekommen:<\/p>\n<p>Hallo,<\/p>\n<div dir=\"auto\">Nala erkundet nach und nach Ihre neue Umgebung. Es ist total spannend Sie dabei zu beobachten.<\/div>\n<div dir=\"auto\"><\/div>\n<div dir=\"auto\">Sch\u00f6ne Gr\u00fc\u00dfe<\/div>\n<div dir=\"auto\"><a href=\"https:\/\/www.frohsinn-pudel.de\/wp-content\/uploads\/2021\/05\/20210508_131137.jpg\"><img loading=\"lazy\" decoding=\"async\" class=\"alignnone size-medium wp-image-3140\" src=\"https:\/\/www.frohsinn-pudel.de\/wp-content\/uploads\/2021\/05\/20210508_131137-169x300.jpg\" alt=\"\" width=\"169\" height=\"300\" srcset=\"https:\/\/www.frohsinn-pudel.de\/wp-content\/uploads\/2021\/05\/20210508_131137-169x300.jpg 169w, https:\/\/www.frohsinn-pudel.de\/wp-content\/uploads\/2021\/05\/20210508_131137-576x1024.jpg 576w, https:\/\/www.frohsinn-pudel.de\/wp-content\/uploads\/2021\/05\/20210508_131137-768x1365.jpg 768w, https:\/\/www.frohsinn-pudel.de\/wp-content\/uploads\/2021\/05\/20210508_131137-864x1536.jpg 864w, https:\/\/www.frohsinn-pudel.de\/wp-content\/uploads\/2021\/05\/20210508_131137.jpg 1080w\" sizes=\"auto, (max-width: 169px) 100vw, 169px\" \/><\/a><\/div>\n<div dir=\"auto\">Nala<\/div>\n<p><a href=\"https:\/\/www.frohsinn-pudel.de\/wp-content\/uploads\/2021\/05\/20210508_122937.jpg\"><img loading=\"lazy\" decoding=\"async\" class=\"alignnone size-medium wp-image-3135\" src=\"https:\/\/www.frohsinn-pudel.de\/wp-content\/uploads\/2021\/05\/20210508_122937-169x300.jpg\" alt=\"\" width=\"169\" height=\"300\" srcset=\"https:\/\/www.frohsinn-pudel.de\/wp-content\/uploads\/2021\/05\/20210508_122937-169x300.jpg 169w, https:\/\/www.frohsinn-pudel.de\/wp-content\/uploads\/2021\/05\/20210508_122937-576x1024.jpg 576w, https:\/\/www.frohsinn-pudel.de\/wp-content\/uploads\/2021\/05\/20210508_122937-768x1365.jpg 768w, https:\/\/www.frohsinn-pudel.de\/wp-content\/uploads\/2021\/05\/20210508_122937-864x1536.jpg 864w, https:\/\/www.frohsinn-pudel.de\/wp-content\/uploads\/2021\/05\/20210508_122937.jpg 1080w\" sizes=\"auto, (max-width: 169px) 100vw, 169px\" \/><\/a><\/p>\n<p>Julchen (rot) ist auch in eine Familie mit Hund gezogen. Er ist schon etwas \u00e4lter und l\u00e4sst sich hoffentlich vom Julchen zum Unsinnmachen motivieren \ud83d\ude42<\/p>\n<p><a href=\"https:\/\/www.frohsinn-pudel.de\/wp-content\/uploads\/2021\/05\/20210508_1412290.jpg\"><img loading=\"lazy\" decoding=\"async\" class=\"alignnone size-medium wp-image-3136\" src=\"https:\/\/www.frohsinn-pudel.de\/wp-content\/uploads\/2021\/05\/20210508_1412290-169x300.jpg\" alt=\"\" width=\"169\" height=\"300\" srcset=\"https:\/\/www.frohsinn-pudel.de\/wp-content\/uploads\/2021\/05\/20210508_1412290-169x300.jpg 169w, https:\/\/www.frohsinn-pudel.de\/wp-content\/uploads\/2021\/05\/20210508_1412290-576x1024.jpg 576w, https:\/\/www.frohsinn-pudel.de\/wp-content\/uploads\/2021\/05\/20210508_1412290-768x1365.jpg 768w, https:\/\/www.frohsinn-pudel.de\/wp-content\/uploads\/2021\/05\/20210508_1412290-864x1536.jpg 864w, https:\/\/www.frohsinn-pudel.de\/wp-content\/uploads\/2021\/05\/20210508_1412290.jpg 1080w\" sizes=\"auto, (max-width: 169px) 100vw, 169px\" \/><\/a><\/p>\n<p>Pepe (schwarz) darf jetzt 2 Kinder gl\u00fccklich machen, die schon sehns\u00fcchtig auf ihn gewartet haben.<\/p>\n<p><a href=\"https:\/\/www.frohsinn-pudel.de\/wp-content\/uploads\/2021\/05\/20210508_151908.jpg\"><img loading=\"lazy\" decoding=\"async\" class=\"alignnone size-medium wp-image-3137\" src=\"https:\/\/www.frohsinn-pudel.de\/wp-content\/uploads\/2021\/05\/20210508_151908-169x300.jpg\" alt=\"\" width=\"169\" height=\"300\" srcset=\"https:\/\/www.frohsinn-pudel.de\/wp-content\/uploads\/2021\/05\/20210508_151908-169x300.jpg 169w, https:\/\/www.frohsinn-pudel.de\/wp-content\/uploads\/2021\/05\/20210508_151908-576x1024.jpg 576w, https:\/\/www.frohsinn-pudel.de\/wp-content\/uploads\/2021\/05\/20210508_151908-768x1365.jpg 768w, https:\/\/www.frohsinn-pudel.de\/wp-content\/uploads\/2021\/05\/20210508_151908-864x1536.jpg 864w, https:\/\/www.frohsinn-pudel.de\/wp-content\/uploads\/2021\/05\/20210508_151908.jpg 1080w\" sizes=\"auto, (max-width: 169px) 100vw, 169px\" \/><\/a><\/p>\n<p>Jessie (orange) hat vielleicht noch eine besondere Aufgabe vor sich &#8211; sie darf evtl. ein Therapiehund werden. Auf jeden Fall wird sie ein tolles Familienmitglied.<\/p>\n<p><a href=\"https:\/\/www.frohsinn-pudel.de\/wp-content\/uploads\/2021\/05\/20210508_152859.jpg\"><img loading=\"lazy\" decoding=\"async\" class=\"alignnone size-medium wp-image-3138\" src=\"https:\/\/www.frohsinn-pudel.de\/wp-content\/uploads\/2021\/05\/20210508_152859-169x300.jpg\" alt=\"\" width=\"169\" height=\"300\" srcset=\"https:\/\/www.frohsinn-pudel.de\/wp-content\/uploads\/2021\/05\/20210508_152859-169x300.jpg 169w, https:\/\/www.frohsinn-pudel.de\/wp-content\/uploads\/2021\/05\/20210508_152859-576x1024.jpg 576w, https:\/\/www.frohsinn-pudel.de\/wp-content\/uploads\/2021\/05\/20210508_152859-768x1365.jpg 768w, https:\/\/www.frohsinn-pudel.de\/wp-content\/uploads\/2021\/05\/20210508_152859-864x1536.jpg 864w, https:\/\/www.frohsinn-pudel.de\/wp-content\/uploads\/2021\/05\/20210508_152859.jpg 1080w\" sizes=\"auto, (max-width: 169px) 100vw, 169px\" \/><\/a><\/p>\n<p>Idgie (rosa) hat sich gleich an die neue Familie gehalten. Sie wurde als letzte abgeholt und kann jetzt ihr neues Leben beginnen.<\/p>\n<p>Wir w\u00fcnschen allen unseren Welpen und ihren Familien einen ganz guten Start und viel Freude aneinander. Wir freuen uns immer sehr, wenn wir h\u00f6ren, wie es den kleinen geht und wie sie sich entwickeln. Und wenn es mal Probleme gibt haben wir immer ein offenes Ohr.<\/p>\n","protected":false},"excerpt":{"rendered":"<p>Meistens verteilt sich der Abschied der Welpen auf mehrere Tage.\u00a0 Diese Mal hat es sich so ergeben, dass alle am [&hellip;]<\/p>\n","protected":false},"author":1,"featured_media":0,"comment_status":"closed","ping_status":"closed","sticky":false,"template":"","format":"standard","meta":{"footnotes":""},"categories":[18],"tags":[],"class_list":["post-3131","post","type-post","status-publish","format-standard","hentry","category-camillas-welpen"],"_links":{"self":[{"href":"https:\/\/www.frohsinn-pudel.de\/index.php?rest_route=\/wp\/v2\/posts\/3131","targetHints":{"allow":["GET"]}}],"collection":[{"href":"https:\/\/www.frohsinn-pudel.de\/index.php?rest_route=\/wp\/v2\/posts"}],"about":[{"href":"https:\/\/www.frohsinn-pudel.de\/index.php?rest_route=\/wp\/v2\/types\/post"}],"author":[{"embeddable":true,"href":"https:\/\/www.frohsinn-pudel.de\/index.php?rest_route=\/wp\/v2\/users\/1"}],"replies":[{"embeddable":true,"href":"https:\/\/www.frohsinn-pudel.de\/index.php?rest_route=%2Fwp%2Fv2%2Fcomments&post=3131"}],"version-history":[{"count":1,"href":"https:\/\/www.frohsinn-pudel.de\/index.php?rest_route=\/wp\/v2\/posts\/3131\/revisions"}],"predecessor-version":[{"id":3141,"href":"https:\/\/www.frohsinn-pudel.de\/index.php?rest_route=\/wp\/v2\/posts\/3131\/revisions\/3141"}],"wp:attachment":[{"href":"https:\/\/www.frohsinn-pudel.de\/index.php?rest_route=%2Fwp%2Fv2%2Fmedia&parent=3131"}],"wp:term":[{"taxonomy":"category","embeddable":true,"href":"https:\/\/www.frohsinn-pudel.de\/index.php?rest_route=%2Fwp%2Fv2%2Fcategories&post=3131"},{"taxonomy":"post_tag","embeddable":true,"href":"https:\/\/www.frohsinn-pudel.de\/index.php?rest_route=%2Fwp%2Fv2%2Ftags&post=3131"}],"curies":[{"name":"wp","href":"https:\/\/api.w.org\/{rel}","templated":true}]}}