{"id":3198,"date":"2021-05-25T12:32:33","date_gmt":"2021-05-25T10:32:33","guid":{"rendered":"http:\/\/www.frohsinn-pudel.de\/?p=3198"},"modified":"2021-05-25T12:32:33","modified_gmt":"2021-05-25T10:32:33","slug":"gruesse-von-den-pudelkindern","status":"publish","type":"post","link":"https:\/\/www.frohsinn-pudel.de\/?p=3198","title":{"rendered":"Gr\u00fc\u00dfe von den Pudelkindern"},"content":{"rendered":"<p>Liebe F\u00fcnfsinns!<\/p>\n<p>Locke und uns geht\u2019s prima. Wir verbringen gerade unseren ersten Urlaub in S\u00fcdtirol auf einem Bauernhof und genie\u00dfen es alle sehr. Locke ist ein super Hund und macht alles prima mit.<br \/>\nN\u00e4chsten Monat verpassen wir Locke ihren ersten Haarschnitt!<\/p>\n<p>Liebe Gr\u00fc\u00dfe aus dem Vinschgau!<\/p>\n<p><a href=\"https:\/\/www.frohsinn-pudel.de\/wp-content\/uploads\/2021\/05\/IMG_7659.jpg\"><img loading=\"lazy\" decoding=\"async\" class=\"alignnone size-medium wp-image-3199\" src=\"https:\/\/www.frohsinn-pudel.de\/wp-content\/uploads\/2021\/05\/IMG_7659-300x225.jpg\" alt=\"\" width=\"300\" height=\"225\" srcset=\"https:\/\/www.frohsinn-pudel.de\/wp-content\/uploads\/2021\/05\/IMG_7659-300x225.jpg 300w, https:\/\/www.frohsinn-pudel.de\/wp-content\/uploads\/2021\/05\/IMG_7659.jpg 640w\" sizes=\"auto, (max-width: 300px) 100vw, 300px\" \/><\/a><\/p>\n<p>Frisch frisiert!<\/p>\n<hr \/>\n<div dir=\"ltr\">Liebe Familie F\u00fcnfsinn.<\/div>\n<div dir=\"ltr\">Jetzt wohnt Pepe 2 Wochen bei uns und wir haben schon so viel tolles zusammen erlebt.<\/div>\n<div dir=\"ltr\">Ganz in der N\u00e4he wohnt ein \u201egro\u00dfer\u201c Kleinpudel (auch 12 Wochen alt) mit dem wir uns getroffen haben. Auch viele andere Hundebekanntschaften haben wir schon gemacht, wobei die Pudelbegegnung wohl die aufregendste war.<br \/>\nUnser Besuch wird mittlerweile freundlich begr\u00fc\u00dft.<\/div>\n<div dir=\"ltr\">Der war ihm in der ersten Woche manchmal etwas unheimlich. Auch Fahrr\u00e4der, Inliner, Rollatoren&#8230;geh\u00f6ren jetzt zur Normalit\u00e4t und es muss nicht mehr gebellt werden.<\/div>\n<div dir=\"ltr\">Im Garten kann er jetzt ganz sch\u00f6n aufdrehen und man muss den richtigen Zeitpunkt zum Schluss machen erwischen, sonst hat man schon mal ein Loch in der Hose. Auch da lernen wir uns immer besser kennen!<\/div>\n<div dir=\"ltr\">Wenn das Spiel dann vorbei ist, kommt er aber auch ebenso gut wieder zur Ruhe. Je langsamer es in unserem Alltag zugeht, desto ausgeglichener ist er.<\/div>\n<div dir=\"ltr\">Ein guter Spiegel und \u201eRuhepol\u201c f\u00fcr unsere ganze Familie. Sobald sich jemand am Boden niederlasst, sitzt er auf dem Scho\u00df, l\u00e4sst sich ausgiebig kraulen und schl\u00e4ft dabei auch gerne mal ein.<\/div>\n<div dir=\"ltr\">Seine erste Fleischmahlzeit hat er vorgestern bekommen und sie mit gro\u00dfem Appetitt verspeist. Auch drau\u00dfen, findet er alles, was essbar ist (oder eben lieber auch nicht)&#8230;ich wunder mich manchmal, was so ein Welpenmagen alles aush\u00e4lt<img decoding=\"async\" class=\"CToWUd\" src=\"https:\/\/mail.google.com\/mail\/e\/1f60a\" alt=\"\ud83d\ude0a\" data-goomoji=\"1f60a\" data-image-whitelisted=\"\" \/>!<\/div>\n<div dir=\"ltr\">Das Autofahren, B\u00fcrsten und Pfoten abwischen \u00fcben wir gerade. \u201eSitz\u201c kann er schon wunderbar und wir \u00fcben flei\u00dfig und mit viel Spa\u00df weiter aus dem tollen Erziehungsbuch. Unsere Katzen sind leider immer noch beleidigt und wenig zu Hause, aber Pepe macht es wirklich gut. Ich k\u00f6nnte noch so viel erz\u00e4hlen&#8230; aber soweit erstmal&#8230;<\/div>\n<div dir=\"ltr\">Wir gr\u00fc\u00dfen die herzlich aus dem Mainhardter Wald.<\/div>\n<div dir=\"ltr\"><a href=\"https:\/\/www.frohsinn-pudel.de\/wp-content\/uploads\/2021\/05\/IMG_2557-rotated.jpg\"><img loading=\"lazy\" decoding=\"async\" class=\"alignnone size-medium wp-image-3200\" src=\"https:\/\/www.frohsinn-pudel.de\/wp-content\/uploads\/2021\/05\/IMG_2557-225x300.jpg\" alt=\"\" width=\"225\" height=\"300\" srcset=\"https:\/\/www.frohsinn-pudel.de\/wp-content\/uploads\/2021\/05\/IMG_2557-225x300.jpg 225w, https:\/\/www.frohsinn-pudel.de\/wp-content\/uploads\/2021\/05\/IMG_2557-rotated.jpg 480w\" sizes=\"auto, (max-width: 225px) 100vw, 225px\" \/><\/a> <a href=\"https:\/\/www.frohsinn-pudel.de\/wp-content\/uploads\/2021\/05\/IMG_2580.jpg\"><img loading=\"lazy\" decoding=\"async\" class=\"alignnone size-medium wp-image-3201\" src=\"https:\/\/www.frohsinn-pudel.de\/wp-content\/uploads\/2021\/05\/IMG_2580-300x225.jpg\" alt=\"\" width=\"300\" height=\"225\" srcset=\"https:\/\/www.frohsinn-pudel.de\/wp-content\/uploads\/2021\/05\/IMG_2580-300x225.jpg 300w, https:\/\/www.frohsinn-pudel.de\/wp-content\/uploads\/2021\/05\/IMG_2580.jpg 640w\" sizes=\"auto, (max-width: 300px) 100vw, 300px\" \/><\/a> <a href=\"https:\/\/www.frohsinn-pudel.de\/wp-content\/uploads\/2021\/05\/IMG_2587-rotated.jpg\"><img loading=\"lazy\" decoding=\"async\" class=\"alignnone size-medium wp-image-3202\" src=\"https:\/\/www.frohsinn-pudel.de\/wp-content\/uploads\/2021\/05\/IMG_2587-225x300.jpg\" alt=\"\" width=\"225\" height=\"300\" srcset=\"https:\/\/www.frohsinn-pudel.de\/wp-content\/uploads\/2021\/05\/IMG_2587-225x300.jpg 225w, https:\/\/www.frohsinn-pudel.de\/wp-content\/uploads\/2021\/05\/IMG_2587-rotated.jpg 480w\" sizes=\"auto, (max-width: 225px) 100vw, 225px\" \/><\/a><\/div>\n<div dir=\"ltr\">__________________________________________________________________________<\/div>\n<div dir=\"ltr\">Hallo Familie F\u00fcnfsinn,<\/p>\n<div><\/div>\n<div>heute komme ich endlich mal dazu ein paar Zeilen zu schreiben.<\/div>\n<div>Wir sind total gl\u00fccklich mit unserer Nala und Ihnen sehr dankbar f\u00fcr die gute Vorbereitung der Welpen.<\/div>\n<div><\/div>\n<div>Nala hat sich schon super eingew\u00f6hnt. Sie liebt\u00a0es im Garten zu toben und &#8222;hilft&#8220; mir gerne bei der Gartenarbeit. Allerdings m\u00fcssen wir uns noch dar\u00fcber einig werden, WO die L\u00f6cher gebuddelt werden sollen.\u00a0<img decoding=\"async\" class=\"CToWUd\" src=\"https:\/\/mail.google.com\/mail\/e\/1f609\" alt=\"\ud83d\ude09\" data-goomoji=\"1f609\" data-image-whitelisted=\"\" \/><\/div>\n<div><\/div>\n<div>Gestern waren wir das 2. Mal in der Welpenspielgruppe. Die Gruppe besteht aus 7 Welpen verschiedener Rassen und Gr\u00f6\u00dfen, jedoch alle im gleichen Alter. Das passt sehr gut.<\/div>\n<div><\/div>\n<div>Beim ersten Besuch war Nala eher \u00e4ngstlich und zur\u00fcckhaltend. Es hat eine gewisse Zeit gedauert, bevor sie sich auf die anderen Welpen eingelassen hat.<\/div>\n<div>Gestern lief es dann schon viel besser\/entspannter. Nala hat andere Welpen zum Spielen aufgefordert und zu aufdringliche Hunde auch mal &#8222;abgewehrt&#8220;.<\/div>\n<div>Nach der &#8222;Spielstunde&#8220; ist sie dann immer total ersch\u00f6pft und schl\u00e4ft erst mal ein paar Runden.<\/div>\n<div><\/div>\n<div>Mal sehen, wie die n\u00e4chste Spielstunde verl\u00e4uft.<\/div>\n<div><\/div>\n<div>Viele liebe Gr\u00fc\u00dfe<\/div>\n<div><a href=\"https:\/\/www.frohsinn-pudel.de\/wp-content\/uploads\/2021\/05\/20210523_134614.jpg\"><img loading=\"lazy\" decoding=\"async\" class=\"alignnone size-medium wp-image-3203\" src=\"https:\/\/www.frohsinn-pudel.de\/wp-content\/uploads\/2021\/05\/20210523_134614-169x300.jpg\" alt=\"\" width=\"169\" height=\"300\" srcset=\"https:\/\/www.frohsinn-pudel.de\/wp-content\/uploads\/2021\/05\/20210523_134614-169x300.jpg 169w, https:\/\/www.frohsinn-pudel.de\/wp-content\/uploads\/2021\/05\/20210523_134614-576x1024.jpg 576w, https:\/\/www.frohsinn-pudel.de\/wp-content\/uploads\/2021\/05\/20210523_134614-768x1365.jpg 768w, https:\/\/www.frohsinn-pudel.de\/wp-content\/uploads\/2021\/05\/20210523_134614-864x1536.jpg 864w, https:\/\/www.frohsinn-pudel.de\/wp-content\/uploads\/2021\/05\/20210523_134614.jpg 1080w\" sizes=\"auto, (max-width: 169px) 100vw, 169px\" \/><\/a><\/div>\n<\/div>\n<div dir=\"ltr\"><\/div>\n","protected":false},"excerpt":{"rendered":"<p>Liebe F\u00fcnfsinns! Locke und uns geht\u2019s prima. Wir verbringen gerade unseren ersten Urlaub in S\u00fcdtirol auf einem Bauernhof und genie\u00dfen [&hellip;]<\/p>\n","protected":false},"author":1,"featured_media":0,"comment_status":"closed","ping_status":"closed","sticky":false,"template":"","format":"standard","meta":{"footnotes":""},"categories":[1],"tags":[],"class_list":["post-3198","post","type-post","status-publish","format-standard","hentry","category-allgemein"],"_links":{"self":[{"href":"https:\/\/www.frohsinn-pudel.de\/index.php?rest_route=\/wp\/v2\/posts\/3198","targetHints":{"allow":["GET"]}}],"collection":[{"href":"https:\/\/www.frohsinn-pudel.de\/index.php?rest_route=\/wp\/v2\/posts"}],"about":[{"href":"https:\/\/www.frohsinn-pudel.de\/index.php?rest_route=\/wp\/v2\/types\/post"}],"author":[{"embeddable":true,"href":"https:\/\/www.frohsinn-pudel.de\/index.php?rest_route=\/wp\/v2\/users\/1"}],"replies":[{"embeddable":true,"href":"https:\/\/www.frohsinn-pudel.de\/index.php?rest_route=%2Fwp%2Fv2%2Fcomments&post=3198"}],"version-history":[{"count":1,"href":"https:\/\/www.frohsinn-pudel.de\/index.php?rest_route=\/wp\/v2\/posts\/3198\/revisions"}],"predecessor-version":[{"id":3204,"href":"https:\/\/www.frohsinn-pudel.de\/index.php?rest_route=\/wp\/v2\/posts\/3198\/revisions\/3204"}],"wp:attachment":[{"href":"https:\/\/www.frohsinn-pudel.de\/index.php?rest_route=%2Fwp%2Fv2%2Fmedia&parent=3198"}],"wp:term":[{"taxonomy":"category","embeddable":true,"href":"https:\/\/www.frohsinn-pudel.de\/index.php?rest_route=%2Fwp%2Fv2%2Fcategories&post=3198"},{"taxonomy":"post_tag","embeddable":true,"href":"https:\/\/www.frohsinn-pudel.de\/index.php?rest_route=%2Fwp%2Fv2%2Ftags&post=3198"}],"curies":[{"name":"wp","href":"https:\/\/api.w.org\/{rel}","templated":true}]}}