{"id":3282,"date":"2021-12-18T08:10:07","date_gmt":"2021-12-18T07:10:07","guid":{"rendered":"http:\/\/www.frohsinn-pudel.de\/?p=3282"},"modified":"2021-12-19T17:51:01","modified_gmt":"2021-12-19T16:51:01","slug":"geburtstagsgruesse-von-den-i-chen","status":"publish","type":"post","link":"https:\/\/www.frohsinn-pudel.de\/?p=3282","title":{"rendered":"Geburtstagsgr\u00fc\u00dfe von den I-chen"},"content":{"rendered":"<p>Am Donnerstag sind die I Kinder ein Jahr geworden. Wir durfen die Entwicklung von Elly miterleben, da sie zu einer befreundeten Familie gezogen ist.<\/p>\n<p>Elly war der gr\u00f6\u00dfte Hund im Wurf und ist ca. 52 cm hoch. In den letzten Wochen hat sie sich noch mal ver\u00e4ndert und ist kr\u00e4ftiger geworden &#8211; eindeutig kein schlacksiger Junghund mehr. Auch im Verhalten merkt man, dass sie nicht mehr ganz so impulsive ist. Wir vermuten, dass die erste L\u00e4ufigkeit kurz bevor steht, da die R\u00fcden interessiert an ihr schnuppern.<\/p>\n<p>Elly ist eine ganz lustige, temperamtenvolle H\u00fcndin und darf demn\u00e4chst auch schon mal mit in die Schule gehen. Sie wird zum Schulhund ausgebildet.<\/p>\n<p>Wir waren zum Geburtstagskaffee eingeladen und hier ist Julchen bei meiner Freundin auf dem Scho\u00df und Elly ist im Hintergrund.<\/p>\n<p><a href=\"https:\/\/www.frohsinn-pudel.de\/wp-content\/uploads\/2021\/12\/20211216_165325.jpg\"><img loading=\"lazy\" decoding=\"async\" class=\"alignnone size-medium wp-image-3283\" src=\"https:\/\/www.frohsinn-pudel.de\/wp-content\/uploads\/2021\/12\/20211216_165325-300x169.jpg\" alt=\"\" width=\"300\" height=\"169\" srcset=\"https:\/\/www.frohsinn-pudel.de\/wp-content\/uploads\/2021\/12\/20211216_165325-300x169.jpg 300w, https:\/\/www.frohsinn-pudel.de\/wp-content\/uploads\/2021\/12\/20211216_165325-1024x576.jpg 1024w, https:\/\/www.frohsinn-pudel.de\/wp-content\/uploads\/2021\/12\/20211216_165325-768x432.jpg 768w, https:\/\/www.frohsinn-pudel.de\/wp-content\/uploads\/2021\/12\/20211216_165325-1536x864.jpg 1536w, https:\/\/www.frohsinn-pudel.de\/wp-content\/uploads\/2021\/12\/20211216_165325.jpg 1920w\" sizes=\"auto, (max-width: 300px) 100vw, 300px\" \/><\/a><\/p>\n<p>Die beiden (Hunde \ud83d\ude42 sehen so s\u00fc\u00df aus, dass Jule sich kaputt gelacht hat.<\/p>\n<p><a href=\"https:\/\/www.frohsinn-pudel.de\/wp-content\/uploads\/2021\/12\/20211216_165323.jpg\"><img loading=\"lazy\" decoding=\"async\" class=\"alignnone size-medium wp-image-3284\" src=\"https:\/\/www.frohsinn-pudel.de\/wp-content\/uploads\/2021\/12\/20211216_165323-300x169.jpg\" alt=\"\" width=\"300\" height=\"169\" srcset=\"https:\/\/www.frohsinn-pudel.de\/wp-content\/uploads\/2021\/12\/20211216_165323-300x169.jpg 300w, https:\/\/www.frohsinn-pudel.de\/wp-content\/uploads\/2021\/12\/20211216_165323-1024x576.jpg 1024w, https:\/\/www.frohsinn-pudel.de\/wp-content\/uploads\/2021\/12\/20211216_165323-768x432.jpg 768w, https:\/\/www.frohsinn-pudel.de\/wp-content\/uploads\/2021\/12\/20211216_165323-1536x864.jpg 1536w, https:\/\/www.frohsinn-pudel.de\/wp-content\/uploads\/2021\/12\/20211216_165323.jpg 1920w\" sizes=\"auto, (max-width: 300px) 100vw, 300px\" \/><\/a><\/p>\n<p><a href=\"https:\/\/www.frohsinn-pudel.de\/wp-content\/uploads\/2021\/12\/WhatsApp-Image-2021-12-18-at-09.07.47.jpeg\"><img loading=\"lazy\" decoding=\"async\" class=\"alignnone size-medium wp-image-3290\" src=\"https:\/\/www.frohsinn-pudel.de\/wp-content\/uploads\/2021\/12\/WhatsApp-Image-2021-12-18-at-09.07.47-224x300.jpeg\" alt=\"\" width=\"224\" height=\"300\" srcset=\"https:\/\/www.frohsinn-pudel.de\/wp-content\/uploads\/2021\/12\/WhatsApp-Image-2021-12-18-at-09.07.47-224x300.jpeg 224w, https:\/\/www.frohsinn-pudel.de\/wp-content\/uploads\/2021\/12\/WhatsApp-Image-2021-12-18-at-09.07.47-765x1024.jpeg 765w, https:\/\/www.frohsinn-pudel.de\/wp-content\/uploads\/2021\/12\/WhatsApp-Image-2021-12-18-at-09.07.47-768x1027.jpeg 768w, https:\/\/www.frohsinn-pudel.de\/wp-content\/uploads\/2021\/12\/WhatsApp-Image-2021-12-18-at-09.07.47-1148x1536.jpeg 1148w, https:\/\/www.frohsinn-pudel.de\/wp-content\/uploads\/2021\/12\/WhatsApp-Image-2021-12-18-at-09.07.47.jpeg 1196w\" sizes=\"auto, (max-width: 224px) 100vw, 224px\" \/><\/a><\/p>\n<p>Elly und Julchen beim Geschenhe auspacken.<\/p>\n<p>&nbsp;<\/p>\n<p>Vielen Dank f\u00fcr diesen sch\u00f6nen Nachmittag.<\/p>\n<hr \/>\n<p>Theo, der einzige R\u00fcde aus dem Wurf, schickt auch Geburtstagsgr\u00fc\u00dfe<\/p>\n<p>&nbsp;<\/p>\n<p>Liebe F\u00fcnfsinns,<br \/>\nTheo gratuliert seinen Schwestern \ud83e\udd70zum 1. Geburtstag \ud83c\udf82. Uns geht es sehr gut. Der kleine Mann entwickelt sich weiterhin pr\u00e4chtig. Wahnsinn, wie schnell die Zeit vergeht. Nun ist er schon 1 Jahr alt. Mitten in der Pubert\u00e4t meistert er doch alles ganz toll. Sein einzigstes Problem ist nach wie vor, sein kleiner Pudeldickkopf. Wenn ihm etwas nicht passt oder wenn er nicht da hin kann, wo er m\u00f6chte bellt er wie verr\u00fcckt. Aber das bekommen wir auch noch in den Griff. Letzte Woche hatten beide Hunde etwas Magen\/ Darm. Der Weimaraner frisst dann halt mal einen Tag nichts, der Pudel wollte sterben \ud83d\ude06. Zum Gl\u00fcck war meine Schwester zuf\u00e4llig im Lande und konnte ihn untersuchen. Nach einem Tag Schonkost war dann auch wieder alles gut \ud83d\udc4c. Ansonsten genie\u00dfen wir trotz des miesen Wetters unsere Spazierg\u00e4nge. In der Hundeschule sind wir auch und dort hat er sogar einen Pudelfreund gefunden &#8211; auch ein Mittelpudel in wei\u00df ein paar Monate \u00e4lter.<br \/>\nIch hoffe, Ihnen geht es allen gut. W\u00fcnsche Ihnen noch eine angenehme Vorweihnachtszeit und dann ein besinnliches Weihnachtsfest im Kreise ihrer Lieben \ud83d\udc29. Nachfolgend ein paar Eindr\u00fccke von dem Racker \u2026 Er wiegt aktuell 13kg und wenn ich mich nicht vermessen habe &#8211; ist gar nicht so einfach, denn das Messen \ud83d\udccf findet er doof, misst er nun knapp 52cm \ud83e\udd2a. Auf den Bildern mit Emil kann man ganz gut erkennen, wie gro\u00df er geworden ist.<br \/>\nLiebe Gr\u00fc\u00dfe von uns allen<\/p>\n<p><a href=\"https:\/\/www.frohsinn-pudel.de\/wp-content\/uploads\/2021\/12\/WhatsApp-Image-2021-12-16-at-11.31.24.jpeg\"><img loading=\"lazy\" decoding=\"async\" class=\"alignnone size-medium wp-image-3286\" src=\"https:\/\/www.frohsinn-pudel.de\/wp-content\/uploads\/2021\/12\/WhatsApp-Image-2021-12-16-at-11.31.24-261x300.jpeg\" alt=\"\" width=\"261\" height=\"300\" srcset=\"https:\/\/www.frohsinn-pudel.de\/wp-content\/uploads\/2021\/12\/WhatsApp-Image-2021-12-16-at-11.31.24-261x300.jpeg 261w, https:\/\/www.frohsinn-pudel.de\/wp-content\/uploads\/2021\/12\/WhatsApp-Image-2021-12-16-at-11.31.24-890x1024.jpeg 890w, https:\/\/www.frohsinn-pudel.de\/wp-content\/uploads\/2021\/12\/WhatsApp-Image-2021-12-16-at-11.31.24-768x883.jpeg 768w, https:\/\/www.frohsinn-pudel.de\/wp-content\/uploads\/2021\/12\/WhatsApp-Image-2021-12-16-at-11.31.24-1335x1536.jpeg 1335w, https:\/\/www.frohsinn-pudel.de\/wp-content\/uploads\/2021\/12\/WhatsApp-Image-2021-12-16-at-11.31.24.jpeg 1669w\" sizes=\"auto, (max-width: 261px) 100vw, 261px\" \/><\/a> <a href=\"https:\/\/www.frohsinn-pudel.de\/wp-content\/uploads\/2021\/12\/WhatsApp-Image-2021-12-16-at-11.30.33.jpeg\"><img loading=\"lazy\" decoding=\"async\" class=\"alignnone size-medium wp-image-3287\" src=\"https:\/\/www.frohsinn-pudel.de\/wp-content\/uploads\/2021\/12\/WhatsApp-Image-2021-12-16-at-11.30.33-215x300.jpeg\" alt=\"\" width=\"215\" height=\"300\" srcset=\"https:\/\/www.frohsinn-pudel.de\/wp-content\/uploads\/2021\/12\/WhatsApp-Image-2021-12-16-at-11.30.33-215x300.jpeg 215w, https:\/\/www.frohsinn-pudel.de\/wp-content\/uploads\/2021\/12\/WhatsApp-Image-2021-12-16-at-11.30.33-734x1024.jpeg 734w, https:\/\/www.frohsinn-pudel.de\/wp-content\/uploads\/2021\/12\/WhatsApp-Image-2021-12-16-at-11.30.33-768x1072.jpeg 768w, https:\/\/www.frohsinn-pudel.de\/wp-content\/uploads\/2021\/12\/WhatsApp-Image-2021-12-16-at-11.30.33-1101x1536.jpeg 1101w, https:\/\/www.frohsinn-pudel.de\/wp-content\/uploads\/2021\/12\/WhatsApp-Image-2021-12-16-at-11.30.33.jpeg 1376w\" sizes=\"auto, (max-width: 215px) 100vw, 215px\" \/><\/a><\/p>\n","protected":false},"excerpt":{"rendered":"<p>Am Donnerstag sind die I Kinder ein Jahr geworden. Wir durfen die Entwicklung von Elly miterleben, da sie zu einer [&hellip;]<\/p>\n","protected":false},"author":1,"featured_media":3285,"comment_status":"closed","ping_status":"closed","sticky":false,"template":"","format":"standard","meta":{"footnotes":""},"categories":[1],"tags":[],"class_list":["post-3282","post","type-post","status-publish","format-standard","has-post-thumbnail","hentry","category-allgemein"],"_links":{"self":[{"href":"https:\/\/www.frohsinn-pudel.de\/index.php?rest_route=\/wp\/v2\/posts\/3282","targetHints":{"allow":["GET"]}}],"collection":[{"href":"https:\/\/www.frohsinn-pudel.de\/index.php?rest_route=\/wp\/v2\/posts"}],"about":[{"href":"https:\/\/www.frohsinn-pudel.de\/index.php?rest_route=\/wp\/v2\/types\/post"}],"author":[{"embeddable":true,"href":"https:\/\/www.frohsinn-pudel.de\/index.php?rest_route=\/wp\/v2\/users\/1"}],"replies":[{"embeddable":true,"href":"https:\/\/www.frohsinn-pudel.de\/index.php?rest_route=%2Fwp%2Fv2%2Fcomments&post=3282"}],"version-history":[{"count":4,"href":"https:\/\/www.frohsinn-pudel.de\/index.php?rest_route=\/wp\/v2\/posts\/3282\/revisions"}],"predecessor-version":[{"id":3292,"href":"https:\/\/www.frohsinn-pudel.de\/index.php?rest_route=\/wp\/v2\/posts\/3282\/revisions\/3292"}],"wp:featuredmedia":[{"embeddable":true,"href":"https:\/\/www.frohsinn-pudel.de\/index.php?rest_route=\/wp\/v2\/media\/3285"}],"wp:attachment":[{"href":"https:\/\/www.frohsinn-pudel.de\/index.php?rest_route=%2Fwp%2Fv2%2Fmedia&parent=3282"}],"wp:term":[{"taxonomy":"category","embeddable":true,"href":"https:\/\/www.frohsinn-pudel.de\/index.php?rest_route=%2Fwp%2Fv2%2Fcategories&post=3282"},{"taxonomy":"post_tag","embeddable":true,"href":"https:\/\/www.frohsinn-pudel.de\/index.php?rest_route=%2Fwp%2Fv2%2Ftags&post=3282"}],"curies":[{"name":"wp","href":"https:\/\/api.w.org\/{rel}","templated":true}]}}