{"id":3339,"date":"2022-03-06T19:41:15","date_gmt":"2022-03-06T18:41:15","guid":{"rendered":"http:\/\/www.frohsinn-pudel.de\/?p=3339"},"modified":"2022-03-06T19:41:15","modified_gmt":"2022-03-06T18:41:15","slug":"geburtstagsgruesse-von-den-jottchen","status":"publish","type":"post","link":"https:\/\/www.frohsinn-pudel.de\/?p=3339","title":{"rendered":"Geburtstagsgr\u00fc\u00dfe von den Jottchen"},"content":{"rendered":"<p>Liebe Familie F\u00fcnfsinn,<\/p>\n<p>wie schnell die Zeit doch vergeht. Jetzt wird unsere s\u00fc\u00dfe Maus schon ein Jahr alt. Wir wissen schon gar nicht mehr, wie das vorher ohne sie war. Es ist einfach viel mehr Leben im Haus. Ich bin so fit wie noch nie und sogar die Kinder kommen freiwillig bei Spazierg\u00e4ngen mit. Jessie hat sich super in die Familie eingef\u00fcgt. Sie hilft mir unter der Woche die Kinder zu wecken. Das kann sie viel besser und schneller als ich und ihr ist dabei noch nicht einmal jemand b\u00f6se. Am Wochenende l\u00e4sst sie uns dagegen ausschlafen. Ich habe keine Ahnung, woher sie so genau wei\u00df, was wann richtig ist. \u00dcberhaupt ist sie ein sehr h\u00f6flicher Hund. Sie wartet z.B. grunds\u00e4tzlich, bis ich die Futtersch\u00fcssel freigebe und hat tats\u00e4chlich noch nie etwas kaputt gemacht, das nicht ihr geh\u00f6rt. Das mussten wir gar nicht trainieren. Das hat sie ganz von selbst so gemacht.<br \/>\nDie erste L\u00e4ufigkeit haben wir auch gerade gut \u00fcberstanden. Sie ist dadurch irgendwie selbstbewusster und gelassener geworden. Sie folgt mir jetzt nicht mehr \u00fcberall hin, sondern bleibt auch einfach mal entspannt liegen.<br \/>\nWir sind alle sehr froh, dass wir Jessie bei uns haben!<\/p>\n<p>Herzlichen Gl\u00fcckwunsch an alle Geschwister und liebe Gr\u00fc\u00dfe an<br \/>\nMama Camilla und Papa Pinot!<\/p>\n<p><a href=\"https:\/\/www.frohsinn-pudel.de\/wp-content\/uploads\/2022\/03\/image11.jpeg\"><img loading=\"lazy\" decoding=\"async\" class=\"alignnone size-medium wp-image-3340\" src=\"https:\/\/www.frohsinn-pudel.de\/wp-content\/uploads\/2022\/03\/image11-225x300.jpeg\" alt=\"\" width=\"225\" height=\"300\" srcset=\"https:\/\/www.frohsinn-pudel.de\/wp-content\/uploads\/2022\/03\/image11-225x300.jpeg 225w, https:\/\/www.frohsinn-pudel.de\/wp-content\/uploads\/2022\/03\/image11-768x1024.jpeg 768w, https:\/\/www.frohsinn-pudel.de\/wp-content\/uploads\/2022\/03\/image11.jpeg 960w\" sizes=\"auto, (max-width: 225px) 100vw, 225px\" \/><\/a> <a href=\"https:\/\/www.frohsinn-pudel.de\/wp-content\/uploads\/2022\/03\/image0.jpeg\"><img loading=\"lazy\" decoding=\"async\" class=\"alignnone size-medium wp-image-3341\" src=\"https:\/\/www.frohsinn-pudel.de\/wp-content\/uploads\/2022\/03\/image0-225x300.jpeg\" alt=\"\" width=\"225\" height=\"300\" srcset=\"https:\/\/www.frohsinn-pudel.de\/wp-content\/uploads\/2022\/03\/image0-225x300.jpeg 225w, https:\/\/www.frohsinn-pudel.de\/wp-content\/uploads\/2022\/03\/image0-767x1024.jpeg 767w, https:\/\/www.frohsinn-pudel.de\/wp-content\/uploads\/2022\/03\/image0-768x1025.jpeg 768w, https:\/\/www.frohsinn-pudel.de\/wp-content\/uploads\/2022\/03\/image0.jpeg 959w\" sizes=\"auto, (max-width: 225px) 100vw, 225px\" \/><\/a><\/p>\n<p>&nbsp;<\/p>\n<div dir=\"ltr\">Liebe Familie F\u00fcnfsinn.<\/div>\n<div dir=\"ltr\"><\/div>\n<div dir=\"ltr\">Wir melden uns zum 1ten Geburtstag von Pepe, den wir nat\u00fcrlich lecker gefeiert haben\u2026und gr\u00fc\u00dfen alle J-Geschwister herzlich!<\/div>\n<div dir=\"ltr\">Pepe ist gerade ein richtiger \u201eFetz\u201c. Ein Teeny, der uns oft zum Lachen bringt, aber ebenso herausfordert. Er kommt st\u00e4ndig auf neue Ideen und drau\u00dfen ist ja alles soooo aufregend und spannend. Da m\u00fcssen wir uns ganz sch\u00f6n anstrengen um \u201egeh\u00f6rt\u201c zu werden. Die M\u00e4dchen riechen so gut, Mausel\u00f6cher sind das gr\u00f6\u00dfte und kaum ein Tag vergeht, an dem wir keine Rehe vor der Haust\u00fcre haben, denen nachzurennen w\u00e4re einfach auch zu sch\u00f6n!<\/div>\n<div dir=\"ltr\">So haben wir unser \u00dcbungsfeld etwas umgestellt und arbeiten gerade viel an Ruhe und Ansprechbarkeit auf unseren Spazierg\u00e4ngen.<\/div>\n<div dir=\"ltr\">Au\u00dferdem hat unsere Besuchshundeausbildung begonnen und wir genie\u00dfen die gemeinsame Arbeit sehr!<\/div>\n<div dir=\"ltr\">Genau, wie schon in der Welpenzeit von ihnen erkannt, macht Pepe seine Sache super und arbeitet gerne und freudig mit mir.<\/div>\n<div dir=\"ltr\">Und wenn wir nicht zusammen unterwegs sind, kuschelt Pepe sich sehr gerne zu mir, oder den M\u00e4dchen, auch das ist eine Eigenschaft, die wir sehr an ihm lieben und uns allen gut tut!<\/div>\n<div dir=\"ltr\">Jetzt gr\u00fc\u00dfe ich sie herzlich und hoffe, sie und ihr \u201eRudel\u201c sind wohlauf!<\/div>\n<div dir=\"ltr\">Stefanie Nowak mit Familie<\/p>\n<p>Hier noch ein paar ganz aktuelle Geburtstagsbilder\u2026.<\/p><\/div>\n<div dir=\"ltr\"><a href=\"https:\/\/www.frohsinn-pudel.de\/wp-content\/uploads\/2022\/03\/IMG_5152-rotated.jpg\"><img loading=\"lazy\" decoding=\"async\" class=\"alignnone size-medium wp-image-3342\" src=\"https:\/\/www.frohsinn-pudel.de\/wp-content\/uploads\/2022\/03\/IMG_5152-225x300.jpg\" alt=\"\" width=\"225\" height=\"300\" srcset=\"https:\/\/www.frohsinn-pudel.de\/wp-content\/uploads\/2022\/03\/IMG_5152-225x300.jpg 225w, https:\/\/www.frohsinn-pudel.de\/wp-content\/uploads\/2022\/03\/IMG_5152-rotated.jpg 480w\" sizes=\"auto, (max-width: 225px) 100vw, 225px\" \/><\/a> <a href=\"https:\/\/www.frohsinn-pudel.de\/wp-content\/uploads\/2022\/03\/IMG_5168.jpg\"><img loading=\"lazy\" decoding=\"async\" class=\"alignnone size-medium wp-image-3343\" src=\"https:\/\/www.frohsinn-pudel.de\/wp-content\/uploads\/2022\/03\/IMG_5168-300x225.jpg\" alt=\"\" width=\"300\" height=\"225\" srcset=\"https:\/\/www.frohsinn-pudel.de\/wp-content\/uploads\/2022\/03\/IMG_5168-300x225.jpg 300w, https:\/\/www.frohsinn-pudel.de\/wp-content\/uploads\/2022\/03\/IMG_5168.jpg 640w\" sizes=\"auto, (max-width: 300px) 100vw, 300px\" \/><\/a><\/div>\n<div dir=\"ltr\"><\/div>\n<div dir=\"ltr\">Vielen Dank f\u00fcr die sch\u00f6nen Bilder und die Geburtstagsgr\u00fc\u00dfe.<\/div>\n<div dir=\"ltr\"><\/div>\n","protected":false},"excerpt":{"rendered":"<p>Liebe Familie F\u00fcnfsinn, wie schnell die Zeit doch vergeht. Jetzt wird unsere s\u00fc\u00dfe Maus schon ein Jahr alt. Wir wissen [&hellip;]<\/p>\n","protected":false},"author":1,"featured_media":0,"comment_status":"closed","ping_status":"closed","sticky":false,"template":"","format":"standard","meta":{"footnotes":""},"categories":[1],"tags":[],"class_list":["post-3339","post","type-post","status-publish","format-standard","hentry","category-allgemein"],"_links":{"self":[{"href":"https:\/\/www.frohsinn-pudel.de\/index.php?rest_route=\/wp\/v2\/posts\/3339","targetHints":{"allow":["GET"]}}],"collection":[{"href":"https:\/\/www.frohsinn-pudel.de\/index.php?rest_route=\/wp\/v2\/posts"}],"about":[{"href":"https:\/\/www.frohsinn-pudel.de\/index.php?rest_route=\/wp\/v2\/types\/post"}],"author":[{"embeddable":true,"href":"https:\/\/www.frohsinn-pudel.de\/index.php?rest_route=\/wp\/v2\/users\/1"}],"replies":[{"embeddable":true,"href":"https:\/\/www.frohsinn-pudel.de\/index.php?rest_route=%2Fwp%2Fv2%2Fcomments&post=3339"}],"version-history":[{"count":1,"href":"https:\/\/www.frohsinn-pudel.de\/index.php?rest_route=\/wp\/v2\/posts\/3339\/revisions"}],"predecessor-version":[{"id":3344,"href":"https:\/\/www.frohsinn-pudel.de\/index.php?rest_route=\/wp\/v2\/posts\/3339\/revisions\/3344"}],"wp:attachment":[{"href":"https:\/\/www.frohsinn-pudel.de\/index.php?rest_route=%2Fwp%2Fv2%2Fmedia&parent=3339"}],"wp:term":[{"taxonomy":"category","embeddable":true,"href":"https:\/\/www.frohsinn-pudel.de\/index.php?rest_route=%2Fwp%2Fv2%2Fcategories&post=3339"},{"taxonomy":"post_tag","embeddable":true,"href":"https:\/\/www.frohsinn-pudel.de\/index.php?rest_route=%2Fwp%2Fv2%2Ftags&post=3339"}],"curies":[{"name":"wp","href":"https:\/\/api.w.org\/{rel}","templated":true}]}}