{"id":3438,"date":"2022-10-09T11:21:04","date_gmt":"2022-10-09T09:21:04","guid":{"rendered":"http:\/\/www.frohsinn-pudel.de\/?p=3438"},"modified":"2022-10-09T11:23:01","modified_gmt":"2022-10-09T09:23:01","slug":"jetzt-sind-die-welpen-schon-eine-woche-alt","status":"publish","type":"post","link":"https:\/\/www.frohsinn-pudel.de\/?p=3438","title":{"rendered":"Jetzt sind die Welpen schon eine Woche alt"},"content":{"rendered":"<p>Die Welpen werden von Tag zu Tag kr\u00e4ftiger. Sie schlafen immer noch den ganzen Tag. Nur wenn Baja kommt gibt es ein kurzes Gedr\u00e4nge, viel Geschmatze und dann wird wieder lange geschlafen. Baja ist jetzt auch \u00f6fters wieder bei uns.<\/p>\n<p>Heute kommt die erste Einzelvorstellung. Das Geburtsgewicht sagt nichts \u00fcber die Endgr\u00f6\u00dfe aus. Allerdings kann man schon Unterschiede erkennen. Einige haben einen gro\u00dfen Kopf und nehmen schnell zu. Die werden wahrscheinlich auch etwas gr\u00f6\u00dfer werden. Charakterliche Unterschiede kann man nicht entdecken. Manchmal gibt es einen, der immer der Erste oder der Letzte an der Zitze ist. Das konnten wir diese Mal nicht beobachten.<\/p>\n<p>Bis auf die 2 stark gef\u00e4rbten Hunde, haben alle ein buntes Halsband. Da wir ein schwarzes Halsband dabei haben, gibt es auch einen &#8218;Schwarzen&#8216;.<\/p>\n<p><a href=\"https:\/\/www.frohsinn-pudel.de\/wp-content\/uploads\/2022\/10\/Tan-2.jpg\"><img loading=\"lazy\" decoding=\"async\" class=\"alignnone size-medium wp-image-3444\" src=\"https:\/\/www.frohsinn-pudel.de\/wp-content\/uploads\/2022\/10\/Tan-2-300x169.jpg\" alt=\"\" width=\"300\" height=\"169\" srcset=\"https:\/\/www.frohsinn-pudel.de\/wp-content\/uploads\/2022\/10\/Tan-2-300x169.jpg 300w, https:\/\/www.frohsinn-pudel.de\/wp-content\/uploads\/2022\/10\/Tan-2-1024x576.jpg 1024w, https:\/\/www.frohsinn-pudel.de\/wp-content\/uploads\/2022\/10\/Tan-2-768x432.jpg 768w, https:\/\/www.frohsinn-pudel.de\/wp-content\/uploads\/2022\/10\/Tan-2-1536x864.jpg 1536w, https:\/\/www.frohsinn-pudel.de\/wp-content\/uploads\/2022\/10\/Tan-2.jpg 1920w\" sizes=\"auto, (max-width: 300px) 100vw, 300px\" \/><\/a><\/p>\n<p>Tan hat als erster das Licht der Welt erblickt. Er wog bei der Geburt 330 gr. und wiegt heute knapp 500 gr. Er hat einen kr\u00e4ftigen Kopf.<\/p>\n<p><a href=\"https:\/\/www.frohsinn-pudel.de\/wp-content\/uploads\/2022\/10\/Schwarz-3.jpg\"><img loading=\"lazy\" decoding=\"async\" class=\"alignnone size-medium wp-image-3448\" src=\"https:\/\/www.frohsinn-pudel.de\/wp-content\/uploads\/2022\/10\/Schwarz-3-300x169.jpg\" alt=\"\" width=\"300\" height=\"169\" srcset=\"https:\/\/www.frohsinn-pudel.de\/wp-content\/uploads\/2022\/10\/Schwarz-3-300x169.jpg 300w, https:\/\/www.frohsinn-pudel.de\/wp-content\/uploads\/2022\/10\/Schwarz-3-1024x576.jpg 1024w, https:\/\/www.frohsinn-pudel.de\/wp-content\/uploads\/2022\/10\/Schwarz-3-768x432.jpg 768w, https:\/\/www.frohsinn-pudel.de\/wp-content\/uploads\/2022\/10\/Schwarz-3-1536x864.jpg 1536w, https:\/\/www.frohsinn-pudel.de\/wp-content\/uploads\/2022\/10\/Schwarz-3.jpg 1920w\" sizes=\"auto, (max-width: 300px) 100vw, 300px\" \/><\/a> <a href=\"https:\/\/www.frohsinn-pudel.de\/wp-content\/uploads\/2022\/10\/Schwarz-5.jpg\"><img loading=\"lazy\" decoding=\"async\" class=\"alignnone size-medium wp-image-3449\" src=\"https:\/\/www.frohsinn-pudel.de\/wp-content\/uploads\/2022\/10\/Schwarz-5-169x300.jpg\" alt=\"\" width=\"169\" height=\"300\" srcset=\"https:\/\/www.frohsinn-pudel.de\/wp-content\/uploads\/2022\/10\/Schwarz-5-169x300.jpg 169w, https:\/\/www.frohsinn-pudel.de\/wp-content\/uploads\/2022\/10\/Schwarz-5-576x1024.jpg 576w, https:\/\/www.frohsinn-pudel.de\/wp-content\/uploads\/2022\/10\/Schwarz-5-768x1365.jpg 768w, https:\/\/www.frohsinn-pudel.de\/wp-content\/uploads\/2022\/10\/Schwarz-5-864x1536.jpg 864w, https:\/\/www.frohsinn-pudel.de\/wp-content\/uploads\/2022\/10\/Schwarz-5.jpg 1080w\" sizes=\"auto, (max-width: 169px) 100vw, 169px\" \/><\/a><\/p>\n<p>Schwarz kam 10 Minuten sp\u00e4ter auf die Welt. Er wog 244 gr und wiegt heute 366. Schwarz hat einen zierlichen Kopf und etwas braun am Kopf und an den Pfoten. Ich bin gespannt, ob es sich durchsetzt.<\/p>\n<p><a href=\"https:\/\/www.frohsinn-pudel.de\/wp-content\/uploads\/2022\/10\/Orange-2.jpg\"><img loading=\"lazy\" decoding=\"async\" class=\"alignnone size-medium wp-image-3445\" src=\"https:\/\/www.frohsinn-pudel.de\/wp-content\/uploads\/2022\/10\/Orange-2-300x169.jpg\" alt=\"\" width=\"300\" height=\"169\" srcset=\"https:\/\/www.frohsinn-pudel.de\/wp-content\/uploads\/2022\/10\/Orange-2-300x169.jpg 300w, https:\/\/www.frohsinn-pudel.de\/wp-content\/uploads\/2022\/10\/Orange-2-1024x576.jpg 1024w, https:\/\/www.frohsinn-pudel.de\/wp-content\/uploads\/2022\/10\/Orange-2-768x432.jpg 768w, https:\/\/www.frohsinn-pudel.de\/wp-content\/uploads\/2022\/10\/Orange-2-1536x864.jpg 1536w, https:\/\/www.frohsinn-pudel.de\/wp-content\/uploads\/2022\/10\/Orange-2.jpg 1920w\" sizes=\"auto, (max-width: 300px) 100vw, 300px\" \/><\/a> <a href=\"https:\/\/www.frohsinn-pudel.de\/wp-content\/uploads\/2022\/10\/Orange-4.jpg\"><img loading=\"lazy\" decoding=\"async\" class=\"alignnone size-medium wp-image-3446\" src=\"https:\/\/www.frohsinn-pudel.de\/wp-content\/uploads\/2022\/10\/Orange-4-300x169.jpg\" alt=\"\" width=\"300\" height=\"169\" srcset=\"https:\/\/www.frohsinn-pudel.de\/wp-content\/uploads\/2022\/10\/Orange-4-300x169.jpg 300w, https:\/\/www.frohsinn-pudel.de\/wp-content\/uploads\/2022\/10\/Orange-4-1024x576.jpg 1024w, https:\/\/www.frohsinn-pudel.de\/wp-content\/uploads\/2022\/10\/Orange-4-768x432.jpg 768w, https:\/\/www.frohsinn-pudel.de\/wp-content\/uploads\/2022\/10\/Orange-4-1536x864.jpg 1536w, https:\/\/www.frohsinn-pudel.de\/wp-content\/uploads\/2022\/10\/Orange-4.jpg 1920w\" sizes=\"auto, (max-width: 300px) 100vw, 300px\" \/><\/a> <a href=\"https:\/\/www.frohsinn-pudel.de\/wp-content\/uploads\/2022\/10\/Orange-5.jpg\"><img loading=\"lazy\" decoding=\"async\" class=\"alignnone size-medium wp-image-3447\" src=\"https:\/\/www.frohsinn-pudel.de\/wp-content\/uploads\/2022\/10\/Orange-5-300x169.jpg\" alt=\"\" width=\"300\" height=\"169\" srcset=\"https:\/\/www.frohsinn-pudel.de\/wp-content\/uploads\/2022\/10\/Orange-5-300x169.jpg 300w, https:\/\/www.frohsinn-pudel.de\/wp-content\/uploads\/2022\/10\/Orange-5-1024x576.jpg 1024w, https:\/\/www.frohsinn-pudel.de\/wp-content\/uploads\/2022\/10\/Orange-5-768x432.jpg 768w, https:\/\/www.frohsinn-pudel.de\/wp-content\/uploads\/2022\/10\/Orange-5-1536x864.jpg 1536w, https:\/\/www.frohsinn-pudel.de\/wp-content\/uploads\/2022\/10\/Orange-5.jpg 1920w\" sizes=\"auto, (max-width: 300px) 100vw, 300px\" \/><\/a><\/p>\n<p>Orange kam auch wieder 10 Minuten sp\u00e4ter. Er wog 280 gr und wiegt heute 410 gr. Insgesamt auch eher ein zierlicher Welpe.<\/p>\n<p><a href=\"https:\/\/www.frohsinn-pudel.de\/wp-content\/uploads\/2022\/10\/Aricot-3.jpg\"><img loading=\"lazy\" decoding=\"async\" class=\"alignnone size-medium wp-image-3442\" src=\"https:\/\/www.frohsinn-pudel.de\/wp-content\/uploads\/2022\/10\/Aricot-3-300x169.jpg\" alt=\"\" width=\"300\" height=\"169\" srcset=\"https:\/\/www.frohsinn-pudel.de\/wp-content\/uploads\/2022\/10\/Aricot-3-300x169.jpg 300w, https:\/\/www.frohsinn-pudel.de\/wp-content\/uploads\/2022\/10\/Aricot-3-1024x576.jpg 1024w, https:\/\/www.frohsinn-pudel.de\/wp-content\/uploads\/2022\/10\/Aricot-3-768x432.jpg 768w, https:\/\/www.frohsinn-pudel.de\/wp-content\/uploads\/2022\/10\/Aricot-3-1536x864.jpg 1536w, https:\/\/www.frohsinn-pudel.de\/wp-content\/uploads\/2022\/10\/Aricot-3.jpg 1920w\" sizes=\"auto, (max-width: 300px) 100vw, 300px\" \/><\/a><a href=\"https:\/\/www.frohsinn-pudel.de\/wp-content\/uploads\/2022\/10\/Apricot-2.jpg\"><img loading=\"lazy\" decoding=\"async\" class=\"alignnone size-medium wp-image-3440\" src=\"https:\/\/www.frohsinn-pudel.de\/wp-content\/uploads\/2022\/10\/Apricot-2-300x169.jpg\" alt=\"\" width=\"300\" height=\"169\" srcset=\"https:\/\/www.frohsinn-pudel.de\/wp-content\/uploads\/2022\/10\/Apricot-2-300x169.jpg 300w, https:\/\/www.frohsinn-pudel.de\/wp-content\/uploads\/2022\/10\/Apricot-2-1024x576.jpg 1024w, https:\/\/www.frohsinn-pudel.de\/wp-content\/uploads\/2022\/10\/Apricot-2-768x432.jpg 768w, https:\/\/www.frohsinn-pudel.de\/wp-content\/uploads\/2022\/10\/Apricot-2-1536x864.jpg 1536w, https:\/\/www.frohsinn-pudel.de\/wp-content\/uploads\/2022\/10\/Apricot-2.jpg 1920w\" sizes=\"auto, (max-width: 300px) 100vw, 300px\" \/><\/a><\/p>\n<p>Apricot wog bei der Geburt 308 gr. und wiegt jetzt 420 gr. Er wirkt auch eher zierlich &#8211; durch die helle Farbe ist der Vergleich mit seinen Br\u00fcdern etwas schwer.<\/p>\n<p><a href=\"https:\/\/www.frohsinn-pudel.de\/wp-content\/uploads\/2022\/10\/Rot-2.jpg\"><img loading=\"lazy\" decoding=\"async\" class=\"alignnone size-medium wp-image-3450\" src=\"https:\/\/www.frohsinn-pudel.de\/wp-content\/uploads\/2022\/10\/Rot-2-300x169.jpg\" alt=\"\" width=\"300\" height=\"169\" srcset=\"https:\/\/www.frohsinn-pudel.de\/wp-content\/uploads\/2022\/10\/Rot-2-300x169.jpg 300w, https:\/\/www.frohsinn-pudel.de\/wp-content\/uploads\/2022\/10\/Rot-2-1024x576.jpg 1024w, https:\/\/www.frohsinn-pudel.de\/wp-content\/uploads\/2022\/10\/Rot-2-768x432.jpg 768w, https:\/\/www.frohsinn-pudel.de\/wp-content\/uploads\/2022\/10\/Rot-2-1536x864.jpg 1536w, https:\/\/www.frohsinn-pudel.de\/wp-content\/uploads\/2022\/10\/Rot-2.jpg 1920w\" sizes=\"auto, (max-width: 300px) 100vw, 300px\" \/><\/a> <a href=\"https:\/\/www.frohsinn-pudel.de\/wp-content\/uploads\/2022\/10\/Rot-3.jpg\"><img loading=\"lazy\" decoding=\"async\" class=\"alignnone size-medium wp-image-3451\" src=\"https:\/\/www.frohsinn-pudel.de\/wp-content\/uploads\/2022\/10\/Rot-3-169x300.jpg\" alt=\"\" width=\"169\" height=\"300\" srcset=\"https:\/\/www.frohsinn-pudel.de\/wp-content\/uploads\/2022\/10\/Rot-3-169x300.jpg 169w, https:\/\/www.frohsinn-pudel.de\/wp-content\/uploads\/2022\/10\/Rot-3-576x1024.jpg 576w, https:\/\/www.frohsinn-pudel.de\/wp-content\/uploads\/2022\/10\/Rot-3-768x1365.jpg 768w, https:\/\/www.frohsinn-pudel.de\/wp-content\/uploads\/2022\/10\/Rot-3-864x1536.jpg 864w, https:\/\/www.frohsinn-pudel.de\/wp-content\/uploads\/2022\/10\/Rot-3.jpg 1080w\" sizes=\"auto, (max-width: 169px) 100vw, 169px\" \/><\/a><\/p>\n<p>Rot wog bei der Geburt 260 gr. und wiegt heute 365 gr. Ein auch eher zierlicher R\u00fcde.<\/p>\n<p><a href=\"https:\/\/www.frohsinn-pudel.de\/wp-content\/uploads\/2022\/10\/Gold-2.jpg\"><img loading=\"lazy\" decoding=\"async\" class=\"alignnone size-medium wp-image-3452\" src=\"https:\/\/www.frohsinn-pudel.de\/wp-content\/uploads\/2022\/10\/Gold-2-300x169.jpg\" alt=\"\" width=\"300\" height=\"169\" srcset=\"https:\/\/www.frohsinn-pudel.de\/wp-content\/uploads\/2022\/10\/Gold-2-300x169.jpg 300w, https:\/\/www.frohsinn-pudel.de\/wp-content\/uploads\/2022\/10\/Gold-2-1024x576.jpg 1024w, https:\/\/www.frohsinn-pudel.de\/wp-content\/uploads\/2022\/10\/Gold-2-768x432.jpg 768w, https:\/\/www.frohsinn-pudel.de\/wp-content\/uploads\/2022\/10\/Gold-2-1536x864.jpg 1536w, https:\/\/www.frohsinn-pudel.de\/wp-content\/uploads\/2022\/10\/Gold-2.jpg 1920w\" sizes=\"auto, (max-width: 300px) 100vw, 300px\" \/><\/a> <a href=\"https:\/\/www.frohsinn-pudel.de\/wp-content\/uploads\/2022\/10\/Gold-3.jpg\"><img loading=\"lazy\" decoding=\"async\" class=\"alignnone size-medium wp-image-3453\" src=\"https:\/\/www.frohsinn-pudel.de\/wp-content\/uploads\/2022\/10\/Gold-3-300x169.jpg\" alt=\"\" width=\"300\" height=\"169\" srcset=\"https:\/\/www.frohsinn-pudel.de\/wp-content\/uploads\/2022\/10\/Gold-3-300x169.jpg 300w, https:\/\/www.frohsinn-pudel.de\/wp-content\/uploads\/2022\/10\/Gold-3-1024x576.jpg 1024w, https:\/\/www.frohsinn-pudel.de\/wp-content\/uploads\/2022\/10\/Gold-3-768x432.jpg 768w, https:\/\/www.frohsinn-pudel.de\/wp-content\/uploads\/2022\/10\/Gold-3-1536x864.jpg 1536w, https:\/\/www.frohsinn-pudel.de\/wp-content\/uploads\/2022\/10\/Gold-3.jpg 1920w\" sizes=\"auto, (max-width: 300px) 100vw, 300px\" \/><\/a> <a href=\"https:\/\/www.frohsinn-pudel.de\/wp-content\/uploads\/2022\/10\/Gold-4.jpg\"><img loading=\"lazy\" decoding=\"async\" class=\"alignnone size-medium wp-image-3454\" src=\"https:\/\/www.frohsinn-pudel.de\/wp-content\/uploads\/2022\/10\/Gold-4-169x300.jpg\" alt=\"\" width=\"169\" height=\"300\" srcset=\"https:\/\/www.frohsinn-pudel.de\/wp-content\/uploads\/2022\/10\/Gold-4-169x300.jpg 169w, https:\/\/www.frohsinn-pudel.de\/wp-content\/uploads\/2022\/10\/Gold-4-576x1024.jpg 576w, https:\/\/www.frohsinn-pudel.de\/wp-content\/uploads\/2022\/10\/Gold-4-768x1365.jpg 768w, https:\/\/www.frohsinn-pudel.de\/wp-content\/uploads\/2022\/10\/Gold-4-864x1536.jpg 864w, https:\/\/www.frohsinn-pudel.de\/wp-content\/uploads\/2022\/10\/Gold-4.jpg 1080w\" sizes=\"auto, (max-width: 169px) 100vw, 169px\" \/><\/a> <a href=\"https:\/\/www.frohsinn-pudel.de\/wp-content\/uploads\/2022\/10\/Gold-5.jpg\"><img loading=\"lazy\" decoding=\"async\" class=\"alignnone size-medium wp-image-3455\" src=\"https:\/\/www.frohsinn-pudel.de\/wp-content\/uploads\/2022\/10\/Gold-5-169x300.jpg\" alt=\"\" width=\"169\" height=\"300\" srcset=\"https:\/\/www.frohsinn-pudel.de\/wp-content\/uploads\/2022\/10\/Gold-5-169x300.jpg 169w, https:\/\/www.frohsinn-pudel.de\/wp-content\/uploads\/2022\/10\/Gold-5-576x1024.jpg 576w, https:\/\/www.frohsinn-pudel.de\/wp-content\/uploads\/2022\/10\/Gold-5-768x1365.jpg 768w, https:\/\/www.frohsinn-pudel.de\/wp-content\/uploads\/2022\/10\/Gold-5-864x1536.jpg 864w, https:\/\/www.frohsinn-pudel.de\/wp-content\/uploads\/2022\/10\/Gold-5.jpg 1080w\" sizes=\"auto, (max-width: 169px) 100vw, 169px\" \/><\/a><\/p>\n<p>Gold wog bei der Geburt 270 gr. und wiegt heute 370 gr. Ein auch eher zierlicher. Anscheinend war er noch m\u00fcde und ich habe alle G\u00e4hnfotos eingestellt. Sie passen so gut zusammen.<\/p>\n<p><a href=\"https:\/\/www.frohsinn-pudel.de\/wp-content\/uploads\/2022\/10\/Blau-1.jpg\"><img loading=\"lazy\" decoding=\"async\" class=\"alignnone size-medium wp-image-3456\" src=\"https:\/\/www.frohsinn-pudel.de\/wp-content\/uploads\/2022\/10\/Blau-1-169x300.jpg\" alt=\"\" width=\"169\" height=\"300\" srcset=\"https:\/\/www.frohsinn-pudel.de\/wp-content\/uploads\/2022\/10\/Blau-1-169x300.jpg 169w, https:\/\/www.frohsinn-pudel.de\/wp-content\/uploads\/2022\/10\/Blau-1-576x1024.jpg 576w, https:\/\/www.frohsinn-pudel.de\/wp-content\/uploads\/2022\/10\/Blau-1-768x1365.jpg 768w, https:\/\/www.frohsinn-pudel.de\/wp-content\/uploads\/2022\/10\/Blau-1-864x1536.jpg 864w, https:\/\/www.frohsinn-pudel.de\/wp-content\/uploads\/2022\/10\/Blau-1.jpg 1080w\" sizes=\"auto, (max-width: 169px) 100vw, 169px\" \/><\/a> <a href=\"https:\/\/www.frohsinn-pudel.de\/wp-content\/uploads\/2022\/10\/Blau-4.jpg\"><img loading=\"lazy\" decoding=\"async\" class=\"alignnone size-medium wp-image-3457\" src=\"https:\/\/www.frohsinn-pudel.de\/wp-content\/uploads\/2022\/10\/Blau-4-169x300.jpg\" alt=\"\" width=\"169\" height=\"300\" srcset=\"https:\/\/www.frohsinn-pudel.de\/wp-content\/uploads\/2022\/10\/Blau-4-169x300.jpg 169w, https:\/\/www.frohsinn-pudel.de\/wp-content\/uploads\/2022\/10\/Blau-4-576x1024.jpg 576w, https:\/\/www.frohsinn-pudel.de\/wp-content\/uploads\/2022\/10\/Blau-4-768x1365.jpg 768w, https:\/\/www.frohsinn-pudel.de\/wp-content\/uploads\/2022\/10\/Blau-4-864x1536.jpg 864w, https:\/\/www.frohsinn-pudel.de\/wp-content\/uploads\/2022\/10\/Blau-4.jpg 1080w\" sizes=\"auto, (max-width: 169px) 100vw, 169px\" \/><\/a> <a href=\"https:\/\/www.frohsinn-pudel.de\/wp-content\/uploads\/2022\/10\/Blau-5.jpg\"><img loading=\"lazy\" decoding=\"async\" class=\"alignnone size-medium wp-image-3458\" src=\"https:\/\/www.frohsinn-pudel.de\/wp-content\/uploads\/2022\/10\/Blau-5-169x300.jpg\" alt=\"\" width=\"169\" height=\"300\" srcset=\"https:\/\/www.frohsinn-pudel.de\/wp-content\/uploads\/2022\/10\/Blau-5-169x300.jpg 169w, https:\/\/www.frohsinn-pudel.de\/wp-content\/uploads\/2022\/10\/Blau-5-576x1024.jpg 576w, https:\/\/www.frohsinn-pudel.de\/wp-content\/uploads\/2022\/10\/Blau-5-768x1365.jpg 768w, https:\/\/www.frohsinn-pudel.de\/wp-content\/uploads\/2022\/10\/Blau-5-864x1536.jpg 864w, https:\/\/www.frohsinn-pudel.de\/wp-content\/uploads\/2022\/10\/Blau-5.jpg 1080w\" sizes=\"auto, (max-width: 169px) 100vw, 169px\" \/><\/a><\/p>\n<p>Blau wog bei der Geburt 300 gr. und wiegt heute 450 gr. Er kam direkt nach Gold auf die Welt im Abstand von 2 Minuten.<\/p>\n<p>Blau hat einen kr\u00e4ftigen Kopf und war heute etwas zappelig. Meine Kamera hat immer einen Tick zu sp\u00e4t ausgel\u00f6st und so sind die Fotos nicht die so sonderlich gut geworden.<\/p>\n<p>&nbsp;<\/p>\n<p>&nbsp;<\/p>\n","protected":false},"excerpt":{"rendered":"<p>Die Welpen werden von Tag zu Tag kr\u00e4ftiger. Sie schlafen immer noch den ganzen Tag. Nur wenn Baja kommt gibt [&hellip;]<\/p>\n","protected":false},"author":1,"featured_media":3452,"comment_status":"closed","ping_status":"closed","sticky":false,"template":"","format":"standard","meta":{"footnotes":""},"categories":[16],"tags":[],"class_list":["post-3438","post","type-post","status-publish","format-standard","has-post-thumbnail","hentry","category-bajas-welpen"],"_links":{"self":[{"href":"https:\/\/www.frohsinn-pudel.de\/index.php?rest_route=\/wp\/v2\/posts\/3438","targetHints":{"allow":["GET"]}}],"collection":[{"href":"https:\/\/www.frohsinn-pudel.de\/index.php?rest_route=\/wp\/v2\/posts"}],"about":[{"href":"https:\/\/www.frohsinn-pudel.de\/index.php?rest_route=\/wp\/v2\/types\/post"}],"author":[{"embeddable":true,"href":"https:\/\/www.frohsinn-pudel.de\/index.php?rest_route=\/wp\/v2\/users\/1"}],"replies":[{"embeddable":true,"href":"https:\/\/www.frohsinn-pudel.de\/index.php?rest_route=%2Fwp%2Fv2%2Fcomments&post=3438"}],"version-history":[{"count":2,"href":"https:\/\/www.frohsinn-pudel.de\/index.php?rest_route=\/wp\/v2\/posts\/3438\/revisions"}],"predecessor-version":[{"id":3460,"href":"https:\/\/www.frohsinn-pudel.de\/index.php?rest_route=\/wp\/v2\/posts\/3438\/revisions\/3460"}],"wp:featuredmedia":[{"embeddable":true,"href":"https:\/\/www.frohsinn-pudel.de\/index.php?rest_route=\/wp\/v2\/media\/3452"}],"wp:attachment":[{"href":"https:\/\/www.frohsinn-pudel.de\/index.php?rest_route=%2Fwp%2Fv2%2Fmedia&parent=3438"}],"wp:term":[{"taxonomy":"category","embeddable":true,"href":"https:\/\/www.frohsinn-pudel.de\/index.php?rest_route=%2Fwp%2Fv2%2Fcategories&post=3438"},{"taxonomy":"post_tag","embeddable":true,"href":"https:\/\/www.frohsinn-pudel.de\/index.php?rest_route=%2Fwp%2Fv2%2Ftags&post=3438"}],"curies":[{"name":"wp","href":"https:\/\/api.w.org\/{rel}","templated":true}]}}