{"id":3497,"date":"2022-10-16T17:47:04","date_gmt":"2022-10-16T15:47:04","guid":{"rendered":"http:\/\/www.frohsinn-pudel.de\/?p=3497"},"modified":"2022-10-16T17:47:04","modified_gmt":"2022-10-16T15:47:04","slug":"die-ersten-augen-oeffnen-sich","status":"publish","type":"post","link":"https:\/\/www.frohsinn-pudel.de\/?p=3497","title":{"rendered":"Die ersten Augen \u00f6ffnen sich"},"content":{"rendered":"<p>Seit gestern haben einige Welpen ihre Augen ein St\u00fcck weit oder sogar schon ganz offen. Heute haben wir die Gelegenheit genutzt, das in einer ruhigen Phase der Kleinen, direkt nach dem Trinken, am goldenen Jungen zu zeigen:<\/p>\n<p><a href=\"https:\/\/www.frohsinn-pudel.de\/wp-content\/uploads\/2022\/10\/AX8A0274.jpg\"><img loading=\"lazy\" decoding=\"async\" class=\"alignnone size-medium wp-image-3498\" src=\"https:\/\/www.frohsinn-pudel.de\/wp-content\/uploads\/2022\/10\/AX8A0274-300x200.jpg\" alt=\"\" width=\"300\" height=\"200\" srcset=\"https:\/\/www.frohsinn-pudel.de\/wp-content\/uploads\/2022\/10\/AX8A0274-300x200.jpg 300w, https:\/\/www.frohsinn-pudel.de\/wp-content\/uploads\/2022\/10\/AX8A0274-1024x683.jpg 1024w, https:\/\/www.frohsinn-pudel.de\/wp-content\/uploads\/2022\/10\/AX8A0274-768x512.jpg 768w, https:\/\/www.frohsinn-pudel.de\/wp-content\/uploads\/2022\/10\/AX8A0274-1536x1024.jpg 1536w, https:\/\/www.frohsinn-pudel.de\/wp-content\/uploads\/2022\/10\/AX8A0274.jpg 1920w\" sizes=\"auto, (max-width: 300px) 100vw, 300px\" \/><\/a><br \/>\nDer bl\u00e4uchliche Schimmer, der auch auf dem Photo noch zu sehen ist, verliert sich im Verlauf der n\u00e4chsten Tage. Dabei nimmt auch die jetzt noch sehr eingeschr\u00e4nkte Sehleistung der Welpen zu.<\/p>\n<p>Davon abgesehen werden sie zunehmend munterer. Manchmal sind jetzt auch schon ein paar richtige Schritte zu beobachten, auf allen vier Pfoten gleichzeitig. \ud83d\ude42 Doch davon mehr in einem sp\u00e4teren Video&#8230;<\/p>\n","protected":false},"excerpt":{"rendered":"<p>Seit gestern haben einige Welpen ihre Augen ein St\u00fcck weit oder sogar schon ganz offen. Heute haben wir die Gelegenheit [&hellip;]<\/p>\n","protected":false},"author":2,"featured_media":0,"comment_status":"closed","ping_status":"closed","sticky":false,"template":"","format":"standard","meta":{"footnotes":""},"categories":[16],"tags":[],"class_list":["post-3497","post","type-post","status-publish","format-standard","hentry","category-bajas-welpen"],"_links":{"self":[{"href":"https:\/\/www.frohsinn-pudel.de\/index.php?rest_route=\/wp\/v2\/posts\/3497","targetHints":{"allow":["GET"]}}],"collection":[{"href":"https:\/\/www.frohsinn-pudel.de\/index.php?rest_route=\/wp\/v2\/posts"}],"about":[{"href":"https:\/\/www.frohsinn-pudel.de\/index.php?rest_route=\/wp\/v2\/types\/post"}],"author":[{"embeddable":true,"href":"https:\/\/www.frohsinn-pudel.de\/index.php?rest_route=\/wp\/v2\/users\/2"}],"replies":[{"embeddable":true,"href":"https:\/\/www.frohsinn-pudel.de\/index.php?rest_route=%2Fwp%2Fv2%2Fcomments&post=3497"}],"version-history":[{"count":1,"href":"https:\/\/www.frohsinn-pudel.de\/index.php?rest_route=\/wp\/v2\/posts\/3497\/revisions"}],"predecessor-version":[{"id":3499,"href":"https:\/\/www.frohsinn-pudel.de\/index.php?rest_route=\/wp\/v2\/posts\/3497\/revisions\/3499"}],"wp:attachment":[{"href":"https:\/\/www.frohsinn-pudel.de\/index.php?rest_route=%2Fwp%2Fv2%2Fmedia&parent=3497"}],"wp:term":[{"taxonomy":"category","embeddable":true,"href":"https:\/\/www.frohsinn-pudel.de\/index.php?rest_route=%2Fwp%2Fv2%2Fcategories&post=3497"},{"taxonomy":"post_tag","embeddable":true,"href":"https:\/\/www.frohsinn-pudel.de\/index.php?rest_route=%2Fwp%2Fv2%2Ftags&post=3497"}],"curies":[{"name":"wp","href":"https:\/\/api.w.org\/{rel}","templated":true}]}}