{"id":3511,"date":"2022-10-22T14:12:06","date_gmt":"2022-10-22T12:12:06","guid":{"rendered":"http:\/\/www.frohsinn-pudel.de\/?p=3511"},"modified":"2022-10-22T14:12:06","modified_gmt":"2022-10-22T12:12:06","slug":"die-welpen-sind-schon-3-wochen-alt","status":"publish","type":"post","link":"https:\/\/www.frohsinn-pudel.de\/?p=3511","title":{"rendered":"Die Welpen sind schon 3 Wochen alt"},"content":{"rendered":"<p>Heute ist ein spannender Tag, weil die Welpen in die K\u00fcche umziehen durften.<\/p>\n<p>In der K\u00fcche ist jetzt ein PVC Boden ausgelegt und wir haben eine gro\u00dfe Holzbox aufgestellt. Da haben die Kleinen erst mal viel Platz zum Erkunden. Die Box ist so gro\u00df, dass ich mich auch dazu setzen kann und die Welpen von sich aus Kontakt zu mir aufnehmen k\u00f6nnen. Baja kann l\u00e4ssig rein und raus springen.<\/p>\n<p>Ich habe mich dann auch in die Box gesetzt und Baja hat sich sofort an mich geschmiegt und auf ihre Welpen gewartet.<\/p>\n<p>Die Welpen waren erst ganz ruhig, weil sie sofort trinken konnten. Aber wenn sie jetzt wach werden, wird erst mal gen\u00f6selt. Sie brauchen noch etwas Zeit, um sich an die neue Umgebung zu gew\u00f6hnen. Zum Gl\u00fcck legt sich Baja immer wieder dazu und dann ist sofort alles gut.<\/p>\n<p>Die n\u00e4chsten Schritte m\u00fcssen die Welpen eigenst\u00e4ndig gehen &#8211; aus der Box in die K\u00fcche &#8211; aus der K\u00fcche in das Sommerhaus &#8211; aus dem Sommerhaus in den Garten. Aber bis dahin dauert es noch.<\/p>\n<p><iframe loading=\"lazy\" title=\"Umzug in die K\u00fcche\" width=\"780\" height=\"439\" src=\"https:\/\/www.youtube.com\/embed\/iHvaG9LGLCQ?feature=oembed\" frameborder=\"0\" allow=\"accelerometer; autoplay; clipboard-write; encrypted-media; gyroscope; picture-in-picture\" allowfullscreen><\/iframe><\/p>\n<p>&nbsp;<\/p>\n","protected":false},"excerpt":{"rendered":"<p>Heute ist ein spannender Tag, weil die Welpen in die K\u00fcche umziehen durften. In der K\u00fcche ist jetzt ein PVC [&hellip;]<\/p>\n","protected":false},"author":1,"featured_media":3513,"comment_status":"closed","ping_status":"closed","sticky":false,"template":"","format":"standard","meta":{"footnotes":""},"categories":[16],"tags":[],"class_list":["post-3511","post","type-post","status-publish","format-standard","has-post-thumbnail","hentry","category-bajas-welpen"],"_links":{"self":[{"href":"https:\/\/www.frohsinn-pudel.de\/index.php?rest_route=\/wp\/v2\/posts\/3511","targetHints":{"allow":["GET"]}}],"collection":[{"href":"https:\/\/www.frohsinn-pudel.de\/index.php?rest_route=\/wp\/v2\/posts"}],"about":[{"href":"https:\/\/www.frohsinn-pudel.de\/index.php?rest_route=\/wp\/v2\/types\/post"}],"author":[{"embeddable":true,"href":"https:\/\/www.frohsinn-pudel.de\/index.php?rest_route=\/wp\/v2\/users\/1"}],"replies":[{"embeddable":true,"href":"https:\/\/www.frohsinn-pudel.de\/index.php?rest_route=%2Fwp%2Fv2%2Fcomments&post=3511"}],"version-history":[{"count":1,"href":"https:\/\/www.frohsinn-pudel.de\/index.php?rest_route=\/wp\/v2\/posts\/3511\/revisions"}],"predecessor-version":[{"id":3516,"href":"https:\/\/www.frohsinn-pudel.de\/index.php?rest_route=\/wp\/v2\/posts\/3511\/revisions\/3516"}],"wp:featuredmedia":[{"embeddable":true,"href":"https:\/\/www.frohsinn-pudel.de\/index.php?rest_route=\/wp\/v2\/media\/3513"}],"wp:attachment":[{"href":"https:\/\/www.frohsinn-pudel.de\/index.php?rest_route=%2Fwp%2Fv2%2Fmedia&parent=3511"}],"wp:term":[{"taxonomy":"category","embeddable":true,"href":"https:\/\/www.frohsinn-pudel.de\/index.php?rest_route=%2Fwp%2Fv2%2Fcategories&post=3511"},{"taxonomy":"post_tag","embeddable":true,"href":"https:\/\/www.frohsinn-pudel.de\/index.php?rest_route=%2Fwp%2Fv2%2Ftags&post=3511"}],"curies":[{"name":"wp","href":"https:\/\/api.w.org\/{rel}","templated":true}]}}