{"id":3525,"date":"2022-10-29T17:05:41","date_gmt":"2022-10-29T15:05:41","guid":{"rendered":"https:\/\/www.frohsinn-pudel.de\/?p=3525"},"modified":"2022-10-29T17:05:55","modified_gmt":"2022-10-29T15:05:55","slug":"krallenpflege","status":"publish","type":"post","link":"https:\/\/www.frohsinn-pudel.de\/?p=3525","title":{"rendered":"Krallenpflege"},"content":{"rendered":"<p>Unsere Welpen wachsen und gedeihen. Leider wachsen auch die Krallen :-), und da die Kleinen nat\u00fcrlich nach wie vor bei Baja trinken und zur Anregung des Milchflu\u00dfes den &#8218;Milchtritt&#8216; ausf\u00fchren, sind die spitzen Krallen f\u00fcr Baja manchmal sehr unangenehm. Deshalb war es heute an der Zeit, sie etwas zu k\u00fcrzen. Alle haben die Prozedur problemlos \u00fcber sich ergehen lassen, einige sogar ganz neugierig zugeschaut&#8230;<\/p>\n<p><a href=\"https:\/\/www.frohsinn-pudel.de\/wp-content\/uploads\/2022\/10\/AX8A0355.jpg\"><img loading=\"lazy\" decoding=\"async\" class=\"alignnone size-medium wp-image-3526\" src=\"https:\/\/www.frohsinn-pudel.de\/wp-content\/uploads\/2022\/10\/AX8A0355-300x200.jpg\" alt=\"\" width=\"300\" height=\"200\" srcset=\"https:\/\/www.frohsinn-pudel.de\/wp-content\/uploads\/2022\/10\/AX8A0355-300x200.jpg 300w, https:\/\/www.frohsinn-pudel.de\/wp-content\/uploads\/2022\/10\/AX8A0355-1024x683.jpg 1024w, https:\/\/www.frohsinn-pudel.de\/wp-content\/uploads\/2022\/10\/AX8A0355-768x512.jpg 768w, https:\/\/www.frohsinn-pudel.de\/wp-content\/uploads\/2022\/10\/AX8A0355-1536x1024.jpg 1536w, https:\/\/www.frohsinn-pudel.de\/wp-content\/uploads\/2022\/10\/AX8A0355.jpg 1920w\" sizes=\"auto, (max-width: 300px) 100vw, 300px\" \/><\/a><\/p>\n","protected":false},"excerpt":{"rendered":"<p>Unsere Welpen wachsen und gedeihen. Leider wachsen auch die Krallen :-), und da die Kleinen nat\u00fcrlich nach wie vor bei [&hellip;]<\/p>\n","protected":false},"author":2,"featured_media":0,"comment_status":"closed","ping_status":"closed","sticky":false,"template":"","format":"standard","meta":{"footnotes":""},"categories":[16],"tags":[],"class_list":["post-3525","post","type-post","status-publish","format-standard","hentry","category-bajas-welpen"],"_links":{"self":[{"href":"https:\/\/www.frohsinn-pudel.de\/index.php?rest_route=\/wp\/v2\/posts\/3525","targetHints":{"allow":["GET"]}}],"collection":[{"href":"https:\/\/www.frohsinn-pudel.de\/index.php?rest_route=\/wp\/v2\/posts"}],"about":[{"href":"https:\/\/www.frohsinn-pudel.de\/index.php?rest_route=\/wp\/v2\/types\/post"}],"author":[{"embeddable":true,"href":"https:\/\/www.frohsinn-pudel.de\/index.php?rest_route=\/wp\/v2\/users\/2"}],"replies":[{"embeddable":true,"href":"https:\/\/www.frohsinn-pudel.de\/index.php?rest_route=%2Fwp%2Fv2%2Fcomments&post=3525"}],"version-history":[{"count":1,"href":"https:\/\/www.frohsinn-pudel.de\/index.php?rest_route=\/wp\/v2\/posts\/3525\/revisions"}],"predecessor-version":[{"id":3527,"href":"https:\/\/www.frohsinn-pudel.de\/index.php?rest_route=\/wp\/v2\/posts\/3525\/revisions\/3527"}],"wp:attachment":[{"href":"https:\/\/www.frohsinn-pudel.de\/index.php?rest_route=%2Fwp%2Fv2%2Fmedia&parent=3525"}],"wp:term":[{"taxonomy":"category","embeddable":true,"href":"https:\/\/www.frohsinn-pudel.de\/index.php?rest_route=%2Fwp%2Fv2%2Fcategories&post=3525"},{"taxonomy":"post_tag","embeddable":true,"href":"https:\/\/www.frohsinn-pudel.de\/index.php?rest_route=%2Fwp%2Fv2%2Ftags&post=3525"}],"curies":[{"name":"wp","href":"https:\/\/api.w.org\/{rel}","templated":true}]}}