{"id":3561,"date":"2022-12-03T10:50:06","date_gmt":"2022-12-03T09:50:06","guid":{"rendered":"https:\/\/www.frohsinn-pudel.de\/?p=3561"},"modified":"2022-12-11T11:02:23","modified_gmt":"2022-12-11T10:02:23","slug":"die-tueten-sind-gepackt","status":"publish","type":"post","link":"https:\/\/www.frohsinn-pudel.de\/?p=3561","title":{"rendered":"Die T\u00fcten sind gepackt&#8230;"},"content":{"rendered":"\r\n<figure class=\"wp-block-image size-large\"><img loading=\"lazy\" decoding=\"async\" width=\"1920\" height=\"1920\" class=\"wp-image-3560\" src=\"https:\/\/www.frohsinn-pudel.de\/wp-content\/uploads\/2022\/12\/IMG_20221203_104609.jpg\" alt=\"\" srcset=\"https:\/\/www.frohsinn-pudel.de\/wp-content\/uploads\/2022\/12\/IMG_20221203_104609.jpg 1920w, https:\/\/www.frohsinn-pudel.de\/wp-content\/uploads\/2022\/12\/IMG_20221203_104609-300x300.jpg 300w, https:\/\/www.frohsinn-pudel.de\/wp-content\/uploads\/2022\/12\/IMG_20221203_104609-1024x1024.jpg 1024w, https:\/\/www.frohsinn-pudel.de\/wp-content\/uploads\/2022\/12\/IMG_20221203_104609-150x150.jpg 150w, https:\/\/www.frohsinn-pudel.de\/wp-content\/uploads\/2022\/12\/IMG_20221203_104609-768x768.jpg 768w, https:\/\/www.frohsinn-pudel.de\/wp-content\/uploads\/2022\/12\/IMG_20221203_104609-1536x1536.jpg 1536w\" sizes=\"auto, (max-width: 1920px) 100vw, 1920px\" \/><\/figure>\r\n\r\n\r\n\r\n<p>&#8230; und die Welpen sind ebenso bereit f\u00fcr das gro\u00dfe Abenteuer: Den Umzug in ihr neues Zuhause. Gestern gab es noch die letzte Wurmkur, und heute wird es f\u00fcr Charlie, den kleinen Roten spannend, denn er ist der Erste, der das Welpenrudel verl\u00e4\u00dft.<\/p>\r\n","protected":false},"excerpt":{"rendered":"<p>&#8230; und die Welpen sind ebenso bereit f\u00fcr das gro\u00dfe Abenteuer: Den Umzug in ihr neues Zuhause. Gestern gab es [&hellip;]<\/p>\n","protected":false},"author":2,"featured_media":3560,"comment_status":"closed","ping_status":"closed","sticky":false,"template":"","format":"standard","meta":{"footnotes":""},"categories":[16],"tags":[],"class_list":["post-3561","post","type-post","status-publish","format-standard","has-post-thumbnail","hentry","category-bajas-welpen"],"_links":{"self":[{"href":"https:\/\/www.frohsinn-pudel.de\/index.php?rest_route=\/wp\/v2\/posts\/3561","targetHints":{"allow":["GET"]}}],"collection":[{"href":"https:\/\/www.frohsinn-pudel.de\/index.php?rest_route=\/wp\/v2\/posts"}],"about":[{"href":"https:\/\/www.frohsinn-pudel.de\/index.php?rest_route=\/wp\/v2\/types\/post"}],"author":[{"embeddable":true,"href":"https:\/\/www.frohsinn-pudel.de\/index.php?rest_route=\/wp\/v2\/users\/2"}],"replies":[{"embeddable":true,"href":"https:\/\/www.frohsinn-pudel.de\/index.php?rest_route=%2Fwp%2Fv2%2Fcomments&post=3561"}],"version-history":[{"count":2,"href":"https:\/\/www.frohsinn-pudel.de\/index.php?rest_route=\/wp\/v2\/posts\/3561\/revisions"}],"predecessor-version":[{"id":3608,"href":"https:\/\/www.frohsinn-pudel.de\/index.php?rest_route=\/wp\/v2\/posts\/3561\/revisions\/3608"}],"wp:featuredmedia":[{"embeddable":true,"href":"https:\/\/www.frohsinn-pudel.de\/index.php?rest_route=\/wp\/v2\/media\/3560"}],"wp:attachment":[{"href":"https:\/\/www.frohsinn-pudel.de\/index.php?rest_route=%2Fwp%2Fv2%2Fmedia&parent=3561"}],"wp:term":[{"taxonomy":"category","embeddable":true,"href":"https:\/\/www.frohsinn-pudel.de\/index.php?rest_route=%2Fwp%2Fv2%2Fcategories&post=3561"},{"taxonomy":"post_tag","embeddable":true,"href":"https:\/\/www.frohsinn-pudel.de\/index.php?rest_route=%2Fwp%2Fv2%2Ftags&post=3561"}],"curies":[{"name":"wp","href":"https:\/\/api.w.org\/{rel}","templated":true}]}}