{"id":3615,"date":"2022-12-16T10:11:38","date_gmt":"2022-12-16T09:11:38","guid":{"rendered":"https:\/\/www.frohsinn-pudel.de\/?p=3615"},"modified":"2022-12-16T10:12:44","modified_gmt":"2022-12-16T09:12:44","slug":"neuigkeiten-von-welpen","status":"publish","type":"post","link":"https:\/\/www.frohsinn-pudel.de\/?p=3615","title":{"rendered":"Neuigkeiten von den Welpen"},"content":{"rendered":"<p>Im Laufe der Woche sind noch einige R\u00fcckmeldungen gekommen:<\/p>\n<p>Liebe Familie F\u00fcnfsinn,<br \/>\nCharlie hat sich gut eingelebt. Leider l\u00e4sst er sich nicht gerne fotografieren, wenn er wach ist <img decoding=\"async\" class=\"an1\" src=\"https:\/\/fonts.gstatic.com\/s\/e\/notoemoji\/15.0\/1f605\/72.png\" alt=\"\ud83d\ude05\" data-emoji=\"\ud83d\ude05\" aria-label=\"\ud83d\ude05\" \/><img decoding=\"async\" class=\"an1\" src=\"https:\/\/fonts.gstatic.com\/s\/e\/notoemoji\/15.0\/1f602\/72.png\" alt=\"\ud83d\ude02\" data-emoji=\"\ud83d\ude02\" aria-label=\"\ud83d\ude02\" \/>. Wenn er schl\u00e4ft, klappt es besser. Meistens klaut er sich meine Kuscheldecke und legt sich dort drauf. (Hat mein alter Hund auch schon gemacht <img decoding=\"async\" class=\"an1\" src=\"https:\/\/fonts.gstatic.com\/s\/e\/notoemoji\/15.0\/1f914\/72.png\" alt=\"\ud83e\udd14\" data-emoji=\"\ud83e\udd14\" aria-label=\"\ud83e\udd14\" \/>). Er h\u00f6rt schon sehr gut auf seinen Namen und Sitz klappt auch schon zu 98%<img decoding=\"async\" class=\"an1\" src=\"https:\/\/fonts.gstatic.com\/s\/e\/notoemoji\/15.0\/1f917\/72.png\" alt=\"\ud83e\udd17\" data-emoji=\"\ud83e\udd17\" aria-label=\"\ud83e\udd17\" \/>. Die letzten zwei N\u00e4chte musste er ca. 5 Uhr seine Gesch\u00e4fte erledigen und hat dann noch mal bis 8 Uhr geschlafen. Echt toll. Drau\u00dfen an der Leine klappte schon direkt von Anfang an gut (also Beifu\u00df kann er nat\u00fcrlich noch nicht <img decoding=\"async\" class=\"an1\" src=\"https:\/\/fonts.gstatic.com\/s\/e\/notoemoji\/15.0\/1f601\/72.png\" alt=\"\ud83d\ude01\" data-emoji=\"\ud83d\ude01\" aria-label=\"\ud83d\ude01\" \/><img decoding=\"async\" class=\"an1\" src=\"https:\/\/fonts.gstatic.com\/s\/e\/notoemoji\/15.0\/1f605\/72.png\" alt=\"\ud83d\ude05\" data-emoji=\"\ud83d\ude05\" aria-label=\"\ud83d\ude05\" \/>), nur ungewohnte Ger\u00e4usche, l\u00e4sst ihn erstmal in seinem Tun verharren, er setzt sich sofort hin und checkt erst mal ab, ob es was schlimmes ist. Aber dann geht er mutig weiter. Wir haben echt viel Spa\u00df mit ihm und er hat nat\u00fcrlich auch immer mal wieder Flausen im Kopf, aber er l\u00e4sst sich davon auch gut ablenken. Also einfach ein ganz toller Frohsinn-Pudel. Vielen Dank daf\u00fcr.<br \/>\nWie war es eigentlich bei Ihnen als alle mit einem Schlag weg waren und wie hat es Baja verkraftet?<br \/>\nIch w\u00fcnsche Ihnen noch einen sch\u00f6nen <a href=\"http:\/\/3.Advent\" target=\"_blank\" rel=\"noopener\" data-saferedirecturl=\"https:\/\/www.google.com\/url?q=http:\/\/3.Advent&amp;source=gmail&amp;ust=1671265467529000&amp;usg=AOvVaw3CWnrR_0BCAZXgDByZ3lQv\">3.Advent<\/a><img decoding=\"async\" class=\"an1\" src=\"https:\/\/fonts.gstatic.com\/s\/e\/notoemoji\/15.0\/1f56f_fe0f\/72.png\" alt=\"\ud83d\udd6f\ufe0f\" data-emoji=\"\ud83d\udd6f\ufe0f\" aria-label=\"\ud83d\udd6f\ufe0f\" \/><img decoding=\"async\" class=\"an1\" src=\"https:\/\/fonts.gstatic.com\/s\/e\/notoemoji\/15.0\/1f56f_fe0f\/72.png\" alt=\"\ud83d\udd6f\ufe0f\" data-emoji=\"\ud83d\udd6f\ufe0f\" aria-label=\"\ud83d\udd6f\ufe0f\" \/><img decoding=\"async\" class=\"an1\" src=\"https:\/\/fonts.gstatic.com\/s\/e\/notoemoji\/15.0\/1f56f_fe0f\/72.png\" alt=\"\ud83d\udd6f\ufe0f\" data-emoji=\"\ud83d\udd6f\ufe0f\" aria-label=\"\ud83d\udd6f\ufe0f\" \/> und ganz viele liebe Gr\u00fc\u00dfe auch von meinem Mann<br \/>\n<a href=\"https:\/\/www.frohsinn-pudel.de\/wp-content\/uploads\/2022\/12\/IMG_20221211_121349.jpg\"><img loading=\"lazy\" decoding=\"async\" class=\"alignnone size-medium wp-image-3617\" src=\"https:\/\/www.frohsinn-pudel.de\/wp-content\/uploads\/2022\/12\/IMG_20221211_121349-225x300.jpg\" alt=\"\" width=\"225\" height=\"300\" srcset=\"https:\/\/www.frohsinn-pudel.de\/wp-content\/uploads\/2022\/12\/IMG_20221211_121349-225x300.jpg 225w, https:\/\/www.frohsinn-pudel.de\/wp-content\/uploads\/2022\/12\/IMG_20221211_121349-768x1024.jpg 768w, https:\/\/www.frohsinn-pudel.de\/wp-content\/uploads\/2022\/12\/IMG_20221211_121349-1152x1536.jpg 1152w, https:\/\/www.frohsinn-pudel.de\/wp-content\/uploads\/2022\/12\/IMG_20221211_121349.jpg 1440w\" sizes=\"auto, (max-width: 225px) 100vw, 225px\" \/><\/a> <a href=\"https:\/\/www.frohsinn-pudel.de\/wp-content\/uploads\/2022\/12\/IMG_20221210_173140.jpg\"><img loading=\"lazy\" decoding=\"async\" class=\"alignnone size-medium wp-image-3618\" src=\"https:\/\/www.frohsinn-pudel.de\/wp-content\/uploads\/2022\/12\/IMG_20221210_173140-225x300.jpg\" alt=\"\" width=\"225\" height=\"300\" srcset=\"https:\/\/www.frohsinn-pudel.de\/wp-content\/uploads\/2022\/12\/IMG_20221210_173140-225x300.jpg 225w, https:\/\/www.frohsinn-pudel.de\/wp-content\/uploads\/2022\/12\/IMG_20221210_173140-768x1024.jpg 768w, https:\/\/www.frohsinn-pudel.de\/wp-content\/uploads\/2022\/12\/IMG_20221210_173140-1152x1536.jpg 1152w, https:\/\/www.frohsinn-pudel.de\/wp-content\/uploads\/2022\/12\/IMG_20221210_173140.jpg 1440w\" sizes=\"auto, (max-width: 225px) 100vw, 225px\" \/><\/a><\/p>\n<p>Theo hat auch neue Bilder geschickt:<\/p>\n<p>Liebe Frau F\u00fcnfsinn, lieber Herr F\u00fcnfsinn,<\/p>\n<p>wir hatten eine tolle erste Woche mit Theo!<br \/>\nEr hat sich gut eingelebt und sich gut in unseren Alltag integriert. Jeder &#8211; auch die Kinder &#8211; \u00fcbernehmen hier volle Verantwortung und haben den Kleinen immer im Blick. Vormittags im HomeOffice schl\u00e4ft er lange in seiner Box unter dem Schreibtisch und Mittags wird dann jeder freudig begr\u00fc\u00dft, der aus der Schule kommt. Theo versucht immer wieder Smilla aus der Reserve zu locken und zum Spielen zu animieren. Sie bleibt aber nach wie vor recht verhalten und braucht noch Zeit. Die N\u00e4chte sind ruhig, morgens um 6:00 geht\u2019s dann das erste Mal raus und anschlie\u00dfend gibt\u2018s dann die erste Mahlzeit. Am Freitag hatte Theo dann auch schon seine erste Stunde in der Welpenschule, ganz schon aufregend und kalt! Es l\u00e4uft also alles rund und wir freuen uns schon auf die kommenden Wochen! Anbei noch ein paar aktuelle Bilder von Theo. Liebe Gr\u00fc\u00dfe aus dem Norden!<\/p>\n<p><a href=\"https:\/\/www.frohsinn-pudel.de\/wp-content\/uploads\/2022\/12\/image21.jpeg\"><img loading=\"lazy\" decoding=\"async\" class=\"alignnone size-medium wp-image-3619\" src=\"https:\/\/www.frohsinn-pudel.de\/wp-content\/uploads\/2022\/12\/image21-300x209.jpeg\" alt=\"\" width=\"300\" height=\"209\" srcset=\"https:\/\/www.frohsinn-pudel.de\/wp-content\/uploads\/2022\/12\/image21-300x209.jpeg 300w, https:\/\/www.frohsinn-pudel.de\/wp-content\/uploads\/2022\/12\/image21-1024x714.jpeg 1024w, https:\/\/www.frohsinn-pudel.de\/wp-content\/uploads\/2022\/12\/image21-768x536.jpeg 768w, https:\/\/www.frohsinn-pudel.de\/wp-content\/uploads\/2022\/12\/image21-1536x1071.jpeg 1536w, https:\/\/www.frohsinn-pudel.de\/wp-content\/uploads\/2022\/12\/image21.jpeg 2048w\" sizes=\"auto, (max-width: 300px) 100vw, 300px\" \/><\/a> <a href=\"https:\/\/www.frohsinn-pudel.de\/wp-content\/uploads\/2022\/12\/image02.jpeg\"><img loading=\"lazy\" decoding=\"async\" class=\"alignnone size-medium wp-image-3620\" src=\"https:\/\/www.frohsinn-pudel.de\/wp-content\/uploads\/2022\/12\/image02-239x300.jpeg\" alt=\"\" width=\"239\" height=\"300\" srcset=\"https:\/\/www.frohsinn-pudel.de\/wp-content\/uploads\/2022\/12\/image02-239x300.jpeg 239w, https:\/\/www.frohsinn-pudel.de\/wp-content\/uploads\/2022\/12\/image02.jpeg 529w\" sizes=\"auto, (max-width: 239px) 100vw, 239px\" \/><\/a><\/p>\n<p>Und auch Kody hat geschrieben:<\/p>\n<p>Liebe Familie F\u00fcnfsinn, nun ist Kody schon fast eine Woche bei uns&#8230; Er hat sich sehr schnell und gut eingelebt; ich hatte eigentlich nie das Gef\u00fchl, dass ihm seine Geschwister sehr fehlen (er hat auch nie gejammert), sondern er hat uns sofort als seine neue Familie gesehen und kuschelt sehr viel mit uns. Am Liebsten schl\u00e4ft er nach wie vor auf meinem Scho\u00df, hat er diese M\u00f6glichkeit aber nicht, legt er sich auch ganz entspannt in seine Schlafbox.<br \/>\nGestern haben wir ein bisschen Autofahren ge\u00fcbt &#8211; in seiner Schlafbox und mit einem St\u00fcck Hasenohr war das kein Problem \ud83d\ude0a Sein Gesch\u00e4ft erledigt er eigentlich immer drau\u00dfen und sein Futter verputzt er auch bis auf den letzten Kr\u00fcmel. Im Gegensatz zu unserem Sammy ist er f\u00fcr Futter extrem zu begeistern, weshalb man ganz wunderbar mit ihm \u00fcben kann \ud83d\ude0a ansonsten schl\u00e4ft er nat\u00fcrlich noch sehr viel uns sieht einfach zuckers\u00fc\u00df aus \ud83e\udd70 Liebe Gr\u00fc\u00dfe<\/p>\n<p><a href=\"https:\/\/www.frohsinn-pudel.de\/wp-content\/uploads\/2022\/12\/WhatsApp-Image-2022-12-10-at-13.33.43.jpeg\"><img loading=\"lazy\" decoding=\"async\" class=\"alignnone size-medium wp-image-3621\" src=\"https:\/\/www.frohsinn-pudel.de\/wp-content\/uploads\/2022\/12\/WhatsApp-Image-2022-12-10-at-13.33.43-300x225.jpeg\" alt=\"\" width=\"300\" height=\"225\" srcset=\"https:\/\/www.frohsinn-pudel.de\/wp-content\/uploads\/2022\/12\/WhatsApp-Image-2022-12-10-at-13.33.43-300x225.jpeg 300w, https:\/\/www.frohsinn-pudel.de\/wp-content\/uploads\/2022\/12\/WhatsApp-Image-2022-12-10-at-13.33.43-1024x768.jpeg 1024w, https:\/\/www.frohsinn-pudel.de\/wp-content\/uploads\/2022\/12\/WhatsApp-Image-2022-12-10-at-13.33.43-768x576.jpeg 768w, https:\/\/www.frohsinn-pudel.de\/wp-content\/uploads\/2022\/12\/WhatsApp-Image-2022-12-10-at-13.33.43-1536x1152.jpeg 1536w, https:\/\/www.frohsinn-pudel.de\/wp-content\/uploads\/2022\/12\/WhatsApp-Image-2022-12-10-at-13.33.43.jpeg 1984w\" sizes=\"auto, (max-width: 300px) 100vw, 300px\" \/><\/a><\/p>\n<p>Das hatte er sofort raus.<\/p>\n<p><a href=\"https:\/\/www.frohsinn-pudel.de\/wp-content\/uploads\/2022\/12\/WhatsApp-Image-2022-12-10-at-13.33.41.jpeg\"><img loading=\"lazy\" decoding=\"async\" class=\"alignnone size-medium wp-image-3623\" src=\"https:\/\/www.frohsinn-pudel.de\/wp-content\/uploads\/2022\/12\/WhatsApp-Image-2022-12-10-at-13.33.41-225x300.jpeg\" alt=\"\" width=\"225\" height=\"300\" srcset=\"https:\/\/www.frohsinn-pudel.de\/wp-content\/uploads\/2022\/12\/WhatsApp-Image-2022-12-10-at-13.33.41-225x300.jpeg 225w, https:\/\/www.frohsinn-pudel.de\/wp-content\/uploads\/2022\/12\/WhatsApp-Image-2022-12-10-at-13.33.41-768x1024.jpeg 768w, https:\/\/www.frohsinn-pudel.de\/wp-content\/uploads\/2022\/12\/WhatsApp-Image-2022-12-10-at-13.33.41-1152x1536.jpeg 1152w, https:\/\/www.frohsinn-pudel.de\/wp-content\/uploads\/2022\/12\/WhatsApp-Image-2022-12-10-at-13.33.41.jpeg 1488w\" sizes=\"auto, (max-width: 225px) 100vw, 225px\" \/><\/a><\/p>\n<p><a href=\"https:\/\/www.frohsinn-pudel.de\/wp-content\/uploads\/2022\/12\/WhatsApp-Image-2022-12-10-at-13.33.42.jpeg\"><img loading=\"lazy\" decoding=\"async\" class=\"alignnone size-medium wp-image-3622\" src=\"https:\/\/www.frohsinn-pudel.de\/wp-content\/uploads\/2022\/12\/WhatsApp-Image-2022-12-10-at-13.33.42-300x225.jpeg\" alt=\"\" width=\"300\" height=\"225\" srcset=\"https:\/\/www.frohsinn-pudel.de\/wp-content\/uploads\/2022\/12\/WhatsApp-Image-2022-12-10-at-13.33.42-300x225.jpeg 300w, https:\/\/www.frohsinn-pudel.de\/wp-content\/uploads\/2022\/12\/WhatsApp-Image-2022-12-10-at-13.33.42-1024x768.jpeg 1024w, https:\/\/www.frohsinn-pudel.de\/wp-content\/uploads\/2022\/12\/WhatsApp-Image-2022-12-10-at-13.33.42-768x576.jpeg 768w, https:\/\/www.frohsinn-pudel.de\/wp-content\/uploads\/2022\/12\/WhatsApp-Image-2022-12-10-at-13.33.42-1536x1152.jpeg 1536w, https:\/\/www.frohsinn-pudel.de\/wp-content\/uploads\/2022\/12\/WhatsApp-Image-2022-12-10-at-13.33.42.jpeg 1984w\" sizes=\"auto, (max-width: 300px) 100vw, 300px\" \/><\/a><\/p>\n<p>Lesestunde mit Kody.<\/p>\n<p>Vielen Dank f\u00fcr die sch\u00f6nen Berichte.<\/p>\n<p>Leo ist wieder bei uns eingezogen.<\/p>\n<p>In seiner Familie reagierte eine Person sehr stark allergisch, so dass sie ihn schweren Herzens wieder zur\u00fcck bringen mussten.<\/p>\n<p>Die Freude bei Leo und bei Baja war sehr gro\u00df. Er ist ganz selbstverst\u00e4ndlich mit den gro\u00dfen unterwegs. Er bleibt sogar mit dem Rudel auch schon kurze Zeit alleine &#8211; was es uns etwas einfacher macht. Leo ist ein ganz toller Hund. Wir w\u00fcrden ihn am liebsten behalten, was nat\u00fcrlich nicht geht.<\/p>\n<p><a href=\"https:\/\/www.frohsinn-pudel.de\/wp-content\/uploads\/2022\/12\/20221212_195105.jpg\"><img loading=\"lazy\" decoding=\"async\" class=\"alignnone size-medium wp-image-3625\" src=\"https:\/\/www.frohsinn-pudel.de\/wp-content\/uploads\/2022\/12\/20221212_195105-169x300.jpg\" alt=\"\" width=\"169\" height=\"300\" srcset=\"https:\/\/www.frohsinn-pudel.de\/wp-content\/uploads\/2022\/12\/20221212_195105-169x300.jpg 169w, https:\/\/www.frohsinn-pudel.de\/wp-content\/uploads\/2022\/12\/20221212_195105-576x1024.jpg 576w, https:\/\/www.frohsinn-pudel.de\/wp-content\/uploads\/2022\/12\/20221212_195105-768x1365.jpg 768w, https:\/\/www.frohsinn-pudel.de\/wp-content\/uploads\/2022\/12\/20221212_195105-864x1536.jpg 864w, https:\/\/www.frohsinn-pudel.de\/wp-content\/uploads\/2022\/12\/20221212_195105.jpg 1080w\" sizes=\"auto, (max-width: 169px) 100vw, 169px\" \/><\/a><\/p>\n<p><a href=\"https:\/\/www.frohsinn-pudel.de\/wp-content\/uploads\/2022\/12\/20221212_195032.jpg\"><img loading=\"lazy\" decoding=\"async\" class=\"alignnone size-medium wp-image-3624\" src=\"https:\/\/www.frohsinn-pudel.de\/wp-content\/uploads\/2022\/12\/20221212_195032-300x169.jpg\" alt=\"\" width=\"300\" height=\"169\" srcset=\"https:\/\/www.frohsinn-pudel.de\/wp-content\/uploads\/2022\/12\/20221212_195032-300x169.jpg 300w, https:\/\/www.frohsinn-pudel.de\/wp-content\/uploads\/2022\/12\/20221212_195032-1024x576.jpg 1024w, https:\/\/www.frohsinn-pudel.de\/wp-content\/uploads\/2022\/12\/20221212_195032-768x432.jpg 768w, https:\/\/www.frohsinn-pudel.de\/wp-content\/uploads\/2022\/12\/20221212_195032-1536x864.jpg 1536w, https:\/\/www.frohsinn-pudel.de\/wp-content\/uploads\/2022\/12\/20221212_195032.jpg 1920w\" sizes=\"auto, (max-width: 300px) 100vw, 300px\" \/><\/a><\/p>\n<p>Leo ist immer hungrig, l\u00e4sst sich aber gut von seinem Vorhaben abbringen.<\/p>\n<p>&nbsp;<\/p>\n<p>&nbsp;<\/p>\n<p>&nbsp;<\/p>\n","protected":false},"excerpt":{"rendered":"<p>Im Laufe der Woche sind noch einige R\u00fcckmeldungen gekommen: Liebe Familie F\u00fcnfsinn, Charlie hat sich gut eingelebt. Leider l\u00e4sst er [&hellip;]<\/p>\n","protected":false},"author":1,"featured_media":0,"comment_status":"closed","ping_status":"closed","sticky":false,"template":"","format":"standard","meta":{"footnotes":""},"categories":[16],"tags":[],"class_list":["post-3615","post","type-post","status-publish","format-standard","hentry","category-bajas-welpen"],"_links":{"self":[{"href":"https:\/\/www.frohsinn-pudel.de\/index.php?rest_route=\/wp\/v2\/posts\/3615","targetHints":{"allow":["GET"]}}],"collection":[{"href":"https:\/\/www.frohsinn-pudel.de\/index.php?rest_route=\/wp\/v2\/posts"}],"about":[{"href":"https:\/\/www.frohsinn-pudel.de\/index.php?rest_route=\/wp\/v2\/types\/post"}],"author":[{"embeddable":true,"href":"https:\/\/www.frohsinn-pudel.de\/index.php?rest_route=\/wp\/v2\/users\/1"}],"replies":[{"embeddable":true,"href":"https:\/\/www.frohsinn-pudel.de\/index.php?rest_route=%2Fwp%2Fv2%2Fcomments&post=3615"}],"version-history":[{"count":3,"href":"https:\/\/www.frohsinn-pudel.de\/index.php?rest_route=\/wp\/v2\/posts\/3615\/revisions"}],"predecessor-version":[{"id":3627,"href":"https:\/\/www.frohsinn-pudel.de\/index.php?rest_route=\/wp\/v2\/posts\/3615\/revisions\/3627"}],"wp:attachment":[{"href":"https:\/\/www.frohsinn-pudel.de\/index.php?rest_route=%2Fwp%2Fv2%2Fmedia&parent=3615"}],"wp:term":[{"taxonomy":"category","embeddable":true,"href":"https:\/\/www.frohsinn-pudel.de\/index.php?rest_route=%2Fwp%2Fv2%2Fcategories&post=3615"},{"taxonomy":"post_tag","embeddable":true,"href":"https:\/\/www.frohsinn-pudel.de\/index.php?rest_route=%2Fwp%2Fv2%2Ftags&post=3615"}],"curies":[{"name":"wp","href":"https:\/\/api.w.org\/{rel}","templated":true}]}}