{"id":3668,"date":"2022-12-27T18:08:02","date_gmt":"2022-12-27T17:08:02","guid":{"rendered":"https:\/\/www.frohsinn-pudel.de\/?p=3668"},"modified":"2022-12-27T18:45:28","modified_gmt":"2022-12-27T17:45:28","slug":"nun-hat-auch-der-kleine-leo-rudi-ein-neues-zuhause","status":"publish","type":"post","link":"https:\/\/www.frohsinn-pudel.de\/?p=3668","title":{"rendered":"Nun hat auch der kleine Rudi (Leo) ein neues Zuhause"},"content":{"rendered":"<p><a href=\"https:\/\/www.frohsinn-pudel.de\/wp-content\/uploads\/2022\/12\/6834668d-c7f3-44be-98c5-9bcc807d7908-e1672161205970.jpg\"><img loading=\"lazy\" decoding=\"async\" class=\"alignnone size-medium wp-image-3669\" src=\"https:\/\/www.frohsinn-pudel.de\/wp-content\/uploads\/2022\/12\/6834668d-c7f3-44be-98c5-9bcc807d7908-e1672161205970-169x300.jpg\" alt=\"\" width=\"169\" height=\"300\" srcset=\"https:\/\/www.frohsinn-pudel.de\/wp-content\/uploads\/2022\/12\/6834668d-c7f3-44be-98c5-9bcc807d7908-e1672161205970-169x300.jpg 169w, https:\/\/www.frohsinn-pudel.de\/wp-content\/uploads\/2022\/12\/6834668d-c7f3-44be-98c5-9bcc807d7908-e1672161205970-576x1024.jpg 576w, https:\/\/www.frohsinn-pudel.de\/wp-content\/uploads\/2022\/12\/6834668d-c7f3-44be-98c5-9bcc807d7908-e1672161205970-768x1365.jpg 768w, https:\/\/www.frohsinn-pudel.de\/wp-content\/uploads\/2022\/12\/6834668d-c7f3-44be-98c5-9bcc807d7908-e1672161205970-864x1536.jpg 864w, https:\/\/www.frohsinn-pudel.de\/wp-content\/uploads\/2022\/12\/6834668d-c7f3-44be-98c5-9bcc807d7908-e1672161205970.jpg 900w\" sizes=\"auto, (max-width: 169px) 100vw, 169px\" \/><\/a><\/p>\n<p>Wir sind sehr gl\u00fccklich, f\u00fcr unseren (mittlerweile gar nicht mehr sooo kleinen) Welpen ein neues Zuhause gefunden zu haben, nachdem es in seiner ersten Familie ja zu einem Allergiefall gekommen war. Es waren sch\u00f6ne Wochen mit dem Kleinen. Er hat uns mit seiner charmanten und munteren Art viel Freude bereitet.<\/p>\n<p>Nun w\u00fcnschen wir dem kleinen Rudi und seiner neuen Familie eine gute Zeit der Eingew\u00f6hnung und dann ganz viel Gl\u00fcck und Freude f\u00fcr viele, viele Jahre!<\/p>\n<p>Eine erste R\u00fcckmeldung haben wir auch schon erhalten:<\/p>\n<p><em>Liebe Familie F\u00fcnfsinn, wir sind gut angekommen! Rudi hat die Autofahrt sehr, sehr gut gemeistert. Nachdem er sich nach einem kurzen Nickerchen \u00fcbergeben hat und aufgeregt war, sind wir mit ihm eine kleine Runde spazieren gegangen. Dann hat er die restliche Fahrt ganz entspannt verschlafen &#8211; erst auf dem Scho\u00df und dann ist er sogar in seine Box gekrabbelt und hat es sich da bequem gemacht \ud83d\ude03<\/em><br \/>\n<em>Die neue Wohnung hat er neugierig erkundet und beschnuppert. Gegessen hat er auch und jetzt liegt er ganz fein neben uns in der K\u00fcche beim Suppe kochen \ud83d\ude42 Einen sch\u00f6nen Abend und viele Gr\u00fc\u00dfe!<\/em><\/p>\n<p><a href=\"https:\/\/www.frohsinn-pudel.de\/wp-content\/uploads\/2022\/12\/28c468f1-7b77-4c7c-803e-accfc6f56f26.jpg\"><img loading=\"lazy\" decoding=\"async\" class=\"alignnone size-medium wp-image-3681\" src=\"https:\/\/www.frohsinn-pudel.de\/wp-content\/uploads\/2022\/12\/28c468f1-7b77-4c7c-803e-accfc6f56f26-226x300.jpg\" alt=\"\" width=\"226\" height=\"300\" srcset=\"https:\/\/www.frohsinn-pudel.de\/wp-content\/uploads\/2022\/12\/28c468f1-7b77-4c7c-803e-accfc6f56f26-226x300.jpg 226w, https:\/\/www.frohsinn-pudel.de\/wp-content\/uploads\/2022\/12\/28c468f1-7b77-4c7c-803e-accfc6f56f26-771x1024.jpg 771w, https:\/\/www.frohsinn-pudel.de\/wp-content\/uploads\/2022\/12\/28c468f1-7b77-4c7c-803e-accfc6f56f26-768x1020.jpg 768w, https:\/\/www.frohsinn-pudel.de\/wp-content\/uploads\/2022\/12\/28c468f1-7b77-4c7c-803e-accfc6f56f26-1157x1536.jpg 1157w, https:\/\/www.frohsinn-pudel.de\/wp-content\/uploads\/2022\/12\/28c468f1-7b77-4c7c-803e-accfc6f56f26.jpg 1536w\" sizes=\"auto, (max-width: 226px) 100vw, 226px\" \/><\/a><\/p>\n","protected":false},"excerpt":{"rendered":"<p>Wir sind sehr gl\u00fccklich, f\u00fcr unseren (mittlerweile gar nicht mehr sooo kleinen) Welpen ein neues Zuhause gefunden zu haben, nachdem [&hellip;]<\/p>\n","protected":false},"author":2,"featured_media":0,"comment_status":"closed","ping_status":"closed","sticky":false,"template":"","format":"standard","meta":{"footnotes":""},"categories":[16],"tags":[],"class_list":["post-3668","post","type-post","status-publish","format-standard","hentry","category-bajas-welpen"],"_links":{"self":[{"href":"https:\/\/www.frohsinn-pudel.de\/index.php?rest_route=\/wp\/v2\/posts\/3668","targetHints":{"allow":["GET"]}}],"collection":[{"href":"https:\/\/www.frohsinn-pudel.de\/index.php?rest_route=\/wp\/v2\/posts"}],"about":[{"href":"https:\/\/www.frohsinn-pudel.de\/index.php?rest_route=\/wp\/v2\/types\/post"}],"author":[{"embeddable":true,"href":"https:\/\/www.frohsinn-pudel.de\/index.php?rest_route=\/wp\/v2\/users\/2"}],"replies":[{"embeddable":true,"href":"https:\/\/www.frohsinn-pudel.de\/index.php?rest_route=%2Fwp%2Fv2%2Fcomments&post=3668"}],"version-history":[{"count":6,"href":"https:\/\/www.frohsinn-pudel.de\/index.php?rest_route=\/wp\/v2\/posts\/3668\/revisions"}],"predecessor-version":[{"id":3682,"href":"https:\/\/www.frohsinn-pudel.de\/index.php?rest_route=\/wp\/v2\/posts\/3668\/revisions\/3682"}],"wp:attachment":[{"href":"https:\/\/www.frohsinn-pudel.de\/index.php?rest_route=%2Fwp%2Fv2%2Fmedia&parent=3668"}],"wp:term":[{"taxonomy":"category","embeddable":true,"href":"https:\/\/www.frohsinn-pudel.de\/index.php?rest_route=%2Fwp%2Fv2%2Fcategories&post=3668"},{"taxonomy":"post_tag","embeddable":true,"href":"https:\/\/www.frohsinn-pudel.de\/index.php?rest_route=%2Fwp%2Fv2%2Ftags&post=3668"}],"curies":[{"name":"wp","href":"https:\/\/api.w.org\/{rel}","templated":true}]}}