{"id":3684,"date":"2022-12-28T09:23:47","date_gmt":"2022-12-28T08:23:47","guid":{"rendered":"https:\/\/www.frohsinn-pudel.de\/?p=3684"},"modified":"2022-12-28T09:24:15","modified_gmt":"2022-12-28T08:24:15","slug":"weihnachtsgruesse-von-kody","status":"publish","type":"post","link":"https:\/\/www.frohsinn-pudel.de\/?p=3684","title":{"rendered":"Weihnachtsgr\u00fc\u00dfe von Kody"},"content":{"rendered":"\n<p>Liebe Familie F\u00fcnfsinn, wir w\u00fcnschen Ihnen frohe Weihnachten und sch\u00f6ne und erholsame Feiertage \ud83c\udf84\u2b50<br>Mit Kody l\u00e4uft alles super. Er hat mittlerweile seinen ersten Schnee erlebt &#8211; anfangs fand er es komisch, aber dann hatte er richtig Spa\u00df und ist durch den Schnee getobt. Die Welpengruppe hat er nun auch bereits besucht und gestern durfte es sich mal bei meiner Schwester in der Praxis umsehen: er wurde gewogen und es gab gaaanz viel Leckerli \ud83d\ude0a viele liebe Gr\u00fc\u00dfe<\/p>\n\n\n\n<figure class=\"wp-block-image size-large\"><img loading=\"lazy\" decoding=\"async\" width=\"1488\" height=\"1984\" src=\"https:\/\/www.frohsinn-pudel.de\/wp-content\/uploads\/2022\/12\/IMG-20221228-WA0001.jpg\" alt=\"\" class=\"wp-image-3683\" srcset=\"https:\/\/www.frohsinn-pudel.de\/wp-content\/uploads\/2022\/12\/IMG-20221228-WA0001.jpg 1488w, https:\/\/www.frohsinn-pudel.de\/wp-content\/uploads\/2022\/12\/IMG-20221228-WA0001-225x300.jpg 225w, https:\/\/www.frohsinn-pudel.de\/wp-content\/uploads\/2022\/12\/IMG-20221228-WA0001-768x1024.jpg 768w, https:\/\/www.frohsinn-pudel.de\/wp-content\/uploads\/2022\/12\/IMG-20221228-WA0001-1152x1536.jpg 1152w\" sizes=\"auto, (max-width: 1488px) 100vw, 1488px\" \/><figcaption>Immer noch ein Lieblingsplatz \u263a\ufe0f<\/figcaption><\/figure>\n","protected":false},"excerpt":{"rendered":"<p>Liebe Familie F\u00fcnfsinn, wir w\u00fcnschen Ihnen frohe Weihnachten und sch\u00f6ne und erholsame Feiertage \ud83c\udf84\u2b50Mit Kody l\u00e4uft alles super. Er hat [&hellip;]<\/p>\n","protected":false},"author":2,"featured_media":0,"comment_status":"closed","ping_status":"closed","sticky":false,"template":"","format":"standard","meta":{"footnotes":""},"categories":[16],"tags":[],"class_list":["post-3684","post","type-post","status-publish","format-standard","hentry","category-bajas-welpen"],"_links":{"self":[{"href":"https:\/\/www.frohsinn-pudel.de\/index.php?rest_route=\/wp\/v2\/posts\/3684","targetHints":{"allow":["GET"]}}],"collection":[{"href":"https:\/\/www.frohsinn-pudel.de\/index.php?rest_route=\/wp\/v2\/posts"}],"about":[{"href":"https:\/\/www.frohsinn-pudel.de\/index.php?rest_route=\/wp\/v2\/types\/post"}],"author":[{"embeddable":true,"href":"https:\/\/www.frohsinn-pudel.de\/index.php?rest_route=\/wp\/v2\/users\/2"}],"replies":[{"embeddable":true,"href":"https:\/\/www.frohsinn-pudel.de\/index.php?rest_route=%2Fwp%2Fv2%2Fcomments&post=3684"}],"version-history":[{"count":1,"href":"https:\/\/www.frohsinn-pudel.de\/index.php?rest_route=\/wp\/v2\/posts\/3684\/revisions"}],"predecessor-version":[{"id":3685,"href":"https:\/\/www.frohsinn-pudel.de\/index.php?rest_route=\/wp\/v2\/posts\/3684\/revisions\/3685"}],"wp:attachment":[{"href":"https:\/\/www.frohsinn-pudel.de\/index.php?rest_route=%2Fwp%2Fv2%2Fmedia&parent=3684"}],"wp:term":[{"taxonomy":"category","embeddable":true,"href":"https:\/\/www.frohsinn-pudel.de\/index.php?rest_route=%2Fwp%2Fv2%2Fcategories&post=3684"},{"taxonomy":"post_tag","embeddable":true,"href":"https:\/\/www.frohsinn-pudel.de\/index.php?rest_route=%2Fwp%2Fv2%2Ftags&post=3684"}],"curies":[{"name":"wp","href":"https:\/\/api.w.org\/{rel}","templated":true}]}}