{"id":3729,"date":"2023-01-23T08:34:16","date_gmt":"2023-01-23T07:34:16","guid":{"rendered":"https:\/\/www.frohsinn-pudel.de\/?p=3729"},"modified":"2023-01-23T08:34:37","modified_gmt":"2023-01-23T07:34:37","slug":"schneegruesse-von-rudi","status":"publish","type":"post","link":"https:\/\/www.frohsinn-pudel.de\/?p=3729","title":{"rendered":"Schneegr\u00fc\u00dfe von Rudi"},"content":{"rendered":"<p><a href=\"https:\/\/www.frohsinn-pudel.de\/wp-content\/uploads\/2023\/01\/Rudi_im_Schnee.jpeg\"><img loading=\"lazy\" decoding=\"async\" class=\"alignnone size-medium wp-image-3730\" src=\"https:\/\/www.frohsinn-pudel.de\/wp-content\/uploads\/2023\/01\/Rudi_im_Schnee-300x226.jpeg\" alt=\"\" width=\"300\" height=\"226\" srcset=\"https:\/\/www.frohsinn-pudel.de\/wp-content\/uploads\/2023\/01\/Rudi_im_Schnee-300x226.jpeg 300w, https:\/\/www.frohsinn-pudel.de\/wp-content\/uploads\/2023\/01\/Rudi_im_Schnee-1024x771.jpeg 1024w, https:\/\/www.frohsinn-pudel.de\/wp-content\/uploads\/2023\/01\/Rudi_im_Schnee-768x578.jpeg 768w, https:\/\/www.frohsinn-pudel.de\/wp-content\/uploads\/2023\/01\/Rudi_im_Schnee-1536x1157.jpeg 1536w, https:\/\/www.frohsinn-pudel.de\/wp-content\/uploads\/2023\/01\/Rudi_im_Schnee.jpeg 2040w\" sizes=\"auto, (max-width: 300px) 100vw, 300px\" \/><\/a><\/p>\n<p><em>Liebe Elke, lieber Bernd,<\/em><\/p>\n<p><em>in den letzten Tagen hatten wir einen Wintereinbruch mit Schnee.<\/em><br \/>\n<em>Wir waren gespannt, was Rudi wohl dazu sagt und: er liebt es! \ud83d\ude00<\/em><\/p>\n<p><em>Es macht uns sehr gl\u00fccklich, wie leichtf\u00fc\u00dfig und begeistert er durch den Schnee h\u00fcpft.<\/em><br \/>\n<em>Am Ende hat er dann meist einen kleinen &#8222;Schneebart&#8220; \ud83d\ude42<\/em><\/p>\n<p><em>Und: im Auto mitfahren macht er klasse! Er ist immer sehr brav und schl\u00e4ft oft direkt nach dem Losfahren ein.<\/em><\/p>\n<p><em>Wir hoffen, euch &amp; dem Rudel geht es gut!<\/em><\/p>\n<p><em>Liebe Gr\u00fc\u00dfe<\/em><\/p>\n","protected":false},"excerpt":{"rendered":"<p>Liebe Elke, lieber Bernd, in den letzten Tagen hatten wir einen Wintereinbruch mit Schnee. Wir waren gespannt, was Rudi wohl [&hellip;]<\/p>\n","protected":false},"author":2,"featured_media":0,"comment_status":"closed","ping_status":"closed","sticky":false,"template":"","format":"standard","meta":{"footnotes":""},"categories":[16],"tags":[],"class_list":["post-3729","post","type-post","status-publish","format-standard","hentry","category-bajas-welpen"],"_links":{"self":[{"href":"https:\/\/www.frohsinn-pudel.de\/index.php?rest_route=\/wp\/v2\/posts\/3729","targetHints":{"allow":["GET"]}}],"collection":[{"href":"https:\/\/www.frohsinn-pudel.de\/index.php?rest_route=\/wp\/v2\/posts"}],"about":[{"href":"https:\/\/www.frohsinn-pudel.de\/index.php?rest_route=\/wp\/v2\/types\/post"}],"author":[{"embeddable":true,"href":"https:\/\/www.frohsinn-pudel.de\/index.php?rest_route=\/wp\/v2\/users\/2"}],"replies":[{"embeddable":true,"href":"https:\/\/www.frohsinn-pudel.de\/index.php?rest_route=%2Fwp%2Fv2%2Fcomments&post=3729"}],"version-history":[{"count":1,"href":"https:\/\/www.frohsinn-pudel.de\/index.php?rest_route=\/wp\/v2\/posts\/3729\/revisions"}],"predecessor-version":[{"id":3731,"href":"https:\/\/www.frohsinn-pudel.de\/index.php?rest_route=\/wp\/v2\/posts\/3729\/revisions\/3731"}],"wp:attachment":[{"href":"https:\/\/www.frohsinn-pudel.de\/index.php?rest_route=%2Fwp%2Fv2%2Fmedia&parent=3729"}],"wp:term":[{"taxonomy":"category","embeddable":true,"href":"https:\/\/www.frohsinn-pudel.de\/index.php?rest_route=%2Fwp%2Fv2%2Fcategories&post=3729"},{"taxonomy":"post_tag","embeddable":true,"href":"https:\/\/www.frohsinn-pudel.de\/index.php?rest_route=%2Fwp%2Fv2%2Ftags&post=3729"}],"curies":[{"name":"wp","href":"https:\/\/api.w.org\/{rel}","templated":true}]}}