{"id":3795,"date":"2023-05-07T09:26:34","date_gmt":"2023-05-07T07:26:34","guid":{"rendered":"https:\/\/www.frohsinn-pudel.de\/?p=3795"},"modified":"2023-05-07T09:26:50","modified_gmt":"2023-05-07T07:26:50","slug":"wir-naehern-uns-dem-endspurt","status":"publish","type":"post","link":"https:\/\/www.frohsinn-pudel.de\/?p=3795","title":{"rendered":"Wir n\u00e4hern uns dem Endspurt"},"content":{"rendered":"\n<figure class=\"wp-block-image size-large\"><img loading=\"lazy\" decoding=\"async\" width=\"1920\" height=\"1920\" src=\"https:\/\/www.frohsinn-pudel.de\/wp-content\/uploads\/2023\/05\/image_editor_output_image-1335604043-1683443925020.jpg\" alt=\"\" class=\"wp-image-3794\" srcset=\"https:\/\/www.frohsinn-pudel.de\/wp-content\/uploads\/2023\/05\/image_editor_output_image-1335604043-1683443925020.jpg 1920w, https:\/\/www.frohsinn-pudel.de\/wp-content\/uploads\/2023\/05\/image_editor_output_image-1335604043-1683443925020-300x300.jpg 300w, https:\/\/www.frohsinn-pudel.de\/wp-content\/uploads\/2023\/05\/image_editor_output_image-1335604043-1683443925020-1024x1024.jpg 1024w, https:\/\/www.frohsinn-pudel.de\/wp-content\/uploads\/2023\/05\/image_editor_output_image-1335604043-1683443925020-150x150.jpg 150w, https:\/\/www.frohsinn-pudel.de\/wp-content\/uploads\/2023\/05\/image_editor_output_image-1335604043-1683443925020-768x768.jpg 768w, https:\/\/www.frohsinn-pudel.de\/wp-content\/uploads\/2023\/05\/image_editor_output_image-1335604043-1683443925020-1536x1536.jpg 1536w\" sizes=\"auto, (max-width: 1920px) 100vw, 1920px\" \/><\/figure>\n\n\n\n<p>Camilla ist mittlerweile doch ganz sch\u00f6n breit und w\u00e4hrend des Spaziergangs l\u00e4ngst nicht mehr so munter: Jede noch so kleine Steigung (und von denen gibt&#8217;s im Siegerland nun mal reichlich) wird im &#8218;1. Gang&#8216; genommen, und wenn es dazu auch noch warm ist&#8230; Lange Runden mu\u00df sie jedenfalls keine mehr gehen. Ansonsten ist sie unver\u00e4ndert fr\u00f6hlich, fordert mehrmals t\u00e4glich ihr Futter ein, wenn es nicht p\u00fcnktlich im Napf vor ihr steht und ruht die \u00fcbrige Zeit. Theoretisch k\u00f6nnten die Welpen jetzt schon geboren werden, aber bislang gehen wir davon aus, da\u00df Camilla sich noch etwas Zeit nimmt.<\/p>\n","protected":false},"excerpt":{"rendered":"<p>Camilla ist mittlerweile doch ganz sch\u00f6n breit und w\u00e4hrend des Spaziergangs l\u00e4ngst nicht mehr so munter: Jede noch so kleine [&hellip;]<\/p>\n","protected":false},"author":2,"featured_media":0,"comment_status":"closed","ping_status":"closed","sticky":false,"template":"","format":"standard","meta":{"footnotes":""},"categories":[18],"tags":[],"class_list":["post-3795","post","type-post","status-publish","format-standard","hentry","category-camillas-welpen"],"_links":{"self":[{"href":"https:\/\/www.frohsinn-pudel.de\/index.php?rest_route=\/wp\/v2\/posts\/3795","targetHints":{"allow":["GET"]}}],"collection":[{"href":"https:\/\/www.frohsinn-pudel.de\/index.php?rest_route=\/wp\/v2\/posts"}],"about":[{"href":"https:\/\/www.frohsinn-pudel.de\/index.php?rest_route=\/wp\/v2\/types\/post"}],"author":[{"embeddable":true,"href":"https:\/\/www.frohsinn-pudel.de\/index.php?rest_route=\/wp\/v2\/users\/2"}],"replies":[{"embeddable":true,"href":"https:\/\/www.frohsinn-pudel.de\/index.php?rest_route=%2Fwp%2Fv2%2Fcomments&post=3795"}],"version-history":[{"count":1,"href":"https:\/\/www.frohsinn-pudel.de\/index.php?rest_route=\/wp\/v2\/posts\/3795\/revisions"}],"predecessor-version":[{"id":3796,"href":"https:\/\/www.frohsinn-pudel.de\/index.php?rest_route=\/wp\/v2\/posts\/3795\/revisions\/3796"}],"wp:attachment":[{"href":"https:\/\/www.frohsinn-pudel.de\/index.php?rest_route=%2Fwp%2Fv2%2Fmedia&parent=3795"}],"wp:term":[{"taxonomy":"category","embeddable":true,"href":"https:\/\/www.frohsinn-pudel.de\/index.php?rest_route=%2Fwp%2Fv2%2Fcategories&post=3795"},{"taxonomy":"post_tag","embeddable":true,"href":"https:\/\/www.frohsinn-pudel.de\/index.php?rest_route=%2Fwp%2Fv2%2Ftags&post=3795"}],"curies":[{"name":"wp","href":"https:\/\/api.w.org\/{rel}","templated":true}]}}