{"id":3956,"date":"2023-06-22T19:40:26","date_gmt":"2023-06-22T17:40:26","guid":{"rendered":"https:\/\/www.frohsinn-pudel.de\/?p=3956"},"modified":"2023-06-22T19:41:00","modified_gmt":"2023-06-22T17:41:00","slug":"sommerferien","status":"publish","type":"post","link":"https:\/\/www.frohsinn-pudel.de\/?p=3956","title":{"rendered":"Sommerferien"},"content":{"rendered":"<p>Die Welpen kommen jetzt in das anstrengende Alter und ich bin froh, dass wir schon Sommerferien haben. Sie sind jetzt in der 7. Woche. Die Z\u00e4hne sind da und wir starten mit den t\u00e4glichen \u00dcbungen:<\/p>\n<p>Z\u00e4hen und Ohren kontrollieren, das Fell am Popo und unter den Fu\u00dfballen wegschneiden, auf dem Tisch geb\u00fcrstet werden. Die Krallen habe ich schon in der ersten Woche etwas gek\u00fcrzt und es ist eine regelm\u00e4\u00dfige Routine geworden.<\/p>\n<p>Die Geschirrchen sind auch schon da und bald machen wir unsere erste Autofahrt.<\/p>\n<p>Die Welpen sind in ihrem Verhalten sehr \u00e4hnlich. Sie schlafen noch viel, aber wenn sie wach sind flitzen sind durch die Gegend. Es war nicht so einfach, sch\u00f6ne Fotos zu machen. Deshalb habe ich von einigen nur ein verwertbares und von anderen mehrere.<\/p>\n<p><a href=\"https:\/\/www.frohsinn-pudel.de\/wp-content\/uploads\/2023\/06\/20230622_115313.jpg\"><img loading=\"lazy\" decoding=\"async\" class=\"alignnone size-medium wp-image-3957\" src=\"https:\/\/www.frohsinn-pudel.de\/wp-content\/uploads\/2023\/06\/20230622_115313-169x300.jpg\" alt=\"\" width=\"169\" height=\"300\" srcset=\"https:\/\/www.frohsinn-pudel.de\/wp-content\/uploads\/2023\/06\/20230622_115313-169x300.jpg 169w, https:\/\/www.frohsinn-pudel.de\/wp-content\/uploads\/2023\/06\/20230622_115313-576x1024.jpg 576w, https:\/\/www.frohsinn-pudel.de\/wp-content\/uploads\/2023\/06\/20230622_115313-768x1365.jpg 768w, https:\/\/www.frohsinn-pudel.de\/wp-content\/uploads\/2023\/06\/20230622_115313-864x1536.jpg 864w, https:\/\/www.frohsinn-pudel.de\/wp-content\/uploads\/2023\/06\/20230622_115313.jpg 1080w\" sizes=\"auto, (max-width: 169px) 100vw, 169px\" \/><\/a><\/p>\n<p>Das rote M\u00e4dchen ist eine zierliche geblieben. Sie f\u00e4llt gar nicht auf, ist immer mittendrin.<\/p>\n<p>Sie wiegt 1800 gr.<\/p>\n<p><a href=\"https:\/\/www.frohsinn-pudel.de\/wp-content\/uploads\/2023\/06\/20230622_115525.jpg\"><img loading=\"lazy\" decoding=\"async\" class=\"alignnone size-medium wp-image-3958\" src=\"https:\/\/www.frohsinn-pudel.de\/wp-content\/uploads\/2023\/06\/20230622_115525-169x300.jpg\" alt=\"\" width=\"169\" height=\"300\" srcset=\"https:\/\/www.frohsinn-pudel.de\/wp-content\/uploads\/2023\/06\/20230622_115525-169x300.jpg 169w, https:\/\/www.frohsinn-pudel.de\/wp-content\/uploads\/2023\/06\/20230622_115525-576x1024.jpg 576w, https:\/\/www.frohsinn-pudel.de\/wp-content\/uploads\/2023\/06\/20230622_115525-768x1365.jpg 768w, https:\/\/www.frohsinn-pudel.de\/wp-content\/uploads\/2023\/06\/20230622_115525-864x1536.jpg 864w, https:\/\/www.frohsinn-pudel.de\/wp-content\/uploads\/2023\/06\/20230622_115525.jpg 1080w\" sizes=\"auto, (max-width: 169px) 100vw, 169px\" \/><\/a> <a href=\"https:\/\/www.frohsinn-pudel.de\/wp-content\/uploads\/2023\/06\/20230622_115528.jpg\"><img loading=\"lazy\" decoding=\"async\" class=\"alignnone size-medium wp-image-3959\" src=\"https:\/\/www.frohsinn-pudel.de\/wp-content\/uploads\/2023\/06\/20230622_115528-169x300.jpg\" alt=\"\" width=\"169\" height=\"300\" srcset=\"https:\/\/www.frohsinn-pudel.de\/wp-content\/uploads\/2023\/06\/20230622_115528-169x300.jpg 169w, https:\/\/www.frohsinn-pudel.de\/wp-content\/uploads\/2023\/06\/20230622_115528-576x1024.jpg 576w, https:\/\/www.frohsinn-pudel.de\/wp-content\/uploads\/2023\/06\/20230622_115528-768x1365.jpg 768w, https:\/\/www.frohsinn-pudel.de\/wp-content\/uploads\/2023\/06\/20230622_115528-864x1536.jpg 864w, https:\/\/www.frohsinn-pudel.de\/wp-content\/uploads\/2023\/06\/20230622_115528.jpg 1080w\" sizes=\"auto, (max-width: 169px) 100vw, 169px\" \/><\/a> <a href=\"https:\/\/www.frohsinn-pudel.de\/wp-content\/uploads\/2023\/06\/20230622_115536.jpg\"><img loading=\"lazy\" decoding=\"async\" class=\"alignnone size-medium wp-image-3960\" src=\"https:\/\/www.frohsinn-pudel.de\/wp-content\/uploads\/2023\/06\/20230622_115536-169x300.jpg\" alt=\"\" width=\"169\" height=\"300\" srcset=\"https:\/\/www.frohsinn-pudel.de\/wp-content\/uploads\/2023\/06\/20230622_115536-169x300.jpg 169w, https:\/\/www.frohsinn-pudel.de\/wp-content\/uploads\/2023\/06\/20230622_115536-576x1024.jpg 576w, https:\/\/www.frohsinn-pudel.de\/wp-content\/uploads\/2023\/06\/20230622_115536-768x1365.jpg 768w, https:\/\/www.frohsinn-pudel.de\/wp-content\/uploads\/2023\/06\/20230622_115536-864x1536.jpg 864w, https:\/\/www.frohsinn-pudel.de\/wp-content\/uploads\/2023\/06\/20230622_115536.jpg 1080w\" sizes=\"auto, (max-width: 169px) 100vw, 169px\" \/><\/a><\/p>\n<p>Der blaue Junge h\u00e4lt sich manchmal etwas abseits, dann ist er wieder mittendrin. Er best\u00fcrmt jeden Menschen. Durch sein etwas schmaleres Gesicht und den wei\u00dfen Brustfleck kann man ihn gut von den anderen unterscheiden.<\/p>\n<p>Er wiegt 2170 gr.<\/p>\n<p><a href=\"https:\/\/www.frohsinn-pudel.de\/wp-content\/uploads\/2023\/06\/20230622_115246.jpg\"><img loading=\"lazy\" decoding=\"async\" class=\"alignnone size-medium wp-image-3961\" src=\"https:\/\/www.frohsinn-pudel.de\/wp-content\/uploads\/2023\/06\/20230622_115246-169x300.jpg\" alt=\"\" width=\"169\" height=\"300\" srcset=\"https:\/\/www.frohsinn-pudel.de\/wp-content\/uploads\/2023\/06\/20230622_115246-169x300.jpg 169w, https:\/\/www.frohsinn-pudel.de\/wp-content\/uploads\/2023\/06\/20230622_115246-576x1024.jpg 576w, https:\/\/www.frohsinn-pudel.de\/wp-content\/uploads\/2023\/06\/20230622_115246-768x1365.jpg 768w, https:\/\/www.frohsinn-pudel.de\/wp-content\/uploads\/2023\/06\/20230622_115246-864x1536.jpg 864w, https:\/\/www.frohsinn-pudel.de\/wp-content\/uploads\/2023\/06\/20230622_115246.jpg 1080w\" sizes=\"auto, (max-width: 169px) 100vw, 169px\" \/><\/a> <a href=\"https:\/\/www.frohsinn-pudel.de\/wp-content\/uploads\/2023\/06\/20230622_115247.jpg\"><img loading=\"lazy\" decoding=\"async\" class=\"alignnone size-medium wp-image-3962\" src=\"https:\/\/www.frohsinn-pudel.de\/wp-content\/uploads\/2023\/06\/20230622_115247-169x300.jpg\" alt=\"\" width=\"169\" height=\"300\" srcset=\"https:\/\/www.frohsinn-pudel.de\/wp-content\/uploads\/2023\/06\/20230622_115247-169x300.jpg 169w, https:\/\/www.frohsinn-pudel.de\/wp-content\/uploads\/2023\/06\/20230622_115247-576x1024.jpg 576w, https:\/\/www.frohsinn-pudel.de\/wp-content\/uploads\/2023\/06\/20230622_115247-768x1365.jpg 768w, https:\/\/www.frohsinn-pudel.de\/wp-content\/uploads\/2023\/06\/20230622_115247-864x1536.jpg 864w, https:\/\/www.frohsinn-pudel.de\/wp-content\/uploads\/2023\/06\/20230622_115247.jpg 1080w\" sizes=\"auto, (max-width: 169px) 100vw, 169px\" \/><\/a><\/p>\n<p>Das lila M\u00e4dchen kommt schon mal auf Ideen. Das Bild ist typisch f\u00fcr sie.\u00a0 Im Welpenrudel ist sie immer mittendrin und macht alles mit. Man kann sie an den etwas helleren Pfoten erkennen.<\/p>\n<p>Sie wiegt 2250gr.<\/p>\n<p><a href=\"https:\/\/www.frohsinn-pudel.de\/wp-content\/uploads\/2023\/06\/20230622_115140.jpg\"><img loading=\"lazy\" decoding=\"async\" class=\"alignnone size-medium wp-image-3963\" src=\"https:\/\/www.frohsinn-pudel.de\/wp-content\/uploads\/2023\/06\/20230622_115140-169x300.jpg\" alt=\"\" width=\"169\" height=\"300\" srcset=\"https:\/\/www.frohsinn-pudel.de\/wp-content\/uploads\/2023\/06\/20230622_115140-169x300.jpg 169w, https:\/\/www.frohsinn-pudel.de\/wp-content\/uploads\/2023\/06\/20230622_115140-576x1024.jpg 576w, https:\/\/www.frohsinn-pudel.de\/wp-content\/uploads\/2023\/06\/20230622_115140-768x1365.jpg 768w, https:\/\/www.frohsinn-pudel.de\/wp-content\/uploads\/2023\/06\/20230622_115140-864x1536.jpg 864w, https:\/\/www.frohsinn-pudel.de\/wp-content\/uploads\/2023\/06\/20230622_115140.jpg 1080w\" sizes=\"auto, (max-width: 169px) 100vw, 169px\" \/><\/a><\/p>\n<p>Das schwarze M\u00e4dchen ist auch ein Mittendrinhund, der gar nicht auff\u00e4llt. Sie ist recht dunkel gef\u00e4rbt.<\/p>\n<p>Sie wiegt 2150 gr.<\/p>\n<p><a href=\"https:\/\/www.frohsinn-pudel.de\/wp-content\/uploads\/2023\/06\/20230622_115957.jpg\"><img loading=\"lazy\" decoding=\"async\" class=\"alignnone size-medium wp-image-3964\" src=\"https:\/\/www.frohsinn-pudel.de\/wp-content\/uploads\/2023\/06\/20230622_115957-169x300.jpg\" alt=\"\" width=\"169\" height=\"300\" srcset=\"https:\/\/www.frohsinn-pudel.de\/wp-content\/uploads\/2023\/06\/20230622_115957-169x300.jpg 169w, https:\/\/www.frohsinn-pudel.de\/wp-content\/uploads\/2023\/06\/20230622_115957-576x1024.jpg 576w, https:\/\/www.frohsinn-pudel.de\/wp-content\/uploads\/2023\/06\/20230622_115957-768x1365.jpg 768w, https:\/\/www.frohsinn-pudel.de\/wp-content\/uploads\/2023\/06\/20230622_115957-864x1536.jpg 864w, https:\/\/www.frohsinn-pudel.de\/wp-content\/uploads\/2023\/06\/20230622_115957.jpg 1080w\" sizes=\"auto, (max-width: 169px) 100vw, 169px\" \/><\/a> <a href=\"https:\/\/www.frohsinn-pudel.de\/wp-content\/uploads\/2023\/06\/20230622_120031.jpg\"><img loading=\"lazy\" decoding=\"async\" class=\"alignnone size-medium wp-image-3965\" src=\"https:\/\/www.frohsinn-pudel.de\/wp-content\/uploads\/2023\/06\/20230622_120031-169x300.jpg\" alt=\"\" width=\"169\" height=\"300\" srcset=\"https:\/\/www.frohsinn-pudel.de\/wp-content\/uploads\/2023\/06\/20230622_120031-169x300.jpg 169w, https:\/\/www.frohsinn-pudel.de\/wp-content\/uploads\/2023\/06\/20230622_120031-576x1024.jpg 576w, https:\/\/www.frohsinn-pudel.de\/wp-content\/uploads\/2023\/06\/20230622_120031-768x1365.jpg 768w, https:\/\/www.frohsinn-pudel.de\/wp-content\/uploads\/2023\/06\/20230622_120031-864x1536.jpg 864w, https:\/\/www.frohsinn-pudel.de\/wp-content\/uploads\/2023\/06\/20230622_120031.jpg 1080w\" sizes=\"auto, (max-width: 169px) 100vw, 169px\" \/><\/a><\/p>\n<p>Der orange Junge hat einen richtig kr\u00e4ftigen R\u00fcdenkopf und ist auch sonst kr\u00e4ftig gebaut.<\/p>\n<p>Er ist immer dabei, tr\u00e4gt gerne Beutest\u00fccke durch die Gegend und spielt eher k\u00f6rperbetont mit seinen Geschwistern.<\/p>\n<p>Er weigt schon 2900 gr.<\/p>\n<p><a href=\"https:\/\/www.frohsinn-pudel.de\/wp-content\/uploads\/2023\/06\/20230622_120304.jpg\"><img loading=\"lazy\" decoding=\"async\" class=\"alignnone size-medium wp-image-3966\" src=\"https:\/\/www.frohsinn-pudel.de\/wp-content\/uploads\/2023\/06\/20230622_120304-169x300.jpg\" alt=\"\" width=\"169\" height=\"300\" srcset=\"https:\/\/www.frohsinn-pudel.de\/wp-content\/uploads\/2023\/06\/20230622_120304-169x300.jpg 169w, https:\/\/www.frohsinn-pudel.de\/wp-content\/uploads\/2023\/06\/20230622_120304-576x1024.jpg 576w, https:\/\/www.frohsinn-pudel.de\/wp-content\/uploads\/2023\/06\/20230622_120304-768x1365.jpg 768w, https:\/\/www.frohsinn-pudel.de\/wp-content\/uploads\/2023\/06\/20230622_120304-864x1536.jpg 864w, https:\/\/www.frohsinn-pudel.de\/wp-content\/uploads\/2023\/06\/20230622_120304.jpg 1080w\" sizes=\"auto, (max-width: 169px) 100vw, 169px\" \/><\/a><\/p>\n<p>Der gr\u00fcne Junge ist leicht mit orange zu verwechseln. Die beiden haben die gleiche Fellfarbe und gr\u00fcn ist auch etwas kr\u00e4ftiger gebaut. Er ist auch ein Mittendrinhund und f\u00e4llt kaum auf.<\/p>\n<p>Er wiegt 2550 gr.<\/p>\n<p><a href=\"https:\/\/www.frohsinn-pudel.de\/wp-content\/uploads\/2023\/06\/20230622_120342.jpg\"><img loading=\"lazy\" decoding=\"async\" class=\"alignnone size-medium wp-image-3967\" src=\"https:\/\/www.frohsinn-pudel.de\/wp-content\/uploads\/2023\/06\/20230622_120342-169x300.jpg\" alt=\"\" width=\"169\" height=\"300\" srcset=\"https:\/\/www.frohsinn-pudel.de\/wp-content\/uploads\/2023\/06\/20230622_120342-169x300.jpg 169w, https:\/\/www.frohsinn-pudel.de\/wp-content\/uploads\/2023\/06\/20230622_120342-576x1024.jpg 576w, https:\/\/www.frohsinn-pudel.de\/wp-content\/uploads\/2023\/06\/20230622_120342-768x1365.jpg 768w, https:\/\/www.frohsinn-pudel.de\/wp-content\/uploads\/2023\/06\/20230622_120342-864x1536.jpg 864w, https:\/\/www.frohsinn-pudel.de\/wp-content\/uploads\/2023\/06\/20230622_120342.jpg 1080w\" sizes=\"auto, (max-width: 169px) 100vw, 169px\" \/><\/a><\/p>\n<p>Der t\u00fcrkise Junge hat von allem etwas. Er ist mittelgro\u00df und hat ein mittleres rot -etwas heller als blau und schwarz. Wenn ich mich mit den Welpen besch\u00e4ftige, ist er immer da und klettert an mir hoch &#8211; ein aufgeweckter Kerl.<\/p>\n<p>Er wiegt 2200 gr.<\/p>\n<p>Bald kommen die ersten die zuk\u00fcnftigen Welpeneltern und dieses Mal k\u00f6nnen wir gar nicht so viele Tipps geben. Die Welpen sind so \u00e4hnlich, dass wir eigentlich jeden in jede Familie geben k\u00f6nnten. Aber wir werden gemeinsam bestimmt die richtige Wahl treffen. Wir sind gespannt, wo die Liebe hinf\u00e4llt.<\/p>\n<p>Es gibt demn\u00e4chst noch ein Video, dass muss ich aber erst noch schneiden und das schaffe ich heute nicht mehr.<\/p>\n<p>&nbsp;<\/p>\n","protected":false},"excerpt":{"rendered":"<p>Die Welpen kommen jetzt in das anstrengende Alter und ich bin froh, dass wir schon Sommerferien haben. Sie sind jetzt [&hellip;]<\/p>\n","protected":false},"author":1,"featured_media":0,"comment_status":"closed","ping_status":"closed","sticky":false,"template":"","format":"standard","meta":{"footnotes":""},"categories":[18],"tags":[],"class_list":["post-3956","post","type-post","status-publish","format-standard","hentry","category-camillas-welpen"],"_links":{"self":[{"href":"https:\/\/www.frohsinn-pudel.de\/index.php?rest_route=\/wp\/v2\/posts\/3956","targetHints":{"allow":["GET"]}}],"collection":[{"href":"https:\/\/www.frohsinn-pudel.de\/index.php?rest_route=\/wp\/v2\/posts"}],"about":[{"href":"https:\/\/www.frohsinn-pudel.de\/index.php?rest_route=\/wp\/v2\/types\/post"}],"author":[{"embeddable":true,"href":"https:\/\/www.frohsinn-pudel.de\/index.php?rest_route=\/wp\/v2\/users\/1"}],"replies":[{"embeddable":true,"href":"https:\/\/www.frohsinn-pudel.de\/index.php?rest_route=%2Fwp%2Fv2%2Fcomments&post=3956"}],"version-history":[{"count":2,"href":"https:\/\/www.frohsinn-pudel.de\/index.php?rest_route=\/wp\/v2\/posts\/3956\/revisions"}],"predecessor-version":[{"id":3969,"href":"https:\/\/www.frohsinn-pudel.de\/index.php?rest_route=\/wp\/v2\/posts\/3956\/revisions\/3969"}],"wp:attachment":[{"href":"https:\/\/www.frohsinn-pudel.de\/index.php?rest_route=%2Fwp%2Fv2%2Fmedia&parent=3956"}],"wp:term":[{"taxonomy":"category","embeddable":true,"href":"https:\/\/www.frohsinn-pudel.de\/index.php?rest_route=%2Fwp%2Fv2%2Fcategories&post=3956"},{"taxonomy":"post_tag","embeddable":true,"href":"https:\/\/www.frohsinn-pudel.de\/index.php?rest_route=%2Fwp%2Fv2%2Ftags&post=3956"}],"curies":[{"name":"wp","href":"https:\/\/api.w.org\/{rel}","templated":true}]}}