{"id":4098,"date":"2023-10-09T20:30:07","date_gmt":"2023-10-09T18:30:07","guid":{"rendered":"https:\/\/www.frohsinn-pudel.de\/?p=4098"},"modified":"2024-01-07T12:00:21","modified_gmt":"2024-01-07T11:00:21","slug":"julchen-startet-in-die-6-traechtigkeitswoche","status":"publish","type":"post","link":"https:\/\/www.frohsinn-pudel.de\/?p=4098","title":{"rendered":"Julchen startet in die 6. Tr\u00e4chtigkeitswoche"},"content":{"rendered":"<p>Julchen geht es sehr gut. Sie ist Topfit. Nur essen mag sie gar nicht. Da m\u00fcssen wir schon etwas kreativ sein. Im Moment gibt es Dose und Nudeln. Ganz lecker findet sie auch Suppenfleisch mit Br\u00fche. Alles andere geht nicht so gut. Kartoffeln &#8211; naja, Kochwurst &#8211; normalerweise das Highlight- frisst sie nur, wenn die anderen auch ein St\u00fcck fressen und Julchen futterneidisch ist. Trockenfutter geht nur, wenn wir spazieren gehen und nachdem sie es ein paar mal ausgespuckt hat. Es ist ja immer ein Mitesser da, der das ausgespuckte Leckerchen gerne fressen w\u00fcrde.<\/p>\n<p>Julchen hat jetzt 1 kg zugenommen und heute ist der erste Tag, wo man eine deutliche W\u00f6lbung sicht. \u00dcber Nacht ist der Bauch dicker geworden. Sie muss jetzt auch zulegen, denn jetzt ist die intensive Wachstumsphase der Welpen. Die Organe sind alle ausgebildet.<\/p>\n<p>Der errechnete Geburtstermin ist der 5. November. Wir haben also noch 4 Wochen vor uns.<\/p>\n<p>&nbsp;<\/p>\n<p><a href=\"https:\/\/www.frohsinn-pudel.de\/wp-content\/uploads\/2023\/10\/20231008_141658.jpg\"><img loading=\"lazy\" decoding=\"async\" class=\"alignnone size-medium wp-image-4099\" src=\"https:\/\/www.frohsinn-pudel.de\/wp-content\/uploads\/2023\/10\/20231008_141658-169x300.jpg\" alt=\"\" width=\"169\" height=\"300\" srcset=\"https:\/\/www.frohsinn-pudel.de\/wp-content\/uploads\/2023\/10\/20231008_141658-169x300.jpg 169w, https:\/\/www.frohsinn-pudel.de\/wp-content\/uploads\/2023\/10\/20231008_141658-576x1024.jpg 576w, https:\/\/www.frohsinn-pudel.de\/wp-content\/uploads\/2023\/10\/20231008_141658-768x1365.jpg 768w, https:\/\/www.frohsinn-pudel.de\/wp-content\/uploads\/2023\/10\/20231008_141658-864x1536.jpg 864w, https:\/\/www.frohsinn-pudel.de\/wp-content\/uploads\/2023\/10\/20231008_141658.jpg 1080w\" sizes=\"auto, (max-width: 169px) 100vw, 169px\" \/><\/a><\/p>\n<p>Da man bis gestern noch fast keinen Bauch sehen konnte, habe ich das Portraitfoto gemacht. Der Blick sagt mehr als der Bauch:). Julchen kuschelt gerade mit mir auf der Couch.<\/p>\n<p>&nbsp;<\/p>\n","protected":false},"excerpt":{"rendered":"<p>Julchen geht es sehr gut. Sie ist Topfit. Nur essen mag sie gar nicht. Da m\u00fcssen wir schon etwas kreativ [&hellip;]<\/p>\n","protected":false},"author":1,"featured_media":0,"comment_status":"closed","ping_status":"closed","sticky":false,"template":"","format":"standard","meta":{"footnotes":""},"categories":[20],"tags":[],"class_list":["post-4098","post","type-post","status-publish","format-standard","hentry","category-julchens-welpen"],"_links":{"self":[{"href":"https:\/\/www.frohsinn-pudel.de\/index.php?rest_route=\/wp\/v2\/posts\/4098","targetHints":{"allow":["GET"]}}],"collection":[{"href":"https:\/\/www.frohsinn-pudel.de\/index.php?rest_route=\/wp\/v2\/posts"}],"about":[{"href":"https:\/\/www.frohsinn-pudel.de\/index.php?rest_route=\/wp\/v2\/types\/post"}],"author":[{"embeddable":true,"href":"https:\/\/www.frohsinn-pudel.de\/index.php?rest_route=\/wp\/v2\/users\/1"}],"replies":[{"embeddable":true,"href":"https:\/\/www.frohsinn-pudel.de\/index.php?rest_route=%2Fwp%2Fv2%2Fcomments&post=4098"}],"version-history":[{"count":1,"href":"https:\/\/www.frohsinn-pudel.de\/index.php?rest_route=\/wp\/v2\/posts\/4098\/revisions"}],"predecessor-version":[{"id":4100,"href":"https:\/\/www.frohsinn-pudel.de\/index.php?rest_route=\/wp\/v2\/posts\/4098\/revisions\/4100"}],"wp:attachment":[{"href":"https:\/\/www.frohsinn-pudel.de\/index.php?rest_route=%2Fwp%2Fv2%2Fmedia&parent=4098"}],"wp:term":[{"taxonomy":"category","embeddable":true,"href":"https:\/\/www.frohsinn-pudel.de\/index.php?rest_route=%2Fwp%2Fv2%2Fcategories&post=4098"},{"taxonomy":"post_tag","embeddable":true,"href":"https:\/\/www.frohsinn-pudel.de\/index.php?rest_route=%2Fwp%2Fv2%2Ftags&post=4098"}],"curies":[{"name":"wp","href":"https:\/\/api.w.org\/{rel}","templated":true}]}}