{"id":4388,"date":"2024-10-13T18:27:35","date_gmt":"2024-10-13T16:27:35","guid":{"rendered":"https:\/\/www.frohsinn-pudel.de\/?p=4388"},"modified":"2024-10-13T18:27:35","modified_gmt":"2024-10-13T16:27:35","slug":"geburtstagsgruesse-von-camillas-bruder-carlo","status":"publish","type":"post","link":"https:\/\/www.frohsinn-pudel.de\/?p=4388","title":{"rendered":"Geburtstagsgr\u00fc\u00dfe von Camillas Bruder Carlo"},"content":{"rendered":"<div dir=\"ltr\">\n<div>Liebe Elke, lieber Bernd,<\/div>\n<div><\/div>\n<div>Carlo feiert heute seinen siebten Geburtstag, und wir melden uns endlich mal wieder&#8230;<\/div>\n<div><\/div>\n<div>Uns geht es gut, und wir k\u00f6nnen uns das Leben &#8222;vor Carlo&#8220; fast nicht mehr vorstellen.\u00a0 Muss unglaublich \u00f6de gewesen sein:\u00a0 Keine freudige Begr\u00fcssung jeden Morgen beim Aufstehen, keine st\u00e4ndige Begleitung durchs ganze Haus, keine interessanten Spazierg\u00e4nge und Begegnungen &#8211; einfach total langweilig!<\/div>\n<div><\/div>\n<div>Carlo ist jetzt zwar eine Spur ruhiger als fr\u00fcher, aber im Grunde ist er immer noch genau gleich wie als Junghund:\u00a0 neugierig, verspielt, immer gut gelaunt und f\u00fcr alles zu haben.\u00a0 Er vertr\u00e4gt sich mit allen andern Hunden, und er ist ausgesprochen menschenfreundlich.\u00a0 Nur bei Enten, Eichh\u00f6rnchen, Nachbars Kaninchen und dergleichen bricht sein Jagdtrieb durch.\u00a0 Da m\u00fcssen wir wirklich aufpassen, beziehungsweise ihn rechtzeitig anleinen.<\/div>\n<div><\/div>\n<div>Im Lauf der Jahre hat er ein unglaubliches Verst\u00e4ndnis daf\u00fcr entwickelt, was wir Zweibeiner besprechen und vorhaben.\u00a0 Wir staunen immer wieder dar\u00fcber, was er alles versteht, und das sowohl auf Hochdeutsch wie auch auf Schweizerdeutsch.\u00a0 Bald werden wir uns auf Franz\u00f6sisch unterhalten m\u00fcssen, wenn wir etwas vor ihm geheim halten wollen&#8230;<\/div>\n<div><\/div>\n<div>Im Augenblick sind wir in den Schweizer Bergen unterwegs, und auch hier ist Carlo problemlos dabei.\u00a0 Bergh\u00fctte oder Hotel, Restaurant oder Eisenbahn &#8211; er benimmt sich \u00fcberall perfekt.\u00a0 Sogar im Luftseilb\u00e4hnchen ist er schon mitgefahren, aber da gelang das Einsteigen erst im zweiten Anlauf.\u00a0 Und begeistert war er \u00fcberhaupt nicht von dem wackeligen Schaukeldings!!<\/div>\n<div><\/div>\n<div>Der langen Schreibe kurzer Sinn:\u00a0 Wir sind sehr gl\u00fccklich dar\u00fcber, dass wir vor sieben Jahren diesen Welpen von euch bekommen haben.\u00a0 Den gr\u00f6ssten und schwersten im Wurf, aber auch den liebsten, bravsten, kl\u00fcgsten, h\u00fcbschesten, kuscheligsten, freundlichsten &#8211; eben Carlo!<\/div>\n<div><\/div>\n<div>Ganz liebe Gr\u00fcsse, auch an eure Hunde, und nat\u00fcrlich Geburtstagsgr\u00fcsse an Camilla!<\/div>\n<div><\/div>\n<div>Brigit und Gerolf<\/div>\n<\/div>\n<div class=\"iX\"><a href=\"https:\/\/www.frohsinn-pudel.de\/wp-content\/uploads\/2024\/10\/Oktober-2024-Seewis-3.jpg\"><img loading=\"lazy\" decoding=\"async\" class=\"alignnone size-medium wp-image-4390\" src=\"https:\/\/www.frohsinn-pudel.de\/wp-content\/uploads\/2024\/10\/Oktober-2024-Seewis-3-225x300.jpg\" alt=\"\" width=\"225\" height=\"300\" srcset=\"https:\/\/www.frohsinn-pudel.de\/wp-content\/uploads\/2024\/10\/Oktober-2024-Seewis-3-225x300.jpg 225w, https:\/\/www.frohsinn-pudel.de\/wp-content\/uploads\/2024\/10\/Oktober-2024-Seewis-3.jpg 481w\" sizes=\"auto, (max-width: 225px) 100vw, 225px\" \/><\/a> <a href=\"https:\/\/www.frohsinn-pudel.de\/wp-content\/uploads\/2024\/10\/Oktober-2024-Seewis.jpg\"><img loading=\"lazy\" decoding=\"async\" class=\"alignnone size-medium wp-image-4391\" src=\"https:\/\/www.frohsinn-pudel.de\/wp-content\/uploads\/2024\/10\/Oktober-2024-Seewis-225x300.jpg\" alt=\"\" width=\"225\" height=\"300\" srcset=\"https:\/\/www.frohsinn-pudel.de\/wp-content\/uploads\/2024\/10\/Oktober-2024-Seewis-225x300.jpg 225w, https:\/\/www.frohsinn-pudel.de\/wp-content\/uploads\/2024\/10\/Oktober-2024-Seewis.jpg 481w\" sizes=\"auto, (max-width: 225px) 100vw, 225px\" \/><\/a><\/div>\n","protected":false},"excerpt":{"rendered":"<p>Liebe Elke, lieber Bernd, Carlo feiert heute seinen siebten Geburtstag, und wir melden uns endlich mal wieder&#8230; Uns geht es [&hellip;]<\/p>\n","protected":false},"author":1,"featured_media":0,"comment_status":"closed","ping_status":"closed","sticky":false,"template":"","format":"standard","meta":{"footnotes":""},"categories":[1],"tags":[],"class_list":["post-4388","post","type-post","status-publish","format-standard","hentry","category-allgemein"],"_links":{"self":[{"href":"https:\/\/www.frohsinn-pudel.de\/index.php?rest_route=\/wp\/v2\/posts\/4388","targetHints":{"allow":["GET"]}}],"collection":[{"href":"https:\/\/www.frohsinn-pudel.de\/index.php?rest_route=\/wp\/v2\/posts"}],"about":[{"href":"https:\/\/www.frohsinn-pudel.de\/index.php?rest_route=\/wp\/v2\/types\/post"}],"author":[{"embeddable":true,"href":"https:\/\/www.frohsinn-pudel.de\/index.php?rest_route=\/wp\/v2\/users\/1"}],"replies":[{"embeddable":true,"href":"https:\/\/www.frohsinn-pudel.de\/index.php?rest_route=%2Fwp%2Fv2%2Fcomments&post=4388"}],"version-history":[{"count":1,"href":"https:\/\/www.frohsinn-pudel.de\/index.php?rest_route=\/wp\/v2\/posts\/4388\/revisions"}],"predecessor-version":[{"id":4392,"href":"https:\/\/www.frohsinn-pudel.de\/index.php?rest_route=\/wp\/v2\/posts\/4388\/revisions\/4392"}],"wp:attachment":[{"href":"https:\/\/www.frohsinn-pudel.de\/index.php?rest_route=%2Fwp%2Fv2%2Fmedia&parent=4388"}],"wp:term":[{"taxonomy":"category","embeddable":true,"href":"https:\/\/www.frohsinn-pudel.de\/index.php?rest_route=%2Fwp%2Fv2%2Fcategories&post=4388"},{"taxonomy":"post_tag","embeddable":true,"href":"https:\/\/www.frohsinn-pudel.de\/index.php?rest_route=%2Fwp%2Fv2%2Ftags&post=4388"}],"curies":[{"name":"wp","href":"https:\/\/api.w.org\/{rel}","templated":true}]}}