{"id":4473,"date":"2024-12-14T22:37:36","date_gmt":"2024-12-14T21:37:36","guid":{"rendered":"https:\/\/www.frohsinn-pudel.de\/?p=4473"},"modified":"2024-12-14T22:37:36","modified_gmt":"2024-12-14T21:37:36","slug":"umzug-in-die-kueche","status":"publish","type":"post","link":"https:\/\/www.frohsinn-pudel.de\/?p=4473","title":{"rendered":"Umzug in die K\u00fcche"},"content":{"rendered":"<p>Die Welpen werden immer aktiver und machen schon ihre ersten Galoppspr\u00fcnge. Deshalb wird es Zeit, dass sie mehr Platz bekommen. Wir haben den Samstag genutzt um dem PVC Boden in der K\u00fcche auszulegen und die gro\u00dfe Box aufzubauen. Anschlie\u00dfend durften die Welpen umziehen. Sie waren noch etwas verschlafen und haben deshalb wenig gemeckert. Es dauert immer ein wenig, bis sie sich im neuen Zuhause wohlf\u00fchlen. Hilfreich ist es\u00a0 nat\u00fcrlich, wenn Camilla sich zu ihnen legt. Das gibt den Welpen Sicherheit. Am Ende des Videos sieht man, dass sich schon recht selbsticher in der Box unterwegs sind.<\/p>\n<p><a href=\"https:\/\/www.frohsinn-pudel.de\/wp-content\/uploads\/2024\/12\/20241214_143759.jpg\"><img loading=\"lazy\" decoding=\"async\" class=\"alignnone size-medium wp-image-4476\" src=\"https:\/\/www.frohsinn-pudel.de\/wp-content\/uploads\/2024\/12\/20241214_143759-300x169.jpg\" alt=\"\" width=\"300\" height=\"169\" srcset=\"https:\/\/www.frohsinn-pudel.de\/wp-content\/uploads\/2024\/12\/20241214_143759-300x169.jpg 300w, https:\/\/www.frohsinn-pudel.de\/wp-content\/uploads\/2024\/12\/20241214_143759-1024x576.jpg 1024w, https:\/\/www.frohsinn-pudel.de\/wp-content\/uploads\/2024\/12\/20241214_143759-768x432.jpg 768w, https:\/\/www.frohsinn-pudel.de\/wp-content\/uploads\/2024\/12\/20241214_143759-1536x864.jpg 1536w, https:\/\/www.frohsinn-pudel.de\/wp-content\/uploads\/2024\/12\/20241214_143759.jpg 1920w\" sizes=\"auto, (max-width: 300px) 100vw, 300px\" \/><\/a> <a href=\"https:\/\/www.frohsinn-pudel.de\/wp-content\/uploads\/2024\/12\/20241214_143756.jpg\"><img loading=\"lazy\" decoding=\"async\" class=\"alignnone size-medium wp-image-4475\" src=\"https:\/\/www.frohsinn-pudel.de\/wp-content\/uploads\/2024\/12\/20241214_143756-300x169.jpg\" alt=\"\" width=\"300\" height=\"169\" srcset=\"https:\/\/www.frohsinn-pudel.de\/wp-content\/uploads\/2024\/12\/20241214_143756-300x169.jpg 300w, https:\/\/www.frohsinn-pudel.de\/wp-content\/uploads\/2024\/12\/20241214_143756-1024x576.jpg 1024w, https:\/\/www.frohsinn-pudel.de\/wp-content\/uploads\/2024\/12\/20241214_143756-768x432.jpg 768w, https:\/\/www.frohsinn-pudel.de\/wp-content\/uploads\/2024\/12\/20241214_143756-1536x864.jpg 1536w, https:\/\/www.frohsinn-pudel.de\/wp-content\/uploads\/2024\/12\/20241214_143756.jpg 1920w\" sizes=\"auto, (max-width: 300px) 100vw, 300px\" \/><\/a><\/p>\n<p>Das M\u00e4dchen hat jetzt auch ein Halsband in Olivgr\u00fcn. Ich habe es am Ende des Videos etwas mehr im Blick gehabt und auch ihren kleine Umfall dokumentiert. Das passiert immer wieder &#8211; so sicher sind die Welpen noch nicht auf den Beinen und sie probieren alles aus.<\/p>\n<p>Im Moment ist die sch\u00f6nste Welpenzeit. Man kann eine Beziehung aufbauen und es sind noch richtige Babys. Bald wachsen die Milchz\u00e4hnchen und dann wird alles angeknabbert &#8211; auch Socken, Finger&#8230;)<\/p>\n<p><iframe loading=\"lazy\" title=\"Umzug in die K\u00fcche\" width=\"780\" height=\"439\" src=\"https:\/\/www.youtube.com\/embed\/XrVF6DOX7ww?feature=oembed\" frameborder=\"0\" allow=\"accelerometer; autoplay; clipboard-write; encrypted-media; gyroscope; picture-in-picture; web-share\" referrerpolicy=\"strict-origin-when-cross-origin\" allowfullscreen><\/iframe><\/p>\n<p>&nbsp;<\/p>\n","protected":false},"excerpt":{"rendered":"<p>Die Welpen werden immer aktiver und machen schon ihre ersten Galoppspr\u00fcnge. Deshalb wird es Zeit, dass sie mehr Platz bekommen. [&hellip;]<\/p>\n","protected":false},"author":1,"featured_media":4474,"comment_status":"closed","ping_status":"closed","sticky":false,"template":"","format":"standard","meta":{"footnotes":""},"categories":[18,1,9],"tags":[],"class_list":["post-4473","post","type-post","status-publish","format-standard","has-post-thumbnail","hentry","category-camillas-welpen","category-allgemein","category-welpen"],"_links":{"self":[{"href":"https:\/\/www.frohsinn-pudel.de\/index.php?rest_route=\/wp\/v2\/posts\/4473","targetHints":{"allow":["GET"]}}],"collection":[{"href":"https:\/\/www.frohsinn-pudel.de\/index.php?rest_route=\/wp\/v2\/posts"}],"about":[{"href":"https:\/\/www.frohsinn-pudel.de\/index.php?rest_route=\/wp\/v2\/types\/post"}],"author":[{"embeddable":true,"href":"https:\/\/www.frohsinn-pudel.de\/index.php?rest_route=\/wp\/v2\/users\/1"}],"replies":[{"embeddable":true,"href":"https:\/\/www.frohsinn-pudel.de\/index.php?rest_route=%2Fwp%2Fv2%2Fcomments&post=4473"}],"version-history":[{"count":1,"href":"https:\/\/www.frohsinn-pudel.de\/index.php?rest_route=\/wp\/v2\/posts\/4473\/revisions"}],"predecessor-version":[{"id":4477,"href":"https:\/\/www.frohsinn-pudel.de\/index.php?rest_route=\/wp\/v2\/posts\/4473\/revisions\/4477"}],"wp:featuredmedia":[{"embeddable":true,"href":"https:\/\/www.frohsinn-pudel.de\/index.php?rest_route=\/wp\/v2\/media\/4474"}],"wp:attachment":[{"href":"https:\/\/www.frohsinn-pudel.de\/index.php?rest_route=%2Fwp%2Fv2%2Fmedia&parent=4473"}],"wp:term":[{"taxonomy":"category","embeddable":true,"href":"https:\/\/www.frohsinn-pudel.de\/index.php?rest_route=%2Fwp%2Fv2%2Fcategories&post=4473"},{"taxonomy":"post_tag","embeddable":true,"href":"https:\/\/www.frohsinn-pudel.de\/index.php?rest_route=%2Fwp%2Fv2%2Ftags&post=4473"}],"curies":[{"name":"wp","href":"https:\/\/api.w.org\/{rel}","templated":true}]}}