{"id":4504,"date":"2024-12-29T13:44:26","date_gmt":"2024-12-29T12:44:26","guid":{"rendered":"https:\/\/www.frohsinn-pudel.de\/?p=4504"},"modified":"2026-02-17T10:41:16","modified_gmt":"2026-02-17T09:41:16","slug":"der-winter-ist-da","status":"publish","type":"post","link":"https:\/\/www.frohsinn-pudel.de\/?p=4504","title":{"rendered":"Der Winter ist da"},"content":{"rendered":"<p>Bei uns ist es jetzt richtig kalt. Zum Gl\u00fcck ist es in der K\u00fcche muckelig warm. Da kann man die Kleinen verstehen, wenn sie immer nur kurz drau\u00dfen spielen. Einmal kr\u00e4ftig flitzen, dann geht es wieder rein.<\/p>\n<p>Die ersten Besucher waren schon da und die Kleinen haben sich von der besten Seite gezeigt &#8211; sie haben geschlafen. Wir h\u00e4tten sie lieber etwas aktiver gesehen, aber wenn ein Welpe schl\u00e4ft, dann schl\u00e4ft er und ist durch kein gutes Zureden zu wecken.<\/p>\n<p>Camilla verschafft sich schon gut Respekt bei ihren Welpen. Sie muss daf\u00fcr etwas laut werden &#8211; aber die Welpen halten dann auch Abstand. Wenn wieder genug Milch da ist, d\u00fcrfen die Welpen auch trinken.<\/p>\n<p>Wir f\u00fcttern jetzt auch etwas Ziegenmilch-Wasser Gemisch zu, da Camilla nur noch wenig Milch hat. Die Welpen trinken die Milch gerne und vertragen sie gut.<\/p>\n<p>Wir hoffen, dass es bald wieder etwas w\u00e4rmer wird und die Kleinen in den Garten k\u00f6nnen. Es ist alles f\u00fcr sie vorbereitet.<\/p>\n<p><iframe loading=\"lazy\" title=\"Camilla erzieht ihre Kinder\" width=\"780\" height=\"439\" src=\"https:\/\/www.youtube.com\/embed\/WR14mEVNGX0?feature=oembed\" frameborder=\"0\" allow=\"accelerometer; autoplay; clipboard-write; encrypted-media; gyroscope; picture-in-picture; web-share\" referrerpolicy=\"strict-origin-when-cross-origin\" allowfullscreen><\/iframe><\/p>\n<p>&nbsp;<\/p>\n<p>&nbsp;<\/p>\n","protected":false},"excerpt":{"rendered":"<p>Bei uns ist es jetzt richtig kalt. Zum Gl\u00fcck ist es in der K\u00fcche muckelig warm. Da kann man die [&hellip;]<\/p>\n","protected":false},"author":1,"featured_media":0,"comment_status":"closed","ping_status":"closed","sticky":false,"template":"","format":"standard","meta":{"footnotes":""},"categories":[18],"tags":[],"class_list":["post-4504","post","type-post","status-publish","format-standard","hentry","category-camillas-welpen"],"_links":{"self":[{"href":"https:\/\/www.frohsinn-pudel.de\/index.php?rest_route=\/wp\/v2\/posts\/4504","targetHints":{"allow":["GET"]}}],"collection":[{"href":"https:\/\/www.frohsinn-pudel.de\/index.php?rest_route=\/wp\/v2\/posts"}],"about":[{"href":"https:\/\/www.frohsinn-pudel.de\/index.php?rest_route=\/wp\/v2\/types\/post"}],"author":[{"embeddable":true,"href":"https:\/\/www.frohsinn-pudel.de\/index.php?rest_route=\/wp\/v2\/users\/1"}],"replies":[{"embeddable":true,"href":"https:\/\/www.frohsinn-pudel.de\/index.php?rest_route=%2Fwp%2Fv2%2Fcomments&post=4504"}],"version-history":[{"count":1,"href":"https:\/\/www.frohsinn-pudel.de\/index.php?rest_route=\/wp\/v2\/posts\/4504\/revisions"}],"predecessor-version":[{"id":4505,"href":"https:\/\/www.frohsinn-pudel.de\/index.php?rest_route=\/wp\/v2\/posts\/4504\/revisions\/4505"}],"wp:attachment":[{"href":"https:\/\/www.frohsinn-pudel.de\/index.php?rest_route=%2Fwp%2Fv2%2Fmedia&parent=4504"}],"wp:term":[{"taxonomy":"category","embeddable":true,"href":"https:\/\/www.frohsinn-pudel.de\/index.php?rest_route=%2Fwp%2Fv2%2Fcategories&post=4504"},{"taxonomy":"post_tag","embeddable":true,"href":"https:\/\/www.frohsinn-pudel.de\/index.php?rest_route=%2Fwp%2Fv2%2Ftags&post=4504"}],"curies":[{"name":"wp","href":"https:\/\/api.w.org\/{rel}","templated":true}]}}