{"id":4547,"date":"2025-02-02T09:53:31","date_gmt":"2025-02-02T08:53:31","guid":{"rendered":"https:\/\/www.frohsinn-pudel.de\/?p=4547"},"modified":"2025-02-02T09:59:18","modified_gmt":"2025-02-02T08:59:18","slug":"welpennachrichten","status":"publish","type":"post","link":"https:\/\/www.frohsinn-pudel.de\/?p=4547","title":{"rendered":"Welpennachrichten"},"content":{"rendered":"<div dir=\"ltr\">Eine kleine Auswahl der R\u00fcckmeldungen, die wir erhalten haben&#8230;<\/div>\n<div dir=\"ltr\"><\/div>\n<div id=\"m_4856605861416438478AppleMailSignature\" dir=\"ltr\"><em>Hallo Familie F\u00fcnfsinn !<\/em><\/div>\n<div id=\"m_4856605861416438478AppleMailSignature\" dir=\"ltr\"><\/div>\n<div id=\"m_4856605861416438478AppleMailSignature\" dir=\"ltr\"><em>Die erste Woche mit Noodles ist vor\u00fcber<\/em><\/div>\n<div id=\"m_4856605861416438478AppleMailSignature\" dir=\"ltr\"><em>und \u2026.mehr geht nicht.<\/em><\/div>\n<div id=\"m_4856605861416438478AppleMailSignature\" dir=\"ltr\"><em>Er ist fr\u00f6hlich,mutig,neugierig, wissbegierig,kuschelig \u2026\u2026..und sehr schnell.Einfach ein liebes Kerlchen!<\/em><\/div>\n<div id=\"m_4856605861416438478AppleMailSignature\" dir=\"ltr\"><em>Er hat sich gut eingefunden und wird hier von allen geliebt!<\/em><\/div>\n<div id=\"m_4856605861416438478AppleMailSignature\" dir=\"ltr\"><em>Heute ging es in die Hundeschule, toll war es!\u00a0<\/em><\/div>\n<div id=\"m_4856605861416438478AppleMailSignature\" dir=\"ltr\"><em>Danke f\u00fcr diesen tollen Hund!<\/em><\/div>\n<div id=\"m_4856605861416438478AppleMailSignature\" dir=\"ltr\"><em>Liebe Gr\u00fc\u00dfe\u00a0<\/em><\/div>\n<div dir=\"ltr\"><a href=\"https:\/\/www.frohsinn-pudel.de\/wp-content\/uploads\/2025\/02\/Unbenannt.jpg\"><img loading=\"lazy\" decoding=\"async\" class=\"alignnone size-medium wp-image-4548\" src=\"https:\/\/www.frohsinn-pudel.de\/wp-content\/uploads\/2025\/02\/Unbenannt-169x300.jpg\" alt=\"\" width=\"169\" height=\"300\" srcset=\"https:\/\/www.frohsinn-pudel.de\/wp-content\/uploads\/2025\/02\/Unbenannt-169x300.jpg 169w, https:\/\/www.frohsinn-pudel.de\/wp-content\/uploads\/2025\/02\/Unbenannt.jpg 540w\" sizes=\"auto, (max-width: 169px) 100vw, 169px\" \/><\/a><\/div>\n<div dir=\"ltr\"><\/div>\n<div dir=\"ltr\">\n<p><em>Liebe F\u00fcnfsinns,<\/em><\/p>\n<p><em>Nach der ersten gemeinsamen Woche ein paar aktuelle Foto-Gr\u00fc\u00dfe von Nino.<\/em><\/p>\n<p><em>Er ist einfach toll, lernt schon flei\u00dfig, auf seinen Namen zu h\u00f6ren, Sitz, Platz und der leeren Hand hinterherlaufen, l\u00e4sst sich k\u00e4mmen, die Pfoten abduschen, wenn er beim Toben den regennassen Garten umgepfl\u00fcgt hat, gibt Bescheid, wenn es nach drau\u00dfen gehen muss (&#8222;Unf\u00e4lle&#8220; passieren selten) und ist absolut verkuschelt.<\/em><\/p>\n<p><em>Er hat diese Woche (vielleicht nach diesem nasskalten Wetter) ein paar Mal genie\u00dft, aber beim Vorgespr\u00e4ch in der Hundeschule haben wir mal gefragt, ob das schon bedenklich ist und es gab Entwarnung. Nino hat jetzt vorsichtshalber einen Mantel f\u00fcr das erste Training. Den Arzttermin f\u00fcr die n\u00e4chste Impfung hat er auch schon.<\/em><\/p>\n<p><em>Wenn jemand von uns den Raum verl\u00e4sst, ist er nicht begeistert, freut sich dann aber umso mehr, wenn alle wieder da sind.<\/em><\/p>\n<p><em>Er (und sein Fell) sind schon ganz sch\u00f6n gewachsen und er wird jeden Tag mutiger.<\/em><\/p>\n<p><em>Herzliche Gr\u00fc\u00dfe von uns allen!<\/em><\/p>\n<p><a href=\"https:\/\/www.frohsinn-pudel.de\/wp-content\/uploads\/2025\/02\/20250125_212741.jpg\"><img loading=\"lazy\" decoding=\"async\" class=\"alignnone size-medium wp-image-4549\" src=\"https:\/\/www.frohsinn-pudel.de\/wp-content\/uploads\/2025\/02\/20250125_212741-225x300.jpg\" alt=\"\" width=\"225\" height=\"300\" srcset=\"https:\/\/www.frohsinn-pudel.de\/wp-content\/uploads\/2025\/02\/20250125_212741-225x300.jpg 225w, https:\/\/www.frohsinn-pudel.de\/wp-content\/uploads\/2025\/02\/20250125_212741-768x1024.jpg 768w, https:\/\/www.frohsinn-pudel.de\/wp-content\/uploads\/2025\/02\/20250125_212741-1152x1536.jpg 1152w, https:\/\/www.frohsinn-pudel.de\/wp-content\/uploads\/2025\/02\/20250125_212741.jpg 1440w\" sizes=\"auto, (max-width: 225px) 100vw, 225px\" \/><\/a><\/p>\n<\/div>\n<p>&nbsp;<\/p>\n<p><em>Liebe Familie F\u00fcnfsinn,<\/em><\/p>\n<p><em>die Fahrt nach Mainz hat wunderbar geklappt. Nami war sehr zufrieden auf dem Scho\u00df unserer Tochter. Zuhause hat sie etwas Zeit gebraucht um sich zu trauen ihre neue Umgebung zu erkunden. Da hat ihr ein Ausflug in unseren Garten mit ausgelassenem Spielen geholfen. Jetzt ist sie todm\u00fcde mitten im Wohnzimmer eingeschlafen. Wir sind sehr froh mit unserer s\u00fc\u00dfen kleinen neuen Mitbewohnerin!<\/em><\/p>\n<p><a href=\"https:\/\/www.frohsinn-pudel.de\/wp-content\/uploads\/2025\/02\/IMG_6710.jpeg\"><img loading=\"lazy\" decoding=\"async\" class=\"alignnone size-medium wp-image-4550\" src=\"https:\/\/www.frohsinn-pudel.de\/wp-content\/uploads\/2025\/02\/IMG_6710-225x300.jpeg\" alt=\"\" width=\"225\" height=\"300\" srcset=\"https:\/\/www.frohsinn-pudel.de\/wp-content\/uploads\/2025\/02\/IMG_6710-225x300.jpeg 225w, https:\/\/www.frohsinn-pudel.de\/wp-content\/uploads\/2025\/02\/IMG_6710-768x1024.jpeg 768w, https:\/\/www.frohsinn-pudel.de\/wp-content\/uploads\/2025\/02\/IMG_6710-1152x1536.jpeg 1152w, https:\/\/www.frohsinn-pudel.de\/wp-content\/uploads\/2025\/02\/IMG_6710.jpeg 1440w\" sizes=\"auto, (max-width: 225px) 100vw, 225px\" \/><\/a><\/p>\n<p>&nbsp;<\/p>\n<p><em>Hallo Elke. Kleiner Zwischenstand:<\/em><br \/>\n<em>Henry ist mittlerweile ganz sch\u00f6n aufgeschlossen und wird auch ab und zu mal etwas frech. Aber ich denke dass ist normal, da er sich jetzt so langsam an dan neue Umfeld gew\u00f6hnt. <\/em><br \/>\n<em>Interessant ist, dass er wirklich jeden Tag etwas zu wachsen scheint. Man kann es schon fast sehen. Der erste Erfolg ist aber auch schon da: Er h\u00f6rt auf seinen Namen und kommt auch in den meisten F\u00e4llen, wenn man ihn ruft. \ud83d\ude0a<\/em><\/p>\n<p><a href=\"https:\/\/www.frohsinn-pudel.de\/wp-content\/uploads\/2025\/02\/WhatsApp-Image-2025-01-20-at-20.10.56.jpeg\"><img loading=\"lazy\" decoding=\"async\" class=\"alignnone size-medium wp-image-4553\" src=\"https:\/\/www.frohsinn-pudel.de\/wp-content\/uploads\/2025\/02\/WhatsApp-Image-2025-01-20-at-20.10.56-169x300.jpeg\" alt=\"\" width=\"169\" height=\"300\" srcset=\"https:\/\/www.frohsinn-pudel.de\/wp-content\/uploads\/2025\/02\/WhatsApp-Image-2025-01-20-at-20.10.56-169x300.jpeg 169w, https:\/\/www.frohsinn-pudel.de\/wp-content\/uploads\/2025\/02\/WhatsApp-Image-2025-01-20-at-20.10.56-576x1024.jpeg 576w, https:\/\/www.frohsinn-pudel.de\/wp-content\/uploads\/2025\/02\/WhatsApp-Image-2025-01-20-at-20.10.56-768x1365.jpeg 768w, https:\/\/www.frohsinn-pudel.de\/wp-content\/uploads\/2025\/02\/WhatsApp-Image-2025-01-20-at-20.10.56-864x1536.jpeg 864w, https:\/\/www.frohsinn-pudel.de\/wp-content\/uploads\/2025\/02\/WhatsApp-Image-2025-01-20-at-20.10.56.jpeg 1080w\" sizes=\"auto, (max-width: 169px) 100vw, 169px\" \/><\/a><\/p>\n<p>&nbsp;<\/p>\n<p><em>Guten Morgen zusammen Nash f\u00fchlt sich wohl in seinem neuen zu Hause. Er versucht immer ein bisschen zu testen ob er noch mehr erkunden kann.Aber er macht uns viel Freude \ud83d\ude03 liebe Gr\u00fc\u00dfe von uns dreien<\/em><\/p>\n<p><a href=\"https:\/\/www.frohsinn-pudel.de\/wp-content\/uploads\/2025\/02\/WhatsApp-Image-2025-01-20-at-10.20.51.jpeg\"><img loading=\"lazy\" decoding=\"async\" class=\"alignnone size-medium wp-image-4555\" src=\"https:\/\/www.frohsinn-pudel.de\/wp-content\/uploads\/2025\/02\/WhatsApp-Image-2025-01-20-at-10.20.51-225x300.jpeg\" alt=\"\" width=\"225\" height=\"300\" srcset=\"https:\/\/www.frohsinn-pudel.de\/wp-content\/uploads\/2025\/02\/WhatsApp-Image-2025-01-20-at-10.20.51-225x300.jpeg 225w, https:\/\/www.frohsinn-pudel.de\/wp-content\/uploads\/2025\/02\/WhatsApp-Image-2025-01-20-at-10.20.51-768x1024.jpeg 768w, https:\/\/www.frohsinn-pudel.de\/wp-content\/uploads\/2025\/02\/WhatsApp-Image-2025-01-20-at-10.20.51-1152x1536.jpeg 1152w, https:\/\/www.frohsinn-pudel.de\/wp-content\/uploads\/2025\/02\/WhatsApp-Image-2025-01-20-at-10.20.51.jpeg 1200w\" sizes=\"auto, (max-width: 225px) 100vw, 225px\" \/><\/a><\/p>\n","protected":false},"excerpt":{"rendered":"<p>Eine kleine Auswahl der R\u00fcckmeldungen, die wir erhalten haben&#8230; Hallo Familie F\u00fcnfsinn ! Die erste Woche mit Noodles ist vor\u00fcber [&hellip;]<\/p>\n","protected":false},"author":2,"featured_media":4549,"comment_status":"closed","ping_status":"closed","sticky":false,"template":"","format":"standard","meta":{"footnotes":""},"categories":[18],"tags":[],"class_list":["post-4547","post","type-post","status-publish","format-standard","has-post-thumbnail","hentry","category-camillas-welpen"],"_links":{"self":[{"href":"https:\/\/www.frohsinn-pudel.de\/index.php?rest_route=\/wp\/v2\/posts\/4547","targetHints":{"allow":["GET"]}}],"collection":[{"href":"https:\/\/www.frohsinn-pudel.de\/index.php?rest_route=\/wp\/v2\/posts"}],"about":[{"href":"https:\/\/www.frohsinn-pudel.de\/index.php?rest_route=\/wp\/v2\/types\/post"}],"author":[{"embeddable":true,"href":"https:\/\/www.frohsinn-pudel.de\/index.php?rest_route=\/wp\/v2\/users\/2"}],"replies":[{"embeddable":true,"href":"https:\/\/www.frohsinn-pudel.de\/index.php?rest_route=%2Fwp%2Fv2%2Fcomments&post=4547"}],"version-history":[{"count":4,"href":"https:\/\/www.frohsinn-pudel.de\/index.php?rest_route=\/wp\/v2\/posts\/4547\/revisions"}],"predecessor-version":[{"id":4556,"href":"https:\/\/www.frohsinn-pudel.de\/index.php?rest_route=\/wp\/v2\/posts\/4547\/revisions\/4556"}],"wp:featuredmedia":[{"embeddable":true,"href":"https:\/\/www.frohsinn-pudel.de\/index.php?rest_route=\/wp\/v2\/media\/4549"}],"wp:attachment":[{"href":"https:\/\/www.frohsinn-pudel.de\/index.php?rest_route=%2Fwp%2Fv2%2Fmedia&parent=4547"}],"wp:term":[{"taxonomy":"category","embeddable":true,"href":"https:\/\/www.frohsinn-pudel.de\/index.php?rest_route=%2Fwp%2Fv2%2Fcategories&post=4547"},{"taxonomy":"post_tag","embeddable":true,"href":"https:\/\/www.frohsinn-pudel.de\/index.php?rest_route=%2Fwp%2Fv2%2Ftags&post=4547"}],"curies":[{"name":"wp","href":"https:\/\/api.w.org\/{rel}","templated":true}]}}