{"id":4616,"date":"2025-10-25T19:07:59","date_gmt":"2025-10-25T17:07:59","guid":{"rendered":"https:\/\/www.frohsinn-pudel.de\/?p=4616"},"modified":"2025-11-25T08:04:40","modified_gmt":"2025-11-25T07:04:40","slug":"neues-von-camilla","status":"publish","type":"post","link":"https:\/\/www.frohsinn-pudel.de\/?p=4616","title":{"rendered":"Neues von Camilla"},"content":{"rendered":"<p>Jetzt sind wir sicher, dass Camilla tr\u00e4chtig ist. Der Bauch hat eine kleine W\u00f6lbung. Man kann noch nicht viel sehen, aber bei Camilla dauert es immer recht lange, bis sie zulegt.<\/p>\n<p>Wir haben letzte Woche noch ein paar sch\u00f6ne Herbstmomente gehabt, bevor dann der Dauerregen loslegte. Heute gab es nur 2 kurze Runden im Regen. Das macht nicht wirklich Spa\u00df.<\/p>\n<p>Auf dem Foto ist unser Rudel und Elly &#8211; eine Tochter von Baja.<\/p>\n<p><a href=\"https:\/\/www.frohsinn-pudel.de\/wp-content\/uploads\/2025\/10\/1761410971571.jpg\"><img loading=\"lazy\" decoding=\"async\" class=\"alignnone size-medium wp-image-4617\" src=\"https:\/\/www.frohsinn-pudel.de\/wp-content\/uploads\/2025\/10\/1761410971571-300x225.jpg\" alt=\"\" width=\"300\" height=\"225\" srcset=\"https:\/\/www.frohsinn-pudel.de\/wp-content\/uploads\/2025\/10\/1761410971571-300x225.jpg 300w, https:\/\/www.frohsinn-pudel.de\/wp-content\/uploads\/2025\/10\/1761410971571-1024x769.jpg 1024w, https:\/\/www.frohsinn-pudel.de\/wp-content\/uploads\/2025\/10\/1761410971571-768x577.jpg 768w, https:\/\/www.frohsinn-pudel.de\/wp-content\/uploads\/2025\/10\/1761410971571-1536x1154.jpg 1536w, https:\/\/www.frohsinn-pudel.de\/wp-content\/uploads\/2025\/10\/1761410971571.jpg 1920w\" sizes=\"auto, (max-width: 300px) 100vw, 300px\" \/><\/a><\/p>\n<p>Von links nach rechts<\/p>\n<p>Giacomo &#8211; er ist schon 14 Jahre alt aber immer mit dabei. Er l\u00e4uft alle Runden mit und geht auch noch mit in die Schule. Er liebt die Schule. Eigentlich wollte ich ihn schon vor Jahren in die Rente schicken. Aber das geht gar nicht.<\/p>\n<p>Dann kommt Elly &#8211; &#8218;unser&#8216; Wirbelwind<\/p>\n<p>Julchen immer aufmerksam. Sie lernt total gerne und geht sehr gerne mit zur Schule. Die Kinder bringen ihr manchmal Kunstst\u00fccke bei. Sie ist immer mittendrin, liegt am liebsten vor der Tafel oder im Gang zwischen den Tischen. Hauptsache jeder der vorbei kommt, streichelt sie mal. F\u00fcr sie ist es auch ok, wenn mehrere Kinder gleichzeitig bei ihr sind.<\/p>\n<p>Neben Julchen ist Camilla. Sie geht auch sehr gerne mit in die Schule. Aber in der Klasse braucht sie ihren R\u00fcckzugsort und liegt, wenn sie nicht arbeiten darf, gerne in ihrer Box. Sie kann nicht so viele Kinder auf einmal vertragen, baut daf\u00fcr aber eine Beziehung zu einzelnen Kindern auf. Wenn sie ein Kind besser kennt, arbeitet sie gerne mit und l\u00e4sst sich auf das Kind ein.<\/p>\n<p>Dann kommt Julie &#8211; sie ist schon 13 Jahre alt. Julie ging gerne in die Schule. Ich habe aber gemerkt, dass es ihr mittlerweile etwas zu viel wird. Deshalb ist sie seit diesem Schuljahr in Rente. Sie l\u00e4uft genau wie Giacomo alle Runden mit und l\u00e4uft sogar h\u00e4ufig vorneweg.<\/p>\n<p>Und unser Prinzesschen Baja. Sie arbeitet total gerne und braucht immer eine Aufgabe. Sie geht nicht mir zur Schule, da sie gerne alles kontrolliert und ihr das Kontrollieren so vieler Kinder etwas Stress bereitet. Baja ist 9 Jahre alt.<\/p>\n","protected":false},"excerpt":{"rendered":"<p>Jetzt sind wir sicher, dass Camilla tr\u00e4chtig ist. Der Bauch hat eine kleine W\u00f6lbung. Man kann noch nicht viel sehen, [&hellip;]<\/p>\n","protected":false},"author":1,"featured_media":0,"comment_status":"closed","ping_status":"closed","sticky":false,"template":"","format":"standard","meta":{"footnotes":""},"categories":[18],"tags":[],"class_list":["post-4616","post","type-post","status-publish","format-standard","hentry","category-camillas-welpen"],"_links":{"self":[{"href":"https:\/\/www.frohsinn-pudel.de\/index.php?rest_route=\/wp\/v2\/posts\/4616","targetHints":{"allow":["GET"]}}],"collection":[{"href":"https:\/\/www.frohsinn-pudel.de\/index.php?rest_route=\/wp\/v2\/posts"}],"about":[{"href":"https:\/\/www.frohsinn-pudel.de\/index.php?rest_route=\/wp\/v2\/types\/post"}],"author":[{"embeddable":true,"href":"https:\/\/www.frohsinn-pudel.de\/index.php?rest_route=\/wp\/v2\/users\/1"}],"replies":[{"embeddable":true,"href":"https:\/\/www.frohsinn-pudel.de\/index.php?rest_route=%2Fwp%2Fv2%2Fcomments&post=4616"}],"version-history":[{"count":4,"href":"https:\/\/www.frohsinn-pudel.de\/index.php?rest_route=\/wp\/v2\/posts\/4616\/revisions"}],"predecessor-version":[{"id":4621,"href":"https:\/\/www.frohsinn-pudel.de\/index.php?rest_route=\/wp\/v2\/posts\/4616\/revisions\/4621"}],"wp:attachment":[{"href":"https:\/\/www.frohsinn-pudel.de\/index.php?rest_route=%2Fwp%2Fv2%2Fmedia&parent=4616"}],"wp:term":[{"taxonomy":"category","embeddable":true,"href":"https:\/\/www.frohsinn-pudel.de\/index.php?rest_route=%2Fwp%2Fv2%2Fcategories&post=4616"},{"taxonomy":"post_tag","embeddable":true,"href":"https:\/\/www.frohsinn-pudel.de\/index.php?rest_route=%2Fwp%2Fv2%2Ftags&post=4616"}],"curies":[{"name":"wp","href":"https:\/\/api.w.org\/{rel}","templated":true}]}}