{"id":463,"date":"2016-07-21T22:04:20","date_gmt":"2016-07-21T20:04:20","guid":{"rendered":"http:\/\/www.frohsinn-pudel.de\/?p=463"},"modified":"2016-07-21T22:04:20","modified_gmt":"2016-07-21T20:04:20","slug":"endspurt","status":"publish","type":"post","link":"https:\/\/www.frohsinn-pudel.de\/?p=463","title":{"rendered":"Endspurt"},"content":{"rendered":"<p>Jetzt m\u00fcssen wir nicht mehr lange warten. N\u00e4chste Woche werden die Welpen kommen. Es wird auch langsam Zeit. Julie ist ziemlich dick (meine Nichte meint &#8218;rund&#8216;) geworden und tut sich schon recht schwer mit dem Alltag. Manchmal l\u00e4uft sie noch mit Begeisterung und recht flott eine gro\u00dfe Runde und manchmal l\u00e4sst sie den Kopf h\u00e4ngen und schleicht hinter mir her. Dann gehen wir eben wieder nach Hause. Sie kann ja auch alles im Garten erledigen.<\/p>\n<p>Die Wurfkiste steht seit einer Woche an ihrem Platz. Da Julie schon seit einiger Zeit in Giacos Schlafbox (die eher f\u00fcr einen Kleinpudel geeignet w\u00e4re) krabbelt, habe ich ihr eine H\u00f6hle gebaut.<\/p>\n<p><a href=\"https:\/\/www.frohsinn-pudel.de\/wp-content\/uploads\/2016\/07\/20160720_1300591-e1469130224896.jpg\"><img loading=\"lazy\" decoding=\"async\" class=\"alignnone size-medium wp-image-464\" src=\"https:\/\/www.frohsinn-pudel.de\/wp-content\/uploads\/2016\/07\/20160720_1300591-e1469130224896-225x300.jpg\" alt=\"20160720_130059[1]\" width=\"225\" height=\"300\" srcset=\"https:\/\/www.frohsinn-pudel.de\/wp-content\/uploads\/2016\/07\/20160720_1300591-e1469130224896-225x300.jpg 225w, https:\/\/www.frohsinn-pudel.de\/wp-content\/uploads\/2016\/07\/20160720_1300591-e1469130224896.jpg 1440w\" sizes=\"auto, (max-width: 225px) 100vw, 225px\" \/><\/a><\/p>\n<p>Ich habe einfach ein Spannbettuch dar\u00fcber gespannt. An den Seiten ist es unter die Kiste geklemmt. Man kann es bei Bedarf ganz leicht abheben.<\/p>\n<p><a href=\"https:\/\/www.frohsinn-pudel.de\/wp-content\/uploads\/2016\/07\/20160720_1301081-e1469130203217.jpg\"><img loading=\"lazy\" decoding=\"async\" class=\"alignnone size-medium wp-image-465\" src=\"https:\/\/www.frohsinn-pudel.de\/wp-content\/uploads\/2016\/07\/20160720_1301081-e1469130203217-225x300.jpg\" alt=\"20160720_130108[1]\" width=\"225\" height=\"300\" srcset=\"https:\/\/www.frohsinn-pudel.de\/wp-content\/uploads\/2016\/07\/20160720_1301081-e1469130203217-225x300.jpg 225w, https:\/\/www.frohsinn-pudel.de\/wp-content\/uploads\/2016\/07\/20160720_1301081-e1469130203217.jpg 1440w\" sizes=\"auto, (max-width: 225px) 100vw, 225px\" \/><\/a><\/p>\n<p>Und so gem\u00fctlich sieht es innen aus. Mit ganz viel Material zum Nestbau. Wenn das nicht verlockend ist.<\/p>\n<p>Aber Julie ist trotzdem in Giacos Box gegangen. Gestern war sie allerdings das erste Mal in ihrer Wurfkiste und hat nachmittags darin geschlafen. Nachts liegt sie im Moment lieber auf den k\u00fchlen Fliesen im Flur.<\/p>\n<p>Und so sieht der Dickmops jetzt aus. Diese Lage nimmt sie im Moment gerne ein.<\/p>\n<p><a href=\"https:\/\/www.frohsinn-pudel.de\/wp-content\/uploads\/2016\/07\/20160720_1301391-e1469130910515.jpg\"><img loading=\"lazy\" decoding=\"async\" class=\"alignnone size-medium wp-image-468\" src=\"https:\/\/www.frohsinn-pudel.de\/wp-content\/uploads\/2016\/07\/20160720_1301391-e1469130910515-300x225.jpg\" alt=\"20160720_130139[1]\" width=\"300\" height=\"225\" srcset=\"https:\/\/www.frohsinn-pudel.de\/wp-content\/uploads\/2016\/07\/20160720_1301391-e1469130910515-300x225.jpg 300w, https:\/\/www.frohsinn-pudel.de\/wp-content\/uploads\/2016\/07\/20160720_1301391-e1469130910515.jpg 1920w\" sizes=\"auto, (max-width: 300px) 100vw, 300px\" \/><\/a><\/p>\n<p>Sie hat keinen H\u00e4ngebauch und viele Leute fragen mich, wer denn von den beiden tr\u00e4chtig ist. Aber wenn man von oben schaut, meint man, dass sie doppelt so dick geworden ist. Nach den Rippen wird sie breiter. Heute habe ich das erste mal kleine Tritte gesp\u00fcrt. Sonst wollte Julie nicht so gerne am Bauch gestreichelt werden und heute hat sie mir immer den Bauch hingehalten. Da konnte ich meine Hand einfach mal liegen lassen. Jetzt verstehe ich auch, warum sie manchmal so tief durchatmet. Die Tritte sind von innen bestimmt nicht so angenehm.<\/p>\n<p>Ich finde, es wird jetzt langsam Zeit. Aber ein paar Tage muss Julie noch durchhalten. Fr\u00fchestens am Montag k\u00f6nnen die Welpen kommen. Freitag w\u00e4re der errechnete Termin.<\/p>\n<p>&nbsp;<\/p>\n<p>&nbsp;<\/p>\n<p>&nbsp;<\/p>\n<p>&nbsp;<\/p>\n","protected":false},"excerpt":{"rendered":"<p>Jetzt m\u00fcssen wir nicht mehr lange warten. N\u00e4chste Woche werden die Welpen kommen. Es wird auch langsam Zeit. Julie ist [&hellip;]<\/p>\n","protected":false},"author":1,"featured_media":0,"comment_status":"closed","ping_status":"closed","sticky":false,"template":"","format":"standard","meta":{"footnotes":""},"categories":[1],"tags":[],"class_list":["post-463","post","type-post","status-publish","format-standard","hentry","category-allgemein"],"_links":{"self":[{"href":"https:\/\/www.frohsinn-pudel.de\/index.php?rest_route=\/wp\/v2\/posts\/463","targetHints":{"allow":["GET"]}}],"collection":[{"href":"https:\/\/www.frohsinn-pudel.de\/index.php?rest_route=\/wp\/v2\/posts"}],"about":[{"href":"https:\/\/www.frohsinn-pudel.de\/index.php?rest_route=\/wp\/v2\/types\/post"}],"author":[{"embeddable":true,"href":"https:\/\/www.frohsinn-pudel.de\/index.php?rest_route=\/wp\/v2\/users\/1"}],"replies":[{"embeddable":true,"href":"https:\/\/www.frohsinn-pudel.de\/index.php?rest_route=%2Fwp%2Fv2%2Fcomments&post=463"}],"version-history":[{"count":2,"href":"https:\/\/www.frohsinn-pudel.de\/index.php?rest_route=\/wp\/v2\/posts\/463\/revisions"}],"predecessor-version":[{"id":469,"href":"https:\/\/www.frohsinn-pudel.de\/index.php?rest_route=\/wp\/v2\/posts\/463\/revisions\/469"}],"wp:attachment":[{"href":"https:\/\/www.frohsinn-pudel.de\/index.php?rest_route=%2Fwp%2Fv2%2Fmedia&parent=463"}],"wp:term":[{"taxonomy":"category","embeddable":true,"href":"https:\/\/www.frohsinn-pudel.de\/index.php?rest_route=%2Fwp%2Fv2%2Fcategories&post=463"},{"taxonomy":"post_tag","embeddable":true,"href":"https:\/\/www.frohsinn-pudel.de\/index.php?rest_route=%2Fwp%2Fv2%2Ftags&post=463"}],"curies":[{"name":"wp","href":"https:\/\/api.w.org\/{rel}","templated":true}]}}