{"id":4631,"date":"2025-11-06T14:23:44","date_gmt":"2025-11-06T13:23:44","guid":{"rendered":"https:\/\/www.frohsinn-pudel.de\/?p=4631"},"modified":"2025-11-25T08:04:26","modified_gmt":"2025-11-25T07:04:26","slug":"geburtstagsgruesse-3","status":"publish","type":"post","link":"https:\/\/www.frohsinn-pudel.de\/?p=4631","title":{"rendered":"Geburtstagsgr\u00fc\u00dfe"},"content":{"rendered":"<p>Liebe Familie F\u00fcnfsinn,<\/p>\n<div><\/div>\n<div>Floki gr\u00fc\u00dft seine Wurfgeschwister und w\u00fcnscht alles Gute zum 2. Geburtstag!<\/div>\n<div><\/div>\n<div>Momentan hat uns die Grippewelle erwischt. Erst mich und jetzt auch meinen Mann. Das hei\u00dft f\u00fcr Floki erst einmal, weniger Action. Aber er merkt, dass wir nicht so fit sind und nimmt es hin, dass die Gassirunden etwas k\u00fcrzer ausfallen und wir den Tag \u00fcber h\u00e4ufiger auf der Couch schlafen; er legt sich dann einfach dazu\u00a0<img decoding=\"async\" class=\"an1 CToWUd\" draggable=\"false\" src=\"https:\/\/fonts.gstatic.com\/s\/e\/notoemoji\/16.0\/1f970\/32.png\" alt=\"\ud83e\udd70\" data-emoji=\"\ud83e\udd70\" aria-label=\"\ud83e\udd70\" data-bit=\"iit\" \/><\/div>\n<div><\/div>\n<div>Anbei noch ein paar aktuelle Bilder und was f\u00fcr die Statistik&#8230; Floki ist 46 cm und wiegt 10,5 kg.<\/div>\n<div><\/div>\n<div>Viele Gr\u00fc\u00dfe aus der Pfalz<\/div>\n<div><a href=\"https:\/\/www.frohsinn-pudel.de\/wp-content\/uploads\/2025\/11\/20251011_183213.jpg\"><img loading=\"lazy\" decoding=\"async\" class=\"alignnone size-medium wp-image-4633\" src=\"https:\/\/www.frohsinn-pudel.de\/wp-content\/uploads\/2025\/11\/20251011_183213-169x300.jpg\" alt=\"\" width=\"169\" height=\"300\" srcset=\"https:\/\/www.frohsinn-pudel.de\/wp-content\/uploads\/2025\/11\/20251011_183213-169x300.jpg 169w, https:\/\/www.frohsinn-pudel.de\/wp-content\/uploads\/2025\/11\/20251011_183213-577x1024.jpg 577w, https:\/\/www.frohsinn-pudel.de\/wp-content\/uploads\/2025\/11\/20251011_183213-768x1364.jpg 768w, https:\/\/www.frohsinn-pudel.de\/wp-content\/uploads\/2025\/11\/20251011_183213-865x1536.jpg 865w, https:\/\/www.frohsinn-pudel.de\/wp-content\/uploads\/2025\/11\/20251011_183213.jpg 1081w\" sizes=\"auto, (max-width: 169px) 100vw, 169px\" \/><\/a><a href=\"https:\/\/www.frohsinn-pudel.de\/wp-content\/uploads\/2025\/11\/20251101_084636.jpg\"><img loading=\"lazy\" decoding=\"async\" class=\"alignnone size-medium wp-image-4632\" src=\"https:\/\/www.frohsinn-pudel.de\/wp-content\/uploads\/2025\/11\/20251101_084636-169x300.jpg\" alt=\"\" width=\"169\" height=\"300\" srcset=\"https:\/\/www.frohsinn-pudel.de\/wp-content\/uploads\/2025\/11\/20251101_084636-169x300.jpg 169w, https:\/\/www.frohsinn-pudel.de\/wp-content\/uploads\/2025\/11\/20251101_084636-577x1024.jpg 577w, https:\/\/www.frohsinn-pudel.de\/wp-content\/uploads\/2025\/11\/20251101_084636-768x1364.jpg 768w, https:\/\/www.frohsinn-pudel.de\/wp-content\/uploads\/2025\/11\/20251101_084636-865x1536.jpg 865w, https:\/\/www.frohsinn-pudel.de\/wp-content\/uploads\/2025\/11\/20251101_084636.jpg 1081w\" sizes=\"auto, (max-width: 169px) 100vw, 169px\" \/><\/a><\/div>\n<div><\/div>\n<div>\n<p>Liebe Familie F\u00fcnfsinn,<\/p>\n<p>ich hoffe es geht euch und den Hunden gut. Wir wollen zum zweiten Geburtstag des M-Wurfs einmal liebe Gl\u00fcckw\u00fcnsche an die Wurfgeschwister schicken! Und nat\u00fcrlich wollen wir uns mal wieder mit einem kleinen Update zu unserem Momo melden.<br \/>\nUns allen geht es gut, Momo ist super in unserem Alltag integriert. Er liebt es mit uns zu kuscheln und zu spielen, aber er kann auch gut entspannen und bei Bedarf alleine bleiben. Das muss er aber sehr selten, wenn wir mal ohne ihn unterwegs sind, ist er sehr gerne bei meinen Eltern, auch \u00fcber Nacht bei Bedarf. Er ist \u00fcberhaupt sehr umg\u00e4nglich mit allen Menschen (auch Kindern) und allen Hunden (immer zum Spielen aufgelegt, bellt nie zur\u00fcck wenn ein anderer Hund p\u00f6belt). Wir haben bis zum Sommer immer noch regelm\u00e4\u00dfig die Hundeschule besucht, mal im offenen Training und zuletzt nochmal mit einem Kurs zur Leinenf\u00fchrigkeit (hat sich gelohnt!). Im September haben wir geheiratet und Momo war nat\u00fcrlich mit dabei \u2013 ein paar Fotos schicke ich mit. Jetzt \u00fcber den Herbst\/Winter wollen wir ein bisschen Tricktraining mit Momo machen, daran hat er bisher Spa\u00df und wir k\u00f6nnen uns gut gemeinsam drinnen besch\u00e4ftigen. Er wiegt jetzt \u00fcbrigens 13 kg ziemlich konstant schon seit einigen Monaten. Die Hormone spielen manchmal noch ein bisschen verr\u00fcckt, aber das ist schon wieder besser geworden.<br \/>\nWir haben auf jeden Fall viel Freude an und mit unserem Momo \ud83d\ude42<\/p>\n<p>Wir w\u00fcnschen euch alles Gute, auch mit Camillas n\u00e4chstem Wurf!<\/p>\n<p><a href=\"https:\/\/www.frohsinn-pudel.de\/wp-content\/uploads\/2025\/11\/Teresa-Tim-235.jpeg\"><img loading=\"lazy\" decoding=\"async\" class=\"alignnone size-medium wp-image-4635\" src=\"https:\/\/www.frohsinn-pudel.de\/wp-content\/uploads\/2025\/11\/Teresa-Tim-235-300x225.jpeg\" alt=\"\" width=\"300\" height=\"225\" srcset=\"https:\/\/www.frohsinn-pudel.de\/wp-content\/uploads\/2025\/11\/Teresa-Tim-235-300x225.jpeg 300w, https:\/\/www.frohsinn-pudel.de\/wp-content\/uploads\/2025\/11\/Teresa-Tim-235-1024x768.jpeg 1024w, https:\/\/www.frohsinn-pudel.de\/wp-content\/uploads\/2025\/11\/Teresa-Tim-235-768x576.jpeg 768w, https:\/\/www.frohsinn-pudel.de\/wp-content\/uploads\/2025\/11\/Teresa-Tim-235.jpeg 1280w\" sizes=\"auto, (max-width: 300px) 100vw, 300px\" \/><\/a> <a href=\"https:\/\/www.frohsinn-pudel.de\/wp-content\/uploads\/2025\/11\/Teresa-Tim-80.jpeg\"><img loading=\"lazy\" decoding=\"async\" class=\"alignnone size-medium wp-image-4636\" src=\"https:\/\/www.frohsinn-pudel.de\/wp-content\/uploads\/2025\/11\/Teresa-Tim-80-200x300.jpeg\" alt=\"\" width=\"200\" height=\"300\" srcset=\"https:\/\/www.frohsinn-pudel.de\/wp-content\/uploads\/2025\/11\/Teresa-Tim-80-200x300.jpeg 200w, https:\/\/www.frohsinn-pudel.de\/wp-content\/uploads\/2025\/11\/Teresa-Tim-80-682x1024.jpeg 682w, https:\/\/www.frohsinn-pudel.de\/wp-content\/uploads\/2025\/11\/Teresa-Tim-80-768x1152.jpeg 768w, https:\/\/www.frohsinn-pudel.de\/wp-content\/uploads\/2025\/11\/Teresa-Tim-80.jpeg 853w\" sizes=\"auto, (max-width: 200px) 100vw, 200px\" \/><\/a> <a href=\"https:\/\/www.frohsinn-pudel.de\/wp-content\/uploads\/2025\/11\/IMG_3607.jpeg\"><img loading=\"lazy\" decoding=\"async\" class=\"alignnone size-medium wp-image-4637\" src=\"https:\/\/www.frohsinn-pudel.de\/wp-content\/uploads\/2025\/11\/IMG_3607-300x225.jpeg\" alt=\"\" width=\"300\" height=\"225\" srcset=\"https:\/\/www.frohsinn-pudel.de\/wp-content\/uploads\/2025\/11\/IMG_3607-300x225.jpeg 300w, https:\/\/www.frohsinn-pudel.de\/wp-content\/uploads\/2025\/11\/IMG_3607-1024x768.jpeg 1024w, https:\/\/www.frohsinn-pudel.de\/wp-content\/uploads\/2025\/11\/IMG_3607-768x576.jpeg 768w, https:\/\/www.frohsinn-pudel.de\/wp-content\/uploads\/2025\/11\/IMG_3607.jpeg 1280w\" sizes=\"auto, (max-width: 300px) 100vw, 300px\" \/><\/a><\/p>\n<\/div>\n<p>Vielen lieben Dank f\u00fcr die sch\u00f6nen Fotos und Berichte.<\/p>\n","protected":false},"excerpt":{"rendered":"<p>Liebe Familie F\u00fcnfsinn, Floki gr\u00fc\u00dft seine Wurfgeschwister und w\u00fcnscht alles Gute zum 2. Geburtstag! Momentan hat uns die Grippewelle erwischt. [&hellip;]<\/p>\n","protected":false},"author":1,"featured_media":4634,"comment_status":"closed","ping_status":"closed","sticky":false,"template":"","format":"standard","meta":{"footnotes":""},"categories":[18],"tags":[],"class_list":["post-4631","post","type-post","status-publish","format-standard","has-post-thumbnail","hentry","category-camillas-welpen"],"_links":{"self":[{"href":"https:\/\/www.frohsinn-pudel.de\/index.php?rest_route=\/wp\/v2\/posts\/4631","targetHints":{"allow":["GET"]}}],"collection":[{"href":"https:\/\/www.frohsinn-pudel.de\/index.php?rest_route=\/wp\/v2\/posts"}],"about":[{"href":"https:\/\/www.frohsinn-pudel.de\/index.php?rest_route=\/wp\/v2\/types\/post"}],"author":[{"embeddable":true,"href":"https:\/\/www.frohsinn-pudel.de\/index.php?rest_route=\/wp\/v2\/users\/1"}],"replies":[{"embeddable":true,"href":"https:\/\/www.frohsinn-pudel.de\/index.php?rest_route=%2Fwp%2Fv2%2Fcomments&post=4631"}],"version-history":[{"count":1,"href":"https:\/\/www.frohsinn-pudel.de\/index.php?rest_route=\/wp\/v2\/posts\/4631\/revisions"}],"predecessor-version":[{"id":4638,"href":"https:\/\/www.frohsinn-pudel.de\/index.php?rest_route=\/wp\/v2\/posts\/4631\/revisions\/4638"}],"wp:featuredmedia":[{"embeddable":true,"href":"https:\/\/www.frohsinn-pudel.de\/index.php?rest_route=\/wp\/v2\/media\/4634"}],"wp:attachment":[{"href":"https:\/\/www.frohsinn-pudel.de\/index.php?rest_route=%2Fwp%2Fv2%2Fmedia&parent=4631"}],"wp:term":[{"taxonomy":"category","embeddable":true,"href":"https:\/\/www.frohsinn-pudel.de\/index.php?rest_route=%2Fwp%2Fv2%2Fcategories&post=4631"},{"taxonomy":"post_tag","embeddable":true,"href":"https:\/\/www.frohsinn-pudel.de\/index.php?rest_route=%2Fwp%2Fv2%2Ftags&post=4631"}],"curies":[{"name":"wp","href":"https:\/\/api.w.org\/{rel}","templated":true}]}}