{"id":4651,"date":"2025-11-25T07:48:27","date_gmt":"2025-11-25T06:48:27","guid":{"rendered":"https:\/\/www.frohsinn-pudel.de\/?p=4651"},"modified":"2025-11-25T08:01:50","modified_gmt":"2025-11-25T07:01:50","slug":"geburtstagsgruesse-4","status":"publish","type":"post","link":"https:\/\/www.frohsinn-pudel.de\/?p=4651","title":{"rendered":"Geburtstagsgr\u00fc\u00dfe"},"content":{"rendered":"<p>Liebe F\u00fcnfsinns,<\/p>\n<p>jetzt haben wir hier schon den ersten Hundegeburtstag gefeiert \u2013 im letzten Jahr um diese Zeit dachten wir noch, unser Hundebaby komme erst im Dezember auf die Welt. Aber Nino sollte wohl zu uns \u2013 und wir sind so froh, dass er da ist! Ein so liebes Kerlchen! \u2013 Naja nicht immer, aber selbst die Zeiten, in denen er das \u201ePubertier\u201c heraush\u00e4ngen l\u00e4sst, haben ihren Charm, es wird nie langweilig und es wird hier noch ein bisschen mehr gelacht als zuvor.<\/p>\n<p>Er hat noch so seine Probleme damit, zu akzeptieren, dass der Dobermann aus dem Nachbardorf einfach kein optimaler Spiel-Kumpel f\u00fcr ihn ist, will immer zu ihm, wenn er hier vorbei spaziert, offenbar h\u00e4lt er sich f\u00fcr einen gut ausgebildeten Kampfpudel (so ein Zaun kann ein Segen sein) \u2013 man mag halt so gerne spielen. Potentielle Einbrecher wissen gleich, was Sache ist, wenn sie an unserem Grundst\u00fcck vorbei gehen. Und solange man nur sein Bellen h\u00f6rt und ihn nicht sieht, k\u00f6nnte man wirklich meinen, wir h\u00e4tten eine scharfe Dogge im Haus. Aber ansonsten hat er in der Hundeschule ganz gut aufgepasst . Wenn er so richtig losrennt, sieht man auch, was Pudel urspr\u00fcnglich mal zur Kleintierjagd bef\u00e4higt hat: er schl\u00e4gt Haken wie ein Hase.<\/p>\n<p>Im Herbst waren wir dann ganz mutig und sind zum ersten Mal mit zwei schon recht gro\u00dfen Kindern und Hund ein paar Tage mit dem Bulli nach Bayern gefahren. Das hat Nino super mit gemacht und hatte offensichtlich seinen Spa\u00df mit uns allen auf engstem Raum.<\/p>\n<p>Er hat alle Herzen im Sturm erobert; selbst die Tante, von der wir dachten, sie kommt nicht mehr zu Besuch, wenn hier ein Hund einzieht, hat ihm gestern ein Geburtstagsst\u00e4ndchen gebellt (!) und ist \u00fcberhaupt einer seiner gr\u00f6\u00dften Fans und F\u00fcrsprecher geworden.<\/p>\n<p>Anbei senden wir auch gerne wieder ein paar Fotos (so viel zu \u201eder Hund kommt auf keinen Fall auf\u00b4s Sofa!\u201c \u2026).<\/p>\n<p>Wir hoffen, alle im Hause F\u00fcnfsinn sind wohlauf und verfolgen gespannt, was es Neues gibt, dr\u00fccken die Daumen f\u00fcr Camilla und die neuen Geschwister.<\/p>\n<p>Herzliche Gr\u00fc\u00dfe<\/p>\n<p><a href=\"https:\/\/www.frohsinn-pudel.de\/wp-content\/uploads\/2025\/11\/20251120_191503.jpg\"><img loading=\"lazy\" decoding=\"async\" class=\"alignnone size-medium wp-image-4653\" src=\"https:\/\/www.frohsinn-pudel.de\/wp-content\/uploads\/2025\/11\/20251120_191503-169x300.jpg\" alt=\"\" width=\"169\" height=\"300\" srcset=\"https:\/\/www.frohsinn-pudel.de\/wp-content\/uploads\/2025\/11\/20251120_191503-169x300.jpg 169w, https:\/\/www.frohsinn-pudel.de\/wp-content\/uploads\/2025\/11\/20251120_191503-576x1024.jpg 576w, https:\/\/www.frohsinn-pudel.de\/wp-content\/uploads\/2025\/11\/20251120_191503-768x1365.jpg 768w, https:\/\/www.frohsinn-pudel.de\/wp-content\/uploads\/2025\/11\/20251120_191503-864x1536.jpg 864w, https:\/\/www.frohsinn-pudel.de\/wp-content\/uploads\/2025\/11\/20251120_191503.jpg 1080w\" sizes=\"auto, (max-width: 169px) 100vw, 169px\" \/><\/a> <a href=\"https:\/\/www.frohsinn-pudel.de\/wp-content\/uploads\/2025\/11\/20251026_161836.jpg\"><img loading=\"lazy\" decoding=\"async\" class=\"alignnone size-medium wp-image-4654\" src=\"https:\/\/www.frohsinn-pudel.de\/wp-content\/uploads\/2025\/11\/20251026_161836-169x300.jpg\" alt=\"\" width=\"169\" height=\"300\" srcset=\"https:\/\/www.frohsinn-pudel.de\/wp-content\/uploads\/2025\/11\/20251026_161836-169x300.jpg 169w, https:\/\/www.frohsinn-pudel.de\/wp-content\/uploads\/2025\/11\/20251026_161836-576x1024.jpg 576w, https:\/\/www.frohsinn-pudel.de\/wp-content\/uploads\/2025\/11\/20251026_161836-768x1365.jpg 768w, https:\/\/www.frohsinn-pudel.de\/wp-content\/uploads\/2025\/11\/20251026_161836-864x1536.jpg 864w, https:\/\/www.frohsinn-pudel.de\/wp-content\/uploads\/2025\/11\/20251026_161836.jpg 1080w\" sizes=\"auto, (max-width: 169px) 100vw, 169px\" \/><\/a><\/p>\n<p>&nbsp;<\/p>\n<p>Liebe Familie F\u00fcnfsinn,<\/p>\n<p>heute ist Nami bereits ein Jahr geworden und wir m\u00f6chten uns erneut f\u00fcr diesen wunderbaren Hund bedanken und all ihren Br\u00fcdern zum ersten Geburtstag gratulieren.<br \/>\nNami ist weiterhin ein ganz toller Begleithund. Sie ist sehr zur\u00fcckhaltend, kann aber auch aufdrehen, spielt super gerne mit anderen Hunden und ist zu allen freundlich und gerne in Restaurants gesehen.<br \/>\nSie f\u00e4hrt gerne Auto, auch weite Strecken und so konnten wir im Sommer die Zeit in der Bretagne oder k\u00fcrzere Urlaube in den Niederlanden genie\u00dfen. Sie ist bei allem gerne dabei.<br \/>\nSie hat die erste L\u00e4ufigkeit hinter sich und ist aktuell ca 43 cm gro\u00df sind ca 8 kg schwer.<br \/>\nBeste Gr\u00fc\u00dfe<\/p>\n<p><a href=\"https:\/\/www.frohsinn-pudel.de\/wp-content\/uploads\/2025\/11\/A961C6FE-07CE-4B66-B7B2-DEC2CCC6358A.jpeg\"><img loading=\"lazy\" decoding=\"async\" class=\"alignnone size-medium wp-image-4657\" src=\"https:\/\/www.frohsinn-pudel.de\/wp-content\/uploads\/2025\/11\/A961C6FE-07CE-4B66-B7B2-DEC2CCC6358A-225x300.jpeg\" alt=\"\" width=\"225\" height=\"300\" srcset=\"https:\/\/www.frohsinn-pudel.de\/wp-content\/uploads\/2025\/11\/A961C6FE-07CE-4B66-B7B2-DEC2CCC6358A-225x300.jpeg 225w, https:\/\/www.frohsinn-pudel.de\/wp-content\/uploads\/2025\/11\/A961C6FE-07CE-4B66-B7B2-DEC2CCC6358A-768x1024.jpeg 768w, https:\/\/www.frohsinn-pudel.de\/wp-content\/uploads\/2025\/11\/A961C6FE-07CE-4B66-B7B2-DEC2CCC6358A-1152x1536.jpeg 1152w, https:\/\/www.frohsinn-pudel.de\/wp-content\/uploads\/2025\/11\/A961C6FE-07CE-4B66-B7B2-DEC2CCC6358A.jpeg 1440w\" sizes=\"auto, (max-width: 225px) 100vw, 225px\" \/><\/a> <a href=\"https:\/\/www.frohsinn-pudel.de\/wp-content\/uploads\/2025\/11\/13344B4C-0401-47A3-9BE0-D3985CD1487A.jpeg\"><img loading=\"lazy\" decoding=\"async\" class=\"alignnone size-medium wp-image-4658\" src=\"https:\/\/www.frohsinn-pudel.de\/wp-content\/uploads\/2025\/11\/13344B4C-0401-47A3-9BE0-D3985CD1487A-225x300.jpeg\" alt=\"\" width=\"225\" height=\"300\" srcset=\"https:\/\/www.frohsinn-pudel.de\/wp-content\/uploads\/2025\/11\/13344B4C-0401-47A3-9BE0-D3985CD1487A-225x300.jpeg 225w, https:\/\/www.frohsinn-pudel.de\/wp-content\/uploads\/2025\/11\/13344B4C-0401-47A3-9BE0-D3985CD1487A-768x1024.jpeg 768w, https:\/\/www.frohsinn-pudel.de\/wp-content\/uploads\/2025\/11\/13344B4C-0401-47A3-9BE0-D3985CD1487A-1152x1536.jpeg 1152w, https:\/\/www.frohsinn-pudel.de\/wp-content\/uploads\/2025\/11\/13344B4C-0401-47A3-9BE0-D3985CD1487A.jpeg 1440w\" sizes=\"auto, (max-width: 225px) 100vw, 225px\" \/><\/a><\/p>\n","protected":false},"excerpt":{"rendered":"<p>Liebe F\u00fcnfsinns, jetzt haben wir hier schon den ersten Hundegeburtstag gefeiert \u2013 im letzten Jahr um diese Zeit dachten wir [&hellip;]<\/p>\n","protected":false},"author":2,"featured_media":4652,"comment_status":"closed","ping_status":"closed","sticky":false,"template":"","format":"standard","meta":{"footnotes":""},"categories":[1],"tags":[],"class_list":["post-4651","post","type-post","status-publish","format-standard","has-post-thumbnail","hentry","category-allgemein"],"_links":{"self":[{"href":"https:\/\/www.frohsinn-pudel.de\/index.php?rest_route=\/wp\/v2\/posts\/4651","targetHints":{"allow":["GET"]}}],"collection":[{"href":"https:\/\/www.frohsinn-pudel.de\/index.php?rest_route=\/wp\/v2\/posts"}],"about":[{"href":"https:\/\/www.frohsinn-pudel.de\/index.php?rest_route=\/wp\/v2\/types\/post"}],"author":[{"embeddable":true,"href":"https:\/\/www.frohsinn-pudel.de\/index.php?rest_route=\/wp\/v2\/users\/2"}],"replies":[{"embeddable":true,"href":"https:\/\/www.frohsinn-pudel.de\/index.php?rest_route=%2Fwp%2Fv2%2Fcomments&post=4651"}],"version-history":[{"count":3,"href":"https:\/\/www.frohsinn-pudel.de\/index.php?rest_route=\/wp\/v2\/posts\/4651\/revisions"}],"predecessor-version":[{"id":4659,"href":"https:\/\/www.frohsinn-pudel.de\/index.php?rest_route=\/wp\/v2\/posts\/4651\/revisions\/4659"}],"wp:featuredmedia":[{"embeddable":true,"href":"https:\/\/www.frohsinn-pudel.de\/index.php?rest_route=\/wp\/v2\/media\/4652"}],"wp:attachment":[{"href":"https:\/\/www.frohsinn-pudel.de\/index.php?rest_route=%2Fwp%2Fv2%2Fmedia&parent=4651"}],"wp:term":[{"taxonomy":"category","embeddable":true,"href":"https:\/\/www.frohsinn-pudel.de\/index.php?rest_route=%2Fwp%2Fv2%2Fcategories&post=4651"},{"taxonomy":"post_tag","embeddable":true,"href":"https:\/\/www.frohsinn-pudel.de\/index.php?rest_route=%2Fwp%2Fv2%2Ftags&post=4651"}],"curies":[{"name":"wp","href":"https:\/\/api.w.org\/{rel}","templated":true}]}}