{"id":760,"date":"2017-02-23T19:27:01","date_gmt":"2017-02-23T18:27:01","guid":{"rendered":"http:\/\/www.frohsinn-pudel.de\/?p=760"},"modified":"2017-02-23T19:27:01","modified_gmt":"2017-02-23T18:27:01","slug":"baja-in-der-schule","status":"publish","type":"post","link":"https:\/\/www.frohsinn-pudel.de\/?p=760","title":{"rendered":"Baja in der Schule"},"content":{"rendered":"<p>Die Kinder der Pudelklassen wollten so gerne mal die &#8218;kleine&#8216; Baja kennenlernen. Sie haben Briefe an Baja geschrieben und sie gebeten, doch mal zu uns in die Schule zu kommen. Deshalb habe ich sie einfach f\u00fcr einen Tag mitgenommen.<\/p>\n<p>Anfangs ging sie etwas sch\u00fcchtern zur Schuleingangst\u00fcr hinein. Als sie aber in die Klasse kam, war ihre Sch\u00fcchternheit weg. Und auch als die Kinder nach und nach eintrudelten, hat sie neugierig an ihnen geschnuppert. Im Stuhlkreis durfte dann jedes Kind einen der drei Hunden ein Leckerchen geben.<\/p>\n<p>Die Kinder haben sich sehr vorbildlich verhalten. Sie waren ganz leise und haben Baja nur dann gestreichelt, wenn sie zu ihnen kam. Baja hat sich ganz wohl gef\u00fchlt und hat sich sogar nach einiger Zeit auf ihre Decke gelegt und geruht.<\/p>\n<p><a href=\"https:\/\/www.frohsinn-pudel.de\/wp-content\/uploads\/2017\/02\/20170203_083525.jpg\"><img loading=\"lazy\" decoding=\"async\" class=\"alignnone size-medium wp-image-761\" src=\"https:\/\/www.frohsinn-pudel.de\/wp-content\/uploads\/2017\/02\/20170203_083525-225x300.jpg\" alt=\"\" width=\"225\" height=\"300\" srcset=\"https:\/\/www.frohsinn-pudel.de\/wp-content\/uploads\/2017\/02\/20170203_083525-225x300.jpg 225w, https:\/\/www.frohsinn-pudel.de\/wp-content\/uploads\/2017\/02\/20170203_083525.jpg 1440w\" sizes=\"auto, (max-width: 225px) 100vw, 225px\" \/><\/a><a href=\"https:\/\/www.frohsinn-pudel.de\/wp-content\/uploads\/2017\/02\/IMG-20170203-WA0004.jpg\"><img loading=\"lazy\" decoding=\"async\" class=\"alignnone size-medium wp-image-762\" src=\"https:\/\/www.frohsinn-pudel.de\/wp-content\/uploads\/2017\/02\/IMG-20170203-WA0004-225x300.jpg\" alt=\"\" width=\"225\" height=\"300\" srcset=\"https:\/\/www.frohsinn-pudel.de\/wp-content\/uploads\/2017\/02\/IMG-20170203-WA0004-225x300.jpg 225w, https:\/\/www.frohsinn-pudel.de\/wp-content\/uploads\/2017\/02\/IMG-20170203-WA0004.jpg 1200w\" sizes=\"auto, (max-width: 225px) 100vw, 225px\" \/><\/a><\/p>\n<p>&nbsp;<\/p>\n<p>&nbsp;<\/p>\n","protected":false},"excerpt":{"rendered":"<p>Die Kinder der Pudelklassen wollten so gerne mal die &#8218;kleine&#8216; Baja kennenlernen. Sie haben Briefe an Baja geschrieben und sie [&hellip;]<\/p>\n","protected":false},"author":1,"featured_media":0,"comment_status":"closed","ping_status":"closed","sticky":false,"template":"","format":"standard","meta":{"footnotes":""},"categories":[1],"tags":[],"class_list":["post-760","post","type-post","status-publish","format-standard","hentry","category-allgemein"],"_links":{"self":[{"href":"https:\/\/www.frohsinn-pudel.de\/index.php?rest_route=\/wp\/v2\/posts\/760","targetHints":{"allow":["GET"]}}],"collection":[{"href":"https:\/\/www.frohsinn-pudel.de\/index.php?rest_route=\/wp\/v2\/posts"}],"about":[{"href":"https:\/\/www.frohsinn-pudel.de\/index.php?rest_route=\/wp\/v2\/types\/post"}],"author":[{"embeddable":true,"href":"https:\/\/www.frohsinn-pudel.de\/index.php?rest_route=\/wp\/v2\/users\/1"}],"replies":[{"embeddable":true,"href":"https:\/\/www.frohsinn-pudel.de\/index.php?rest_route=%2Fwp%2Fv2%2Fcomments&post=760"}],"version-history":[{"count":1,"href":"https:\/\/www.frohsinn-pudel.de\/index.php?rest_route=\/wp\/v2\/posts\/760\/revisions"}],"predecessor-version":[{"id":763,"href":"https:\/\/www.frohsinn-pudel.de\/index.php?rest_route=\/wp\/v2\/posts\/760\/revisions\/763"}],"wp:attachment":[{"href":"https:\/\/www.frohsinn-pudel.de\/index.php?rest_route=%2Fwp%2Fv2%2Fmedia&parent=760"}],"wp:term":[{"taxonomy":"category","embeddable":true,"href":"https:\/\/www.frohsinn-pudel.de\/index.php?rest_route=%2Fwp%2Fv2%2Fcategories&post=760"},{"taxonomy":"post_tag","embeddable":true,"href":"https:\/\/www.frohsinn-pudel.de\/index.php?rest_route=%2Fwp%2Fv2%2Ftags&post=760"}],"curies":[{"name":"wp","href":"https:\/\/api.w.org\/{rel}","templated":true}]}}